{"id":32494,"date":"2020-02-17T00:00:00","date_gmt":"2020-02-16T23:00:00","guid":{"rendered":"https:\/\/imagazine.it\/?p=32494"},"modified":"2020-02-17T00:00:00","modified_gmt":"2020-02-16T23:00:00","slug":"grado-taglia-mezzo-milione-di-metri-cubi-di-cemento","status":"publish","type":"post","link":"https:\/\/imagazine.it\/home_desk\/grado-taglia-mezzo-milione-di-metri-cubi-di-cemento\/","title":{"rendered":"Grado taglia mezzo milione di metri cubi di cemento"},"content":{"rendered":"<p style=\"margin-left:-.25pt;\">Il Consiglio Comunale di Grado ha adottato all&#39;unanimit\u00e0 (maggioranza e i consiglieri Lauto, Cicogna, Kovatsch) la variante generale alla componente strutturale al piano regolatore. Due anni di percorso preparatorio, gi\u00e0 approdato in Consiglio con l&#39;approvazione delle direttive prioritarie nel febbraio del 2018, che segna un cambiamento epocale per Grado e tutto il suo territorio.<\/p>\n<p style=\"margin-left:-.25pt;\">In numeri, si pu\u00f2 sintetizzare cos\u00ec: 488 mila metri cubi di cemento in meno e 2.000 posti letto in pi\u00f9.<\/p>\n<p style=\"margin-left:-.25pt;\">La variante adottata gioved\u00ec 13 febbraio dal Consiglio comunale ridisegna in maniera sostanziale le previsioni edificatorie esistenti con tagli alle volumetrie e alle altezze nelle aree di espansione e importanti modifiche nelle destinazioni d&#39;uso. Vengono infatti eliminate tutte le seconde case dalle lottizzazioni dell\u2019ambito G1 riuscendo a mantenere in quell\u2019area un appeal turistico e al contempo togliendo il consumo del territorio per la costruzione di beni che non servono alla comunit\u00e0.<\/p>\n<p style=\"margin-left:-.25pt;\">Vengono invece privilegiate alternative per uno sviluppo coerente del territorio, soprattutto nelle zone di espansione sulla citt\u00e0 &#8220;in divenire&#8221;, ovvero la zona ex Cavarera e la Sacca oltre a tutto il sistema \u201ccampeggi\u201d che si espande da Sacca a Primero.<\/p>\n<p style=\"margin-left:-.25pt;\">Le aree di espansione residenziale oggi previste dall\u2019attuale pianificazione dovranno essere ridimensionate in base all\u2019effettiva richiesta e contenere una quota parte di <strong>edilizia convenzionata<\/strong>, e in parte riconvertite in aree destinate alla <strong>ricettivit\u00e0 alberghiera <\/strong>o a una infrastrutturazione pi\u00f9 leggera come quella prevista per la <strong>ricettivit\u00e0<\/strong> <strong>all\u2019aria aperta<\/strong> con i relativi servizi.<\/p>\n<p style=\"margin-left:-.25pt;\">Vengono di fatto ridotte le seconde case, favorendo invece l\u2019edilizia convenzionata per i gradesi, riconvertendo i macrolotti con l\u2019obbligo di procedere per stralci funzionali.<\/p>\n<p>Nella attuale Valle Goppion, la zona artigianale (che diventa zona-mista) i macrolotti vengono convertiti in lotti di dimensioni pi\u00f9 contenute con la possibilit\u00e0 di realizzare anche la \u201ccasa del custode\u201d. Nell\u2019area ex Cavarera (sotto ambito 2) viene mantenuta la destinazione residenziale ma con un indice di 0,8 metri cubi e un\u2019altezza massima di 7 metri e mezzo ma che dovr\u00e0 riservare il 40% a edilizia convenzionata, ovvero <strong>case a basso costo per i gradesi<\/strong>.<\/p>\n<p><a href=\"http:\/\/imagazinevideotruck.it\/outlet\/relink.html\" target=\"_top\" rel=\"noopener\"><img loading=\"lazy\" decoding=\"async\" align=\"LEFT\" height=\"250\" src=\"http:\/\/imagazinevideotruck.it\/outlet\/outlet30.gif\" width=\"300\" alt=\"\" title=\"\"><\/a><\/p>\n<p style=\"margin-left:-.25pt;\">\u00a0<\/p>\n<p style=\"margin-left:-.25pt;\">\u00a0<\/p>\n<p style=\"margin-left:-.25pt;\">\u00a0<\/p>\n<p style=\"margin-left:-.25pt;\">\u00a0<\/p>\n<p style=\"margin-left:-.25pt;\">\u00a0<\/p>\n<p style=\"margin-left:-.25pt;\">\u00a0<\/p>\n<p style=\"margin-left:-.25pt;\">\u00a0<\/p>\n<p style=\"margin-left:-.25pt;\">\u00a0<\/p>\n<p style=\"margin-left:-.25pt;\">\u00a0<\/p>\n<p style=\"margin-left:-.25pt;\">Invece nell\u2019area ex Cavarera (sotto ambito 3, parte dell\u2019ex Zamparini city) sono vietate la residenza e la residenza turistica.<\/p>\n<p style=\"margin-left:-.25pt;\">Nell\u2019ex comparto A della Sacca, la cos\u00ec detta \u201carea Baffi\u201d, l\u2019indice viene ridotto da 2,82 metri cubi per metro quadro a 1,5.<\/p>\n<p style=\"margin-left:-.25pt;\">L\u2019ex comparto B della Sacca (Grado 3) viene completamente rivista, in termini di funzioni e parametri, passando da un indice di 1,04 a 0,4 metri cubi per metro quadro mentre la volumetria \u00e8 ridotta da 267.490 a 103.404 mc e viene eliminata completamente la destinazione residenziale, valorizzando invece quella ricettiva, direzionale, sanitaria, ricerca tecnico-scientifica, commerciale al dettaglio e verde. \u00c8 prevista inoltre la rifunzionalizzazione dell\u2019ex Strada della Rotta.<\/p>\n<p style=\"margin-left:-.25pt;\">Lo spazio agricolo a est della Cavarera, ovvero la parte pi\u00f9 estesa dell\u2019ex Zamparni city, viene riclassificato come agriparco, incardinato sul turismo esperienziale, produzione agricola specializzata, ricettivit\u00e0 diffusa, fattorie didattiche e ristorazione, riducendo l\u2019attuale indice da 0,8 a 0,03 metri cubi per metro quadro.<\/p>\n<p>Ora si aprir\u00e0 il confronto con tutti gli enti coinvolti per poter arrivare all&#39;approvazione definitiva della variante.<\/p>\n","protected":false},"excerpt":{"rendered":"<p>Decisione del Consiglio comunale<\/p>\n","protected":false},"author":28,"featured_media":32495,"comment_status":"closed","ping_status":"closed","sticky":false,"template":"","format":"standard","meta":{"dwc-title":[],"dwc-content":[],"footnotes":""},"categories":[5],"tags":[],"class_list":["post-32494","post","type-post","status-publish","format-standard","has-post-thumbnail","hentry","category-attualita"],"rttpg_featured_image_url":{"full":["https:\/\/imagazine.it\/wp-content\/uploads\/2024\/01\/32867-1.webp",750,500,false],"landscape":["https:\/\/imagazine.it\/wp-content\/uploads\/2024\/01\/32867-1.webp",750,500,false],"portraits":["https:\/\/imagazine.it\/wp-content\/uploads\/2024\/01\/32867-1.webp",750,500,false],"thumbnail":["https:\/\/imagazine.it\/wp-content\/uploads\/2024\/01\/32867-1-150x150.webp",150,150,true],"medium":["https:\/\/imagazine.it\/wp-content\/uploads\/2024\/01\/32867-1-300x200.webp",300,200,true],"large":["https:\/\/imagazine.it\/wp-content\/uploads\/2024\/01\/32867-1.webp",640,427,false],"thumblist":["https:\/\/imagazine.it\/wp-content\/uploads\/2024\/01\/32867-1.webp",300,200,false],"thumbrelated":["https:\/\/imagazine.it\/wp-content\/uploads\/2024\/01\/32867-1.webp",500,333,false],"meccarouselthumb":["https:\/\/imagazine.it\/wp-content\/uploads\/2024\/01\/32867-1.webp",474,316,false],"gridsquare":["https:\/\/imagazine.it\/wp-content\/uploads\/2024\/01\/32867-1.webp",391,260,false],"tileview":["https:\/\/imagazine.it\/wp-content\/uploads\/2024\/01\/32867-1.webp",300,200,false],"1536x1536":["https:\/\/imagazine.it\/wp-content\/uploads\/2024\/01\/32867-1.webp",750,500,false],"2048x2048":["https:\/\/imagazine.it\/wp-content\/uploads\/2024\/01\/32867-1.webp",750,500,false],"newsup-slider-full":["https:\/\/imagazine.it\/wp-content\/uploads\/2024\/01\/32867-1.webp",750,500,false],"newsup-featured":["https:\/\/imagazine.it\/wp-content\/uploads\/2024\/01\/32867-1.webp",750,500,false],"newsup-medium":["https:\/\/imagazine.it\/wp-content\/uploads\/2024\/01\/32867-1-720x380.webp",720,380,true],"tptn_thumbnail":["https:\/\/imagazine.it\/wp-content\/uploads\/2024\/01\/32867-1.webp",250,167,false],"sow-carousel-default":["https:\/\/imagazine.it\/wp-content\/uploads\/2024\/01\/32867-1-272x182.webp",272,182,true]},"rttpg_author":{"display_name":"redazione","author_link":"https:\/\/imagazine.it\/home_desk\/author\/redazione\/"},"rttpg_comment":0,"rttpg_category":"<a href=\"https:\/\/imagazine.it\/home_desk\/category\/attualita\/\" rel=\"category tag\">ATTUALIT\u00c0<\/a>","rttpg_excerpt":"Decisione del Consiglio comunale","_links":{"self":[{"href":"https:\/\/imagazine.it\/home_desk\/wp-json\/wp\/v2\/posts\/32494","targetHints":{"allow":["GET"]}}],"collection":[{"href":"https:\/\/imagazine.it\/home_desk\/wp-json\/wp\/v2\/posts"}],"about":[{"href":"https:\/\/imagazine.it\/home_desk\/wp-json\/wp\/v2\/types\/post"}],"author":[{"embeddable":true,"href":"https:\/\/imagazine.it\/home_desk\/wp-json\/wp\/v2\/users\/28"}],"replies":[{"embeddable":true,"href":"https:\/\/imagazine.it\/home_desk\/wp-json\/wp\/v2\/comments?post=32494"}],"version-history":[{"count":0,"href":"https:\/\/imagazine.it\/home_desk\/wp-json\/wp\/v2\/posts\/32494\/revisions"}],"wp:featuredmedia":[{"embeddable":true,"href":"https:\/\/imagazine.it\/home_desk\/wp-json\/wp\/v2\/media\/32495"}],"wp:attachment":[{"href":"https:\/\/imagazine.it\/home_desk\/wp-json\/wp\/v2\/media?parent=32494"}],"wp:term":[{"taxonomy":"category","embeddable":true,"href":"https:\/\/imagazine.it\/home_desk\/wp-json\/wp\/v2\/categories?post=32494"},{"taxonomy":"post_tag","embeddable":true,"href":"https:\/\/imagazine.it\/home_desk\/wp-json\/wp\/v2\/tags?post=32494"}],"curies":[{"name":"wp","href":"https:\/\/api.w.org\/{rel}","templated":true}]}}