{"id":32478,"date":"2020-02-13T00:00:00","date_gmt":"2020-02-12T23:00:00","guid":{"rendered":"https:\/\/imagazine.it\/?p=32478"},"modified":"2020-02-13T00:00:00","modified_gmt":"2020-02-12T23:00:00","slug":"udinese-calcio-si-associa-a-confindustria-udine","status":"publish","type":"post","link":"https:\/\/imagazine.it\/home_desk\/udinese-calcio-si-associa-a-confindustria-udine\/","title":{"rendered":"Udinese Calcio si associa a Confindustria Udine"},"content":{"rendered":"<p>Udinese Calcio Spa si associa a Confindustria Udine. La firma ufficiale dell\u2019adesione \u00e8 avvenuta oggi nella sede della societ\u00e0, alla presenza della presidente dell\u2019Associazione degli Industriali della provincia di Udine <strong>Anna Mareschi Danieli<\/strong>, del direttore generale <strong>Michele Nencioni<\/strong> e del direttore generale di Udinese Calcio <strong>Franco Collavino<\/strong>.<\/p>\n<p>\u201cConfindustria Udine \u2013 ha affermato <strong>Anna Mareschi Danieli<\/strong> \u2013 \u00e8 molto contenta di accogliere tra i propri associati l\u2019Udinese Calcio. La societ\u00e0, grazie alla lungimiranza e alla capacit\u00e0 imprenditoriale della famiglia Pozzo, \u00e8 non soltanto un\u2019impresa rilevante del territorio, ma anche ambasciatrice del Friuli a livello internazionale e una vera e propria bandiera alla quale i friulani sono molto legati\u201d.<\/p>\n<p>&#8220;Questo \u00e8 un giorno importante \u2013 ha dichiarato il direttore generale di Udinese Calcio <strong>Franco Collavino<\/strong> \u2013 che certifica, una volta di pi\u00f9, il prestigio e la solidit\u00e0 della nostra societ\u00e0. Entrare a far parte di Confindustria\u00a0Udine ci riempie di orgoglio e d\u00e0 l&#39;esatta dimensione della rilevanza che rivestiamo nel panorama calcistico e\u00a0aziendale\u00a0a livello nazionale e, naturalmente, territoriale. Questo accordo, infatti, esalta ulteriormente il legame intrinseco con il nostro territorio e con il\u00a0tessuto imprenditoriale locale di cui siamo espressione nonch\u00e9\u00a0ambasciatori in tutto il mondo. Ringrazio, pertanto, la presidente\u00a0\u200bAnna Mareschi Danieli e il direttore generale di Confindustria Udine Michele Nencioni per il raggiungimento di questo importante traguardo che ci proietta nel futuro, dimostrando come Udinese Calcio abbia una vision avanguardista che, per\u00f2, al tempo stesso, non perde mai di vista il legame con le proprie radici. Questo momento, infatti, conferisce ulteriore slancio al brand Udinese, autentico punto di riferimento nell&#39;ambito delle locali realt\u00e0 imprenditoriali e incoragger\u00e0 ulteriormente, nell&#39;ottica di un costante sviluppo, le nostre relazioni commerciali e imprenditoriali&#8221;.\u00a0<\/p>\n<p>La presidente Mareschi Danieli ha sottolineato come il calcio, \u201coltre che tanta passione, \u00e8 capace di produrre anche un volume d\u2019affari record e un impatto socio-economico significativo\u201d. \u201cBasti pensare \u2013 ha ricordato \u2013 che nel 2018 il fatturato dello sport nel nostro Paese ha sfiorato i tre miliardi di euro, soltanto per i ricavi da botteghino (fonte SIAE). \u00c8 l\u2019attivit\u00e0 pi\u00f9 seguita dagli italiani, visto che occupa il 42,9% dell\u2019intero volume d\u2019affari delle attivit\u00e0 ricreative. In questo settore, il calcio fa la parte del leone, totalizzando oltre l\u201980% dei ricavi generati dallo sport, pari a un volume d\u2019affari di 2 miliardi e 400 mila euro circa\u201d.<\/p>\n","protected":false},"excerpt":{"rendered":"<p>Siglato oggi l&#8217;accordo<\/p>\n","protected":false},"author":28,"featured_media":32479,"comment_status":"closed","ping_status":"closed","sticky":false,"template":"","format":"standard","meta":{"dwc-title":[],"dwc-content":[],"footnotes":""},"categories":[5],"tags":[],"class_list":["post-32478","post","type-post","status-publish","format-standard","has-post-thumbnail","hentry","category-attualita"],"rttpg_featured_image_url":{"full":["https:\/\/imagazine.it\/wp-content\/uploads\/2024\/01\/32837-1.webp",750,500,false],"landscape":["https:\/\/imagazine.it\/wp-content\/uploads\/2024\/01\/32837-1.webp",750,500,false],"portraits":["https:\/\/imagazine.it\/wp-content\/uploads\/2024\/01\/32837-1.webp",750,500,false],"thumbnail":["https:\/\/imagazine.it\/wp-content\/uploads\/2024\/01\/32837-1-150x150.webp",150,150,true],"medium":["https:\/\/imagazine.it\/wp-content\/uploads\/2024\/01\/32837-1-300x200.webp",300,200,true],"large":["https:\/\/imagazine.it\/wp-content\/uploads\/2024\/01\/32837-1.webp",640,427,false],"thumblist":["https:\/\/imagazine.it\/wp-content\/uploads\/2024\/01\/32837-1.webp",300,200,false],"thumbrelated":["https:\/\/imagazine.it\/wp-content\/uploads\/2024\/01\/32837-1.webp",500,333,false],"meccarouselthumb":["https:\/\/imagazine.it\/wp-content\/uploads\/2024\/01\/32837-1.webp",474,316,false],"gridsquare":["https:\/\/imagazine.it\/wp-content\/uploads\/2024\/01\/32837-1.webp",391,260,false],"tileview":["https:\/\/imagazine.it\/wp-content\/uploads\/2024\/01\/32837-1.webp",300,200,false],"1536x1536":["https:\/\/imagazine.it\/wp-content\/uploads\/2024\/01\/32837-1.webp",750,500,false],"2048x2048":["https:\/\/imagazine.it\/wp-content\/uploads\/2024\/01\/32837-1.webp",750,500,false],"newsup-slider-full":["https:\/\/imagazine.it\/wp-content\/uploads\/2024\/01\/32837-1.webp",750,500,false],"newsup-featured":["https:\/\/imagazine.it\/wp-content\/uploads\/2024\/01\/32837-1.webp",750,500,false],"newsup-medium":["https:\/\/imagazine.it\/wp-content\/uploads\/2024\/01\/32837-1-720x380.webp",720,380,true],"tptn_thumbnail":["https:\/\/imagazine.it\/wp-content\/uploads\/2024\/01\/32837-1.webp",250,167,false],"sow-carousel-default":["https:\/\/imagazine.it\/wp-content\/uploads\/2024\/01\/32837-1-272x182.webp",272,182,true]},"rttpg_author":{"display_name":"redazione","author_link":"https:\/\/imagazine.it\/home_desk\/author\/redazione\/"},"rttpg_comment":0,"rttpg_category":"<a href=\"https:\/\/imagazine.it\/home_desk\/category\/attualita\/\" rel=\"category tag\">ATTUALIT\u00c0<\/a>","rttpg_excerpt":"Siglato oggi l'accordo","_links":{"self":[{"href":"https:\/\/imagazine.it\/home_desk\/wp-json\/wp\/v2\/posts\/32478","targetHints":{"allow":["GET"]}}],"collection":[{"href":"https:\/\/imagazine.it\/home_desk\/wp-json\/wp\/v2\/posts"}],"about":[{"href":"https:\/\/imagazine.it\/home_desk\/wp-json\/wp\/v2\/types\/post"}],"author":[{"embeddable":true,"href":"https:\/\/imagazine.it\/home_desk\/wp-json\/wp\/v2\/users\/28"}],"replies":[{"embeddable":true,"href":"https:\/\/imagazine.it\/home_desk\/wp-json\/wp\/v2\/comments?post=32478"}],"version-history":[{"count":0,"href":"https:\/\/imagazine.it\/home_desk\/wp-json\/wp\/v2\/posts\/32478\/revisions"}],"wp:featuredmedia":[{"embeddable":true,"href":"https:\/\/imagazine.it\/home_desk\/wp-json\/wp\/v2\/media\/32479"}],"wp:attachment":[{"href":"https:\/\/imagazine.it\/home_desk\/wp-json\/wp\/v2\/media?parent=32478"}],"wp:term":[{"taxonomy":"category","embeddable":true,"href":"https:\/\/imagazine.it\/home_desk\/wp-json\/wp\/v2\/categories?post=32478"},{"taxonomy":"post_tag","embeddable":true,"href":"https:\/\/imagazine.it\/home_desk\/wp-json\/wp\/v2\/tags?post=32478"}],"curies":[{"name":"wp","href":"https:\/\/api.w.org\/{rel}","templated":true}]}}