{"id":32454,"date":"2020-02-10T00:00:00","date_gmt":"2020-02-09T23:00:00","guid":{"rendered":"https:\/\/imagazine.it\/?p=32454"},"modified":"2020-02-10T00:00:00","modified_gmt":"2020-02-09T23:00:00","slug":"corso-per-presepisti-iscrizioni-esaurite","status":"publish","type":"post","link":"https:\/\/imagazine.it\/home_desk\/corso-per-presepisti-iscrizioni-esaurite\/","title":{"rendered":"Corso per presepisti, iscrizioni esaurite"},"content":{"rendered":"<p>\u00c8 partito al completo il primo di febbraio il secondo Corso regionale di tecnica presepistica base per la realizzazione di un presepe in stile palestinese, a Villa Manin, nella sede della Pro Loco di Passariano.<\/p>\n<p>Sono dodici i corsisti che stanno frequentando il corso, numero massimo di iscritti previsto. Il corso \u00e8 tenuto dal maestro udinese <strong>Claudio De Lucchi<\/strong>, membro del gruppo Presepisti Friulani ed \u00e8 organizzato dal Comitato regionale del Friuli Venezia Giulia dell\u2019Unione nazionale Pro loco d\u2019Italia con il sostegno della Fondazione Friuli che ha coperto le spese per ogni partecipante.<\/p>\n<p>\u201cSiamo davvero felici di vedere una cos\u00ec alta partecipazione al corso &#8211; ha dichiarato il presidente delle Pro loco regionali, <strong>Valter Pezzarini<\/strong> -, incentrato su una delle testimonianze di fede e tradizione pi\u00f9 care alle famiglie. Le richieste di iscrizione sono state addirittura superiori alle aspettative (20 domande per 12 posti disponibili) tanto \u00e8 che \u00e8 gi\u00e0 stata messa a cartellone una terza edizione del corso che si effettuer\u00e0 tra settembre e ottobre 2020, per il quale ci sono gi\u00e0 diverse prenotazioni\u201d.<\/p>\n<p>Il presidente ha poi anticipato che a giugno 2020 seguir\u00e0 il primo corso di tecnica per la realizzazione degli elementi vegetali all&#39;interno dell&#39;ambientazione presepiale. \u201cCrediamo sia molto importante &#8211; ha concluso &#8211; tramandare le tradizioni, come quella bellissima del presepe. E ci fa davvero piacere constatare che alcune giovani leve si approcciano a questa forma d&#39;arte. Rappresentano per noi la speranza che l\u2019arte presepiale possa protrarsi nel tempo. Il nostro grazie va anche alla Fondazione Friuli e al presidente Giuseppe Morandini per essere ancora una volta al nostro fianco in un&#39;iniziativa cos\u00ec importante\u201d.<\/p>\n<p>Tra le novit\u00e0 di questa edizione, la divisa da maestri presepisti che \u00e8 stata consegnata a tutti gli iscritti al corso, ovvero il grembiule con il logo del gruppo Presepisti Friulani. Le lezioni proseguiranno sino al 28 marzo.<\/p>\n<p><a href=\"http:\/\/imagazinevideotruck.it\/outlet\/relink.html\" target=\"_top\" rel=\"noopener\"><img loading=\"lazy\" decoding=\"async\" align=\"LEFT\" height=\"250\" src=\"http:\/\/imagazinevideotruck.it\/outlet\/outlet30.gif\" width=\"300\" alt=\"\" title=\"\"><\/a><\/p>\n<p>\u00a0<\/p>\n<p>\u00a0<\/p>\n<p>\u00a0<\/p>\n<p>\u00a0<\/p>\n<p>\u00a0<\/p>\n<p>\u00a0<\/p>\n<p>\u00a0<\/p>\n<p>\u00a0<\/p>\n<p>\u00a0<\/p>\n<p>Info:\u00a0<a href=\"mailto:eventi@prolocoregionefvg.it\" target=\"_blank\" rel=\"noopener\">eventi@prolocoregionefvg.it<\/a>\u00a0\/ 0432 900908.<\/p>\n","protected":false},"excerpt":{"rendered":"<p>Lezioni fino a marzo<\/p>\n","protected":false},"author":28,"featured_media":32455,"comment_status":"closed","ping_status":"closed","sticky":false,"template":"","format":"standard","meta":{"dwc-title":[],"dwc-content":[],"footnotes":""},"categories":[5],"tags":[],"class_list":["post-32454","post","type-post","status-publish","format-standard","has-post-thumbnail","hentry","category-attualita"],"rttpg_featured_image_url":{"full":["https:\/\/imagazine.it\/wp-content\/uploads\/2024\/01\/32755-1.webp",750,500,false],"landscape":["https:\/\/imagazine.it\/wp-content\/uploads\/2024\/01\/32755-1.webp",750,500,false],"portraits":["https:\/\/imagazine.it\/wp-content\/uploads\/2024\/01\/32755-1.webp",750,500,false],"thumbnail":["https:\/\/imagazine.it\/wp-content\/uploads\/2024\/01\/32755-1-150x150.webp",150,150,true],"medium":["https:\/\/imagazine.it\/wp-content\/uploads\/2024\/01\/32755-1-300x200.webp",300,200,true],"large":["https:\/\/imagazine.it\/wp-content\/uploads\/2024\/01\/32755-1.webp",640,427,false],"thumblist":["https:\/\/imagazine.it\/wp-content\/uploads\/2024\/01\/32755-1.webp",300,200,false],"thumbrelated":["https:\/\/imagazine.it\/wp-content\/uploads\/2024\/01\/32755-1.webp",500,333,false],"meccarouselthumb":["https:\/\/imagazine.it\/wp-content\/uploads\/2024\/01\/32755-1.webp",474,316,false],"gridsquare":["https:\/\/imagazine.it\/wp-content\/uploads\/2024\/01\/32755-1.webp",391,260,false],"tileview":["https:\/\/imagazine.it\/wp-content\/uploads\/2024\/01\/32755-1.webp",300,200,false],"1536x1536":["https:\/\/imagazine.it\/wp-content\/uploads\/2024\/01\/32755-1.webp",750,500,false],"2048x2048":["https:\/\/imagazine.it\/wp-content\/uploads\/2024\/01\/32755-1.webp",750,500,false],"newsup-slider-full":["https:\/\/imagazine.it\/wp-content\/uploads\/2024\/01\/32755-1.webp",750,500,false],"newsup-featured":["https:\/\/imagazine.it\/wp-content\/uploads\/2024\/01\/32755-1.webp",750,500,false],"newsup-medium":["https:\/\/imagazine.it\/wp-content\/uploads\/2024\/01\/32755-1-720x380.webp",720,380,true],"tptn_thumbnail":["https:\/\/imagazine.it\/wp-content\/uploads\/2024\/01\/32755-1.webp",250,167,false],"sow-carousel-default":["https:\/\/imagazine.it\/wp-content\/uploads\/2024\/01\/32755-1-272x182.webp",272,182,true]},"rttpg_author":{"display_name":"redazione","author_link":"https:\/\/imagazine.it\/home_desk\/author\/redazione\/"},"rttpg_comment":0,"rttpg_category":"<a href=\"https:\/\/imagazine.it\/home_desk\/category\/attualita\/\" rel=\"category tag\">ATTUALIT\u00c0<\/a>","rttpg_excerpt":"Lezioni fino a marzo","_links":{"self":[{"href":"https:\/\/imagazine.it\/home_desk\/wp-json\/wp\/v2\/posts\/32454","targetHints":{"allow":["GET"]}}],"collection":[{"href":"https:\/\/imagazine.it\/home_desk\/wp-json\/wp\/v2\/posts"}],"about":[{"href":"https:\/\/imagazine.it\/home_desk\/wp-json\/wp\/v2\/types\/post"}],"author":[{"embeddable":true,"href":"https:\/\/imagazine.it\/home_desk\/wp-json\/wp\/v2\/users\/28"}],"replies":[{"embeddable":true,"href":"https:\/\/imagazine.it\/home_desk\/wp-json\/wp\/v2\/comments?post=32454"}],"version-history":[{"count":0,"href":"https:\/\/imagazine.it\/home_desk\/wp-json\/wp\/v2\/posts\/32454\/revisions"}],"wp:featuredmedia":[{"embeddable":true,"href":"https:\/\/imagazine.it\/home_desk\/wp-json\/wp\/v2\/media\/32455"}],"wp:attachment":[{"href":"https:\/\/imagazine.it\/home_desk\/wp-json\/wp\/v2\/media?parent=32454"}],"wp:term":[{"taxonomy":"category","embeddable":true,"href":"https:\/\/imagazine.it\/home_desk\/wp-json\/wp\/v2\/categories?post=32454"},{"taxonomy":"post_tag","embeddable":true,"href":"https:\/\/imagazine.it\/home_desk\/wp-json\/wp\/v2\/tags?post=32454"}],"curies":[{"name":"wp","href":"https:\/\/api.w.org\/{rel}","templated":true}]}}