{"id":32442,"date":"2020-02-07T00:00:00","date_gmt":"2020-02-06T23:00:00","guid":{"rendered":"https:\/\/imagazine.it\/?p=32442"},"modified":"2020-02-07T00:00:00","modified_gmt":"2020-02-06T23:00:00","slug":"lavorare-con-la-lingua-friulana-primo-corso-di-formazione","status":"publish","type":"post","link":"https:\/\/imagazine.it\/home_desk\/lavorare-con-la-lingua-friulana-primo-corso-di-formazione\/","title":{"rendered":"Lavorare con la lingua friulana, primo corso di formazione"},"content":{"rendered":"<p><strong>Iscrizioni aperte fino al 28 febbraio <\/strong>per partecipare al <strong>corso <\/strong>\u201c<strong>Tecniche di promozione linguistica e culturale friulana<\/strong>\u201d <strong>dell\u2019Ires Fvg Impresa Sociale<\/strong>, di 240 ore, in partenza da marzo presso la sede di Udine per favorire l\u2019occupabilit\u00e0 di quanti vogliono operare nel settore della promozione culturale e linguistica friulana.<\/p>\n<p><strong>L\u2019opportunit\u00e0 formativa nasce dal confronto con ARLeF, ideatore nonch\u00e9 partner del progetto<\/strong>, sulla necessit\u00e0 di formare una<strong> figura professionale<\/strong> in grado di <strong>utilizzare gli strumenti linguistici, di marketing e comunicazione<\/strong> <strong>per valorizzare, attraverso la realizzazione di eventi culturali, il patrimonio linguistico friulano<\/strong>. Una nuova figura a disposizione degli enti di riferimento del settore i quali, a volte, si trovano in difficolt\u00e0 nell\u2019incontrare e inserire nuove risorse umane in grado di dare concreta attuazione alle politiche linguistiche friulane. Il progetto, pertanto, pu\u00f2 risultare loro di sicuro aiuto.<\/p>\n<p>\u00ab<em>\u00c8 la prima volta che prende corpo un percorso formativo di questo tipo \u2013 <\/em>spiega <strong>Eros Cisilino<\/strong>, presidente dell\u2019ARLeF <em>\u2013<\/em>. <em>Un modo nuovo per sottolineare ancora una volta che la buona conoscenza della propria lingua madre non \u00e8 solo identit\u00e0 e cultura, ma pu\u00f2 pure rappresentare occupazione lavorativa, creativit\u00e0 ed economia. Uno dei tanti modi, sempre pi\u00f9 concreti che l\u2019Agenzia sta mettendo in cantiere per mantenere vivo e vitale il patrimonio linguistico friulano con la sua specificit\u00e0<\/em>\u00bb.<\/p>\n<p>\u00ab<em>Il corso si inserisce nell\u2019ambito del Programma Specifico 64\/2018 del Por Fse Fvg 2014\/2020 che offre una concreta opportunit\u00e0 di aggiornamento e specializzazione per quanti possiedono un titolo di studio in ambito culturale o artistico e fanno pi\u00f9 fatica a inserirsi o reinserirsi in un contesto lavorativo pertinente<\/em> <em>\u2013<\/em> afferma il presidente di Ires Fvg Impesa Sociale, <strong>Maurizio Canciani<\/strong> <em>\u2013<\/em>. <em>La natura altamente professionalizzante del corso e la possibilit\u00e0 per i 12 partecipanti di attivare, al termine, un tirocinio fino a 6 mesi presso uno dei partner di riferimento per il settore, risultano essere un\u2019ottima opportunit\u00e0 per trovare un\u2019occupazione coerente e adeguata al titolo di studio posseduto. Inoltre, buona parte del corso sar\u00e0 dedicata all\u2019acquisizione delle competenze tecniche necessarie a sensibilizzare e promuovere l\u2019uso della lingua friulana sul territorio attraverso gli strumenti del marketing tradizionale, ma anche di quello digitale e web<\/em>\u00bb.<\/p>\n<p>\u00ab<em>Questa iniziativa ideata dall\u2019ARLeF in collaborazione con Ires, \u00e8 fondamentale<\/em> \u2013 sottolinea <strong>l\u2019assessore regionale alle Autonomie locali, Pierpaolo Roberti<\/strong> \u2013. <em>La lingua friulana deve uscire dalla nicchia degli addetti ai lavori e diventare anche strumento di nuova occupazione. L\u2019Agenzia sta lavorando bene su questo e molti altri fronti e la Regione le \u00e8 vicina anche garantendo le adeguate risorse economiche necessarie alle sue necessit\u00e0 di una programmazione delle attivit\u00e0 almeno triennale<\/em>\u00bb.<\/p>\n<p>Al progetto aderiscono, in qualit\u00e0 di partner, i principali attori ed enti per la promozione e tutela della lingua friulana. Oltre ad ARLeF, hanno gi\u00e0 dato disponibilit\u00e0 per ospitare in tirocinio gli allievi del corso: Cirf Centro Interdipartimentale per lo sviluppo della lingua e della cultura friulana dell\u2019Universit\u00e0 di Udine, il Teatri Stabil Furlan, Radio Onde Furlane, Calt e i Comuni di Udine, Tavagnacco, Ragogna, Campoformido e Valvasone Arzene. Inoltre, collaboreranno all\u2019iniziativa anche la Societ\u00e0 Filologica Friulana e il Comune di Martignacco.<\/p>\n<p>Il corso, completamente gratuito in quanto\u00a0cofinanziato dal Fondo sociale europeo, si rivolge a persone disoccupate residenti o domiciliate in Fvg in possesso di uno dei titoli di studio in ambito umanistico, culturale e artistico indicati nell\u2019Avviso di candidatura e consultabili anche online sul sito dell\u2019Ires Fvg. Inoltre, sar\u00e0 preferenziale la conoscenza, almeno base, della lingua friulana parlata e un interesse verso l\u2019ambito di riferimento del corso. Al termine del percorso, agli allievi verr\u00e0 rilasciato un attestato di frequenza e ci sar\u00e0 la possibilit\u00e0 di attivare i tirocini presso uno dei partner di progetto.<\/p>\n<p><strong>Per info e iscrizioni: Ires Fvg, tel. 0432 505479, <\/strong><a href=\"mailto:%20info@iresfvg.org\" title=\"mailto: info@iresfvg.org\"><strong>info@iresfvg.org<\/strong><\/a> <u><a href=\"http:\/\/www.iresfvg.org\/\" target=\"_blank\" title=\"www.iresfvg.org\" rel=\"noopener\"><strong>www.iresfvg.org<\/strong><\/a><\/u><\/p>\n","protected":false},"excerpt":{"rendered":"<p>Iscrizioni aperte fino al 28 febbraio<\/p>\n","protected":false},"author":28,"featured_media":32443,"comment_status":"closed","ping_status":"closed","sticky":false,"template":"","format":"standard","meta":{"dwc-title":[],"dwc-content":[],"footnotes":""},"categories":[5],"tags":[],"class_list":["post-32442","post","type-post","status-publish","format-standard","has-post-thumbnail","hentry","category-attualita"],"rttpg_featured_image_url":{"full":["https:\/\/imagazine.it\/wp-content\/uploads\/2024\/01\/32723-1.webp",750,532,false],"landscape":["https:\/\/imagazine.it\/wp-content\/uploads\/2024\/01\/32723-1.webp",750,532,false],"portraits":["https:\/\/imagazine.it\/wp-content\/uploads\/2024\/01\/32723-1.webp",750,532,false],"thumbnail":["https:\/\/imagazine.it\/wp-content\/uploads\/2024\/01\/32723-1-150x150.webp",150,150,true],"medium":["https:\/\/imagazine.it\/wp-content\/uploads\/2024\/01\/32723-1-300x213.webp",300,213,true],"large":["https:\/\/imagazine.it\/wp-content\/uploads\/2024\/01\/32723-1.webp",640,454,false],"thumblist":["https:\/\/imagazine.it\/wp-content\/uploads\/2024\/01\/32723-1.webp",300,213,false],"thumbrelated":["https:\/\/imagazine.it\/wp-content\/uploads\/2024\/01\/32723-1.webp",500,355,false],"meccarouselthumb":["https:\/\/imagazine.it\/wp-content\/uploads\/2024\/01\/32723-1.webp",457,324,false],"gridsquare":["https:\/\/imagazine.it\/wp-content\/uploads\/2024\/01\/32723-1.webp",367,260,false],"tileview":["https:\/\/imagazine.it\/wp-content\/uploads\/2024\/01\/32723-1.webp",300,213,false],"1536x1536":["https:\/\/imagazine.it\/wp-content\/uploads\/2024\/01\/32723-1.webp",750,532,false],"2048x2048":["https:\/\/imagazine.it\/wp-content\/uploads\/2024\/01\/32723-1.webp",750,532,false],"newsup-slider-full":["https:\/\/imagazine.it\/wp-content\/uploads\/2024\/01\/32723-1.webp",750,532,false],"newsup-featured":["https:\/\/imagazine.it\/wp-content\/uploads\/2024\/01\/32723-1.webp",750,532,false],"newsup-medium":["https:\/\/imagazine.it\/wp-content\/uploads\/2024\/01\/32723-1-720x380.webp",720,380,true],"tptn_thumbnail":["https:\/\/imagazine.it\/wp-content\/uploads\/2024\/01\/32723-1.webp",250,177,false],"sow-carousel-default":["https:\/\/imagazine.it\/wp-content\/uploads\/2024\/01\/32723-1-272x182.webp",272,182,true]},"rttpg_author":{"display_name":"redazione","author_link":"https:\/\/imagazine.it\/home_desk\/author\/redazione\/"},"rttpg_comment":0,"rttpg_category":"<a href=\"https:\/\/imagazine.it\/home_desk\/category\/attualita\/\" rel=\"category tag\">ATTUALIT\u00c0<\/a>","rttpg_excerpt":"Iscrizioni aperte fino al 28 febbraio","_links":{"self":[{"href":"https:\/\/imagazine.it\/home_desk\/wp-json\/wp\/v2\/posts\/32442","targetHints":{"allow":["GET"]}}],"collection":[{"href":"https:\/\/imagazine.it\/home_desk\/wp-json\/wp\/v2\/posts"}],"about":[{"href":"https:\/\/imagazine.it\/home_desk\/wp-json\/wp\/v2\/types\/post"}],"author":[{"embeddable":true,"href":"https:\/\/imagazine.it\/home_desk\/wp-json\/wp\/v2\/users\/28"}],"replies":[{"embeddable":true,"href":"https:\/\/imagazine.it\/home_desk\/wp-json\/wp\/v2\/comments?post=32442"}],"version-history":[{"count":0,"href":"https:\/\/imagazine.it\/home_desk\/wp-json\/wp\/v2\/posts\/32442\/revisions"}],"wp:featuredmedia":[{"embeddable":true,"href":"https:\/\/imagazine.it\/home_desk\/wp-json\/wp\/v2\/media\/32443"}],"wp:attachment":[{"href":"https:\/\/imagazine.it\/home_desk\/wp-json\/wp\/v2\/media?parent=32442"}],"wp:term":[{"taxonomy":"category","embeddable":true,"href":"https:\/\/imagazine.it\/home_desk\/wp-json\/wp\/v2\/categories?post=32442"},{"taxonomy":"post_tag","embeddable":true,"href":"https:\/\/imagazine.it\/home_desk\/wp-json\/wp\/v2\/tags?post=32442"}],"curies":[{"name":"wp","href":"https:\/\/api.w.org\/{rel}","templated":true}]}}