{"id":32426,"date":"2020-02-04T00:00:00","date_gmt":"2020-02-03T23:00:00","guid":{"rendered":"https:\/\/imagazine.it\/?p=32426"},"modified":"2020-02-04T00:00:00","modified_gmt":"2020-02-03T23:00:00","slug":"caffe-solidale-donazioni-a-quattro-onlus","status":"publish","type":"post","link":"https:\/\/imagazine.it\/home_desk\/caffe-solidale-donazioni-a-quattro-onlus\/","title":{"rendered":"Caff\u00e8 solidale, donazioni a quattro onlus"},"content":{"rendered":"<p>Sono stati consegnati nella sede della CDA a Talmassons i <strong>proventi della raccolta del progetto di fundraising \u201cCaff\u00e8 Solidale\u201d promosso da CDA Cattelan Distributori Automatici<\/strong>. Beneficiarie quattro onlus del Friuli Venezia Giulia impegnate per supportare bambini e giovani affetti da malattie oncologiche o altri gravi patologie. Sono \u201c<strong>Il sorriso di Giulia<\/strong>\u201d di Palazzolo del Friuli, la sezione regionale di \u201c<strong>ORSA Organizzazione Sindrome di Angelman<\/strong>\u201d, il Comitato <strong>\u201cAmici di Federico<\/strong>\u201d di Villa Vicentina e la \u201c<strong>La casa di Joy<\/strong>\u201d di Udine.<\/p>\n<p>Nel 2019 le adesioni al progetto, che si realizza per il quarto anno consecutivo, sono state un migliaio, con una crescita rispetto al 2018. Un risultato che si <strong>traduce in 2.000 euro effettivamente donati dall&#39;azienda<\/strong> <strong>che ha raddoppiato con fondi propri la cifra raccolta<\/strong>, destinando poi 500 euro a beneficio di ciascuna onlus.<\/p>\n<p>Ispirandosi alla consuetudine napoletana del caff\u00e8 sospeso, ossia pagare una tazza di caff\u00e8 a chi non pu\u00f2 permetterselo, <strong>la CDA ha voluto estendere questa azione di solidariet\u00e0 dal bar ai propri distributori<\/strong> automatici. Chi lo desidera pu\u00f2, infatti, prendersi un caff\u00e8 alla maggiorazione di 10 centesimi trasformando un gesto quotidiano in un dono.<\/p>\n<p>\u00ab<em>Con questa edizione <\/em>\u2013 commenta il CEO di CDA, <strong>Fabrizio Cattelan<\/strong> \u2013 <em>oltre che una donazione che pu\u00f2 sembrare simbolica visto l&#39;importo relativo di ogni assegno, desideriamo dare visibilit\u00e0 a realt\u00e0 associative che svolgono un fondamentale ruolo di supporto a bambini, ragazzi e alle famiglie del territorio che si trovano a vivere percorsi difficili. Una scelta condivisa con i miei collaboratori: \u00e8 insieme a loro che \u00e8 stata definita la rosa delle onlus secondo una sensibilit\u00e0 verso l&#39;impegno e la responsabilit\u00e0 sociale condivisa al nostro interno<\/em>\u00bb.<\/p>\n<p><a href=\"http:\/\/imagazinevideotruck.it\/outlet\/relink.html\" target=\"_top\" rel=\"noopener\"><img loading=\"lazy\" decoding=\"async\" align=\"LEFT\" height=\"250\" src=\"http:\/\/imagazinevideotruck.it\/outlet\/outlet30.gif\" width=\"300\" alt=\"\" title=\"\"><\/a><\/p>\n<p>\u00a0<\/p>\n<p>\u00a0<\/p>\n<p>\u00a0<\/p>\n<p>\u00a0<\/p>\n<p>\u00a0<\/p>\n<p>\u00a0<\/p>\n<p>\u00a0<\/p>\n<p>\u00a0<\/p>\n<p>\u00a0<\/p>\n<p>Erano presenti i referenti delle quattro onlus: <strong>Francesco Olivo\u00a0<\/strong>per \u201cIl Sorriso di Giulia\u201d, <strong>Ferruccio Pin<\/strong> per \u201cORSA\u201d, <strong>Valentino Listuzzi<\/strong> per \u201cGli Amici di Federico\u201d e <strong>Andrea Papa<\/strong> per \u201cLa casa di Joy\u201d. Concordi nel sottolineare il valore dell\u2019iniziativa e quanto sia importante la visibilit\u00e0 che ne pu\u00f2 derivare, utile per far arrivare il messaggio di solidariet\u00e0 al maggior numero di persone possibili.<\/p>\n<p>\u00ab<em>Per il prossimo anno \u2013 <\/em>conclude Cattelan <em>\u2013 ci concentreremo su un unico beneficiario che abbiamo gi\u00e0 identificato: la sar\u00e0 la LILT, Lega italiana per la lotta ai tumori, nella sua sezione locale di Udine ed \u00e8 per questo che la consegna delle donazioni avviene oggi 4 febbraio, giornata mondiale della lotta contro il cancro<\/em>\u00bb.<\/p>\n<p>Se la solidariet\u00e0 \u00e8 il motore di Caff\u00e8 Solidale e del microdono, progetto nato da un&#39;idea dall&#39;associazione no profit Animaimpresa che in Friuli Venezia Giulia promuove e diffonde la Responsabilit\u00e0 Sociale d&#39;Impresa, lo caratterizza anche la trasparenza perch\u00e9 il destinatario (o i destinatari come nel caso della raccolta effettuata nel 2019) sono identificati e noti gi\u00e0 ad avvio di ogni edizione.<\/p>\n","protected":false},"excerpt":{"rendered":"<p>Consegnate nella sede della CDA<\/p>\n","protected":false},"author":28,"featured_media":32427,"comment_status":"closed","ping_status":"closed","sticky":false,"template":"","format":"standard","meta":{"dwc-title":[],"dwc-content":[],"footnotes":""},"categories":[6],"tags":[],"class_list":["post-32426","post","type-post","status-publish","format-standard","has-post-thumbnail","hentry","category-societa"],"rttpg_featured_image_url":{"full":["https:\/\/imagazine.it\/wp-content\/uploads\/2024\/01\/32701-1.webp",750,497,false],"landscape":["https:\/\/imagazine.it\/wp-content\/uploads\/2024\/01\/32701-1.webp",750,497,false],"portraits":["https:\/\/imagazine.it\/wp-content\/uploads\/2024\/01\/32701-1.webp",750,497,false],"thumbnail":["https:\/\/imagazine.it\/wp-content\/uploads\/2024\/01\/32701-1-150x150.webp",150,150,true],"medium":["https:\/\/imagazine.it\/wp-content\/uploads\/2024\/01\/32701-1-300x199.webp",300,199,true],"large":["https:\/\/imagazine.it\/wp-content\/uploads\/2024\/01\/32701-1.webp",640,424,false],"thumblist":["https:\/\/imagazine.it\/wp-content\/uploads\/2024\/01\/32701-1.webp",300,199,false],"thumbrelated":["https:\/\/imagazine.it\/wp-content\/uploads\/2024\/01\/32701-1.webp",500,331,false],"meccarouselthumb":["https:\/\/imagazine.it\/wp-content\/uploads\/2024\/01\/32701-1.webp",474,314,false],"gridsquare":["https:\/\/imagazine.it\/wp-content\/uploads\/2024\/01\/32701-1.webp",391,260,false],"tileview":["https:\/\/imagazine.it\/wp-content\/uploads\/2024\/01\/32701-1.webp",300,199,false],"1536x1536":["https:\/\/imagazine.it\/wp-content\/uploads\/2024\/01\/32701-1.webp",750,497,false],"2048x2048":["https:\/\/imagazine.it\/wp-content\/uploads\/2024\/01\/32701-1.webp",750,497,false],"newsup-slider-full":["https:\/\/imagazine.it\/wp-content\/uploads\/2024\/01\/32701-1.webp",750,497,false],"newsup-featured":["https:\/\/imagazine.it\/wp-content\/uploads\/2024\/01\/32701-1.webp",750,497,false],"newsup-medium":["https:\/\/imagazine.it\/wp-content\/uploads\/2024\/01\/32701-1-720x380.webp",720,380,true],"tptn_thumbnail":["https:\/\/imagazine.it\/wp-content\/uploads\/2024\/01\/32701-1.webp",250,166,false],"sow-carousel-default":["https:\/\/imagazine.it\/wp-content\/uploads\/2024\/01\/32701-1-272x182.webp",272,182,true]},"rttpg_author":{"display_name":"redazione","author_link":"https:\/\/imagazine.it\/home_desk\/author\/redazione\/"},"rttpg_comment":0,"rttpg_category":"<a href=\"https:\/\/imagazine.it\/home_desk\/category\/societa\/\" rel=\"category tag\">SOCIET\u00c0<\/a>","rttpg_excerpt":"Consegnate nella sede della CDA","_links":{"self":[{"href":"https:\/\/imagazine.it\/home_desk\/wp-json\/wp\/v2\/posts\/32426","targetHints":{"allow":["GET"]}}],"collection":[{"href":"https:\/\/imagazine.it\/home_desk\/wp-json\/wp\/v2\/posts"}],"about":[{"href":"https:\/\/imagazine.it\/home_desk\/wp-json\/wp\/v2\/types\/post"}],"author":[{"embeddable":true,"href":"https:\/\/imagazine.it\/home_desk\/wp-json\/wp\/v2\/users\/28"}],"replies":[{"embeddable":true,"href":"https:\/\/imagazine.it\/home_desk\/wp-json\/wp\/v2\/comments?post=32426"}],"version-history":[{"count":0,"href":"https:\/\/imagazine.it\/home_desk\/wp-json\/wp\/v2\/posts\/32426\/revisions"}],"wp:featuredmedia":[{"embeddable":true,"href":"https:\/\/imagazine.it\/home_desk\/wp-json\/wp\/v2\/media\/32427"}],"wp:attachment":[{"href":"https:\/\/imagazine.it\/home_desk\/wp-json\/wp\/v2\/media?parent=32426"}],"wp:term":[{"taxonomy":"category","embeddable":true,"href":"https:\/\/imagazine.it\/home_desk\/wp-json\/wp\/v2\/categories?post=32426"},{"taxonomy":"post_tag","embeddable":true,"href":"https:\/\/imagazine.it\/home_desk\/wp-json\/wp\/v2\/tags?post=32426"}],"curies":[{"name":"wp","href":"https:\/\/api.w.org\/{rel}","templated":true}]}}