{"id":32414,"date":"2020-02-05T00:00:00","date_gmt":"2020-02-04T23:00:00","guid":{"rendered":"https:\/\/imagazine.it\/?p=32414"},"modified":"2020-02-05T00:00:00","modified_gmt":"2020-02-04T23:00:00","slug":"uniud-lab-village-insediato-il-laboratorio-danieli","status":"publish","type":"post","link":"https:\/\/imagazine.it\/home_desk\/uniud-lab-village-insediato-il-laboratorio-danieli\/","title":{"rendered":"Uniud Lab Village, insediato il laboratorio Danieli"},"content":{"rendered":"<p>Con l\u2019inaugurazione e l\u2019insediamento, questo pomeriggio, del <strong>laboratorio Danieli Automation Digi&#038;Met<\/strong> si \u00e8 dato il via alla <strong>costituzione dell\u2019Uniud Lab Village<\/strong>, nuova area voluta dall\u2019Universit\u00e0 di Udine in cui concentrare gran parte dei laboratori tecnologici, dove ospitare centri di progettazione e sviluppo di imprese industriali, nonch\u00e9 laboratori per fare didattica. L\u2019obiettivo \u00e8 di integrare il mondo della ricerca e il mondo dell\u2019industria per definire progettualit\u00e0 congiunte, formative e di ricerca e dare risposte pi\u00f9 puntuali alla necessit\u00e0 di innovazione del comparto economico-produttivo territoriale.<\/p>\n<p>La cerimonia di inaugurazione si \u00e8 svolta presso gli spazi del nascituro Uniud Lab Village, in via Sondrio 2, nel polo scientifico dell\u2019Ateneo.<\/p>\n<p>Caratterizzato dall\u2019interazione diretta fra ricercatori, studenti e imprese, \u00abUniud Lab Village \u2013 ha affermato il rettore dell\u2019Universit\u00e0 di Udine <strong>Roberto Pinton<\/strong> \u2013 pu\u00f2 diventare un punto di riferimento e un modello a livello regionale. Un modello capace di far crescere l\u2019universit\u00e0, le imprese, gli studenti e il territorio\u00bb.<\/p>\n<p>\u00abUn luogo \u2013 ha fatto seguito il presidente di Danieli, <strong>Gianpietro Benedetti<\/strong> \u2013 che potr\u00e0 contribuire a creare cultura e valore aggiunto, indispensabili oggi per essere competitivi, anche nei confronti dei Paesi che si stanno affacciando sul mercato. Un progetto capace, inoltre, di insegnare un metodo positivo ai giovani per introdurli nella loro attivit\u00e0 professionale\u00bb.<\/p>\n<p>Il sindaco di Udine, <strong>Pietro Fontanini<\/strong>, ha portato il saluto e l\u2019augurio dell\u2019amministrazione comunale \u00aba una struttura \u2013 ha detto \u2013 importante per l\u2019universit\u00e0 e per il territorio perch\u00e9 aiuter\u00e0 a essere competitivi e a crescere\u00bb.<\/p>\n<p>E se il rettore Pinton ha indicato in questo modello di collaborazione universit\u00e0-impresa una strada per emancipare il sistema territoriale, il presidente della Fondazione Friuli, <strong>Giuseppe Morandini<\/strong>, ha sostenuto che \u00abquesta \u00e8 la strada giusta. Per l\u2019universit\u00e0, che in questo modo si apre al mondo produttivo, e al mondo produttivo stesso, che potr\u00e0 avere l\u2019universit\u00e0 al suo fianco. Questa \u00e8 la strada per la crescita della nostra regione e per generare valore\u00bb.<\/p>\n<p><a href=\"http:\/\/imagazinevideotruck.it\/outlet\/relink.html\" target=\"_top\" rel=\"noopener\"><img loading=\"lazy\" decoding=\"async\" align=\"LEFT\" height=\"250\" src=\"http:\/\/imagazinevideotruck.it\/outlet\/outlet30.gif\" width=\"300\" alt=\"\" title=\"\"><\/a><\/p>\n<p>\u00a0<\/p>\n<p>\u00a0<\/p>\n<p>\u00a0<\/p>\n<p>\u00a0<\/p>\n<p>\u00a0<\/p>\n<p>\u00a0<\/p>\n<p>\u00a0<\/p>\n<p>\u00a0<\/p>\n<p>\u00a0<\/p>\n<p>\u00c8 intervenuto quindi il vicepresidente della Regione Friuli Venezia Giulia, <strong>Riccardo Riccardi<\/strong>, che si \u00e8 complimentato per questo modello capace di far incontrare e, cos\u00ec, far progredire universit\u00e0 e impresa.<\/p>\n<p>L\u2019executive vice president di Digi&#038;Met e Danieli Automation R&#038;D, <strong>Marco Ometto<\/strong>, ha quindi illustrato quelle che saranno le attivit\u00e0 del laboratorio Digi&#038;Met, nato da un\u2019idea di Danieli Automation. \u00abPer la prima volta in Italia \u2013 ha detto \u2013 assistiamo all\u2019avvio di un laboratorio privato all\u2019interno dell\u2019universit\u00e0. Questo aiuter\u00e0 a capire le esigenze del mercato e a dare le risposte che servono a far funzionare le imprese\u00bb.<\/p>\n<p>\u00abLe tematiche che saranno affrontate da questi laboratori \u2013 ha commentato a margine il presidente di Danieli Automation, <strong>Antonello Mordeglia<\/strong> \u2013 rappresentano il futuro, che ruota attorno al green e al digitale. Questo luogo sar\u00f2 di fondamentale importanza per formare giovani capaci di affrontare le sfide future\u00bb.<\/p>\n<p><strong>L\u2019Uniud Lab Village<\/strong> sar\u00e0 realizzato grazie a un significativo contributo della <strong>Fondazione Friuli<\/strong> e con il supporto della <strong>Regione Friuli Venezia Giulia<\/strong>. Arriver\u00e0 a regime <strong>entro la fine del 2020<\/strong> e coinvolger\u00e0, con i tre Dipartimenti di Scienze matematiche, informatiche e fisiche (<strong>DMIF<\/strong>), Scienze agroalimentari, ambientali e animali (<strong>DI4A<\/strong>) e Politecnico di ingegneria e architettura (<strong>DPIA<\/strong>), il <strong>tessuto imprenditoriale del territorio<\/strong>. Le strutture che si insedieranno nell\u2019area si occuperanno, in particolare, di tematiche legate a gestione dell\u2019ambiente, territorio, energia, analisi sensoriale degli alimenti, Internet of things, visual, mixed and augmented reality, cybersecurity, machine learning e data analytics.<\/p>\n<p>In particolare, <strong>il<\/strong><strong> laboratorio Digi&#038;Met,<\/strong> <strong>nato da una idea Danieli Automation<\/strong>, costituisce nel suo settore la prima iniziativa privata in ambito accademico a livello nazionale. Sar\u00e0 uno spazio specifico dedicato all\u2019innovazione a stretto contatto con l\u2019Universit\u00e0, allo scopo di fondere ricerca avanzata e know-how nell\u2019ambito del processo di fabbricazione dei metalli. Il laboratorio avr\u00e0 funzione multidisciplinare, coprendo tematiche quali automazione avanzata, robotica, controllo di processo, modellazione numerica, intelligenza artificiale ed elettronica di potenza. Il laboratorio potr\u00e0 contare sulla presenza continuativa di tecnici altamente specializzati appartenenti al team di R&#038;D Danieli Automation che fungeranno da tutor dei singoli casi agendo da facilitatori durante l\u2019intero arco del processo di progettazione e realizzazione. L\u2019obiettivo \u00e8 stimolare l\u2019interesse di studenti, ricercatori e docenti alla ricerca di soluzioni concrete ai casi, creando le opportunit\u00e0 per un rapido sviluppo e messa alla prova.<\/p>\n<p><strong>Dopo Digi&#038;Met, sono gi\u00e0 programmati tre ulteriori insediamenti<\/strong>: la start up ICT DataMind srl, con cui l\u2019Ateneo costituir\u00e0 un hub di contatto tra comunit\u00e0 accademica e aziende per sviluppare tematiche di ricerca di interesse comune, il Lab misto DMIF- beanTech srl, azienda del territorio con cui l&#39;Ateneo svilupper\u00e0 le nuove metodologie relative al Machine Learning e alla Data Analytics, e DIH \u2013 Digital Innovation Hub, uno dei 22 DIH nazionali della piattaforma confindustriale, che aderisce al progetto IP4FVG \u2013 Industry Platform FVG, la piattaforma regionale per la digitalizzazione del Friuli Venezia Giulia.<\/p>\n","protected":false},"excerpt":{"rendered":"<p>Inaugurazione negli spazi di via Sondrio 2 a Udine<\/p>\n","protected":false},"author":28,"featured_media":32415,"comment_status":"closed","ping_status":"closed","sticky":false,"template":"","format":"standard","meta":{"dwc-title":[],"dwc-content":[],"footnotes":""},"categories":[5],"tags":[],"class_list":["post-32414","post","type-post","status-publish","format-standard","has-post-thumbnail","hentry","category-attualita"],"rttpg_featured_image_url":{"full":["https:\/\/imagazine.it\/wp-content\/uploads\/2024\/01\/32683-1.webp",750,500,false],"landscape":["https:\/\/imagazine.it\/wp-content\/uploads\/2024\/01\/32683-1.webp",750,500,false],"portraits":["https:\/\/imagazine.it\/wp-content\/uploads\/2024\/01\/32683-1.webp",750,500,false],"thumbnail":["https:\/\/imagazine.it\/wp-content\/uploads\/2024\/01\/32683-1-150x150.webp",150,150,true],"medium":["https:\/\/imagazine.it\/wp-content\/uploads\/2024\/01\/32683-1-300x200.webp",300,200,true],"large":["https:\/\/imagazine.it\/wp-content\/uploads\/2024\/01\/32683-1.webp",640,427,false],"thumblist":["https:\/\/imagazine.it\/wp-content\/uploads\/2024\/01\/32683-1.webp",300,200,false],"thumbrelated":["https:\/\/imagazine.it\/wp-content\/uploads\/2024\/01\/32683-1.webp",500,333,false],"meccarouselthumb":["https:\/\/imagazine.it\/wp-content\/uploads\/2024\/01\/32683-1.webp",474,316,false],"gridsquare":["https:\/\/imagazine.it\/wp-content\/uploads\/2024\/01\/32683-1.webp",391,260,false],"tileview":["https:\/\/imagazine.it\/wp-content\/uploads\/2024\/01\/32683-1.webp",300,200,false],"1536x1536":["https:\/\/imagazine.it\/wp-content\/uploads\/2024\/01\/32683-1.webp",750,500,false],"2048x2048":["https:\/\/imagazine.it\/wp-content\/uploads\/2024\/01\/32683-1.webp",750,500,false],"newsup-slider-full":["https:\/\/imagazine.it\/wp-content\/uploads\/2024\/01\/32683-1.webp",750,500,false],"newsup-featured":["https:\/\/imagazine.it\/wp-content\/uploads\/2024\/01\/32683-1.webp",750,500,false],"newsup-medium":["https:\/\/imagazine.it\/wp-content\/uploads\/2024\/01\/32683-1-720x380.webp",720,380,true],"tptn_thumbnail":["https:\/\/imagazine.it\/wp-content\/uploads\/2024\/01\/32683-1.webp",250,167,false],"sow-carousel-default":["https:\/\/imagazine.it\/wp-content\/uploads\/2024\/01\/32683-1-272x182.webp",272,182,true]},"rttpg_author":{"display_name":"redazione","author_link":"https:\/\/imagazine.it\/home_desk\/author\/redazione\/"},"rttpg_comment":0,"rttpg_category":"<a href=\"https:\/\/imagazine.it\/home_desk\/category\/attualita\/\" rel=\"category tag\">ATTUALIT\u00c0<\/a>","rttpg_excerpt":"Inaugurazione negli spazi di via Sondrio 2 a Udine","_links":{"self":[{"href":"https:\/\/imagazine.it\/home_desk\/wp-json\/wp\/v2\/posts\/32414","targetHints":{"allow":["GET"]}}],"collection":[{"href":"https:\/\/imagazine.it\/home_desk\/wp-json\/wp\/v2\/posts"}],"about":[{"href":"https:\/\/imagazine.it\/home_desk\/wp-json\/wp\/v2\/types\/post"}],"author":[{"embeddable":true,"href":"https:\/\/imagazine.it\/home_desk\/wp-json\/wp\/v2\/users\/28"}],"replies":[{"embeddable":true,"href":"https:\/\/imagazine.it\/home_desk\/wp-json\/wp\/v2\/comments?post=32414"}],"version-history":[{"count":0,"href":"https:\/\/imagazine.it\/home_desk\/wp-json\/wp\/v2\/posts\/32414\/revisions"}],"wp:featuredmedia":[{"embeddable":true,"href":"https:\/\/imagazine.it\/home_desk\/wp-json\/wp\/v2\/media\/32415"}],"wp:attachment":[{"href":"https:\/\/imagazine.it\/home_desk\/wp-json\/wp\/v2\/media?parent=32414"}],"wp:term":[{"taxonomy":"category","embeddable":true,"href":"https:\/\/imagazine.it\/home_desk\/wp-json\/wp\/v2\/categories?post=32414"},{"taxonomy":"post_tag","embeddable":true,"href":"https:\/\/imagazine.it\/home_desk\/wp-json\/wp\/v2\/tags?post=32414"}],"curies":[{"name":"wp","href":"https:\/\/api.w.org\/{rel}","templated":true}]}}