{"id":32412,"date":"2020-02-04T00:00:00","date_gmt":"2020-02-03T23:00:00","guid":{"rendered":"https:\/\/imagazine.it\/?p=32412"},"modified":"2020-02-04T00:00:00","modified_gmt":"2020-02-03T23:00:00","slug":"friulia-investe-quasi-5-milioni-di-euro-in-valcucine","status":"publish","type":"post","link":"https:\/\/imagazine.it\/home_desk\/friulia-investe-quasi-5-milioni-di-euro-in-valcucine\/","title":{"rendered":"Friulia investe quasi 5 milioni di euro in Valcucine"},"content":{"rendered":"<p>Friulia investe in Valcucine, azienda di design di alto di gamma che progetta, produce e commercializza cucine, living e arredo bagno. Oggi \u00e8 stata ufficializzata l\u2019operazione che prevede un investimento complessivo di <strong>4,8 milioni di euro<\/strong>, suddiviso in un <strong>aumento di capitale del valore di 2 milioni <\/strong>e in un <strong>finanziamento di 2,8 milioni. <\/strong><\/p>\n<p>Il <strong>presidente della Regione Friuli Venezia Giulia, Massimiliano Fedriga,<\/strong> e la <strong>presidente di Friulia, Federica Seganti, si sono recati in visita questa mattina presso la sede di Valcucine <\/strong>a Pordenone. Accompagnati dal p<strong>residente della holding ItalianCreationGroup, Giovanni Perissinotto<\/strong>, hanno potuto visitare gli impianti di produzione, alimentati a energia solare.<\/p>\n<p>Fondata a Pordenone &#8211; la \u201cKitchen Valley\u201d italiana &#8211; nel 1980 dal designer Gabriele Centazzo, nel 2018 Valcucine ha deciso di rinnovare la sua struttura manageriale inserendo figure di rilievo tra cui il nuovo amministratore delegato <strong>Giuseppe Di Nuccio<\/strong>, che vanta una consolidata esperienza nel mondo della moda.\u00a0<\/p>\n<p>A quarant\u2019anni dalla nascita, oggi Valcucine mantiene il suo centro operativo a Pordenone ed \u00e8 presente con <strong>50 negozi monomarca e pi\u00f9 di 300 showroom<\/strong> in Europa, Stati Uniti, Medio Oriente, Asia, India e Sud Africa.<\/p>\n<p><strong>Il fatturato totale dell\u2019azienda<\/strong> si \u00e8 attestato nel <strong>2018<\/strong> su un valore di circa <strong>33 milioni<\/strong>. Il <strong>Business Plan 2019-2022<\/strong>, predisposto dalla nuova dirigenza, <strong>prevede investimenti complessivi nell\u2019ordine di 6 milioni di euro<\/strong>, destinati principalmente all\u2019acquisto di nuovi macchinari in grado di rendere la produzione pi\u00f9 flessibile e dinamica. Il piano prevede ulteriori interventi volti all\u2019implementazione di nuovi software gestionali volti a ottimizzare tutti i processi, da quelli industriali a quelli commerciali.<\/p>\n<p><a href=\"http:\/\/imagazinevideotruck.it\/outlet\/relink.html\" target=\"_top\" rel=\"noopener\"><img loading=\"lazy\" decoding=\"async\" align=\"LEFT\" height=\"250\" src=\"http:\/\/imagazinevideotruck.it\/outlet\/outlet30.gif\" width=\"300\" alt=\"\" title=\"\"><\/a><\/p>\n<p>\u00a0<\/p>\n<p>\u00a0<\/p>\n<p>\u00a0<\/p>\n<p>\u00a0<\/p>\n<p>\u00a0<\/p>\n<p>\u00a0<\/p>\n<p>\u00a0<\/p>\n<p>\u00a0<\/p>\n<p>\u00a0<\/p>\n<p>\u201c<em>L\u2019ingresso di Friulia nel capitale sociale di Valcucine, a cui si associa il finanziamento di un progetto di crescita dell\u2019azienda pordenonese<\/em> \u2013 ha dichiarato il <strong>governatore del Friuli Venezia Giulia, Massimiliano Fedriga <\/strong>\u2013 <em>\u00e8 la dimostrazione dell\u2019attenzione che la Regione, attraverso i suoi strumenti, fornisce alle eccellenze del nostro territorio, in modo particolare a coloro che investono in innovazione e sviluppo sostenibile. Questi due temi sono sempre stati al centro della missione che Valcucine ha portato avanti nel tempo e sui quali anche l\u2019amministrazione regionale crede molto; \u00e8 per questo motivo che ci affianchiamo a realt\u00e0 proiettate nel futuro attraverso progetti ambiziosi, il cui fine \u00e8 quello di garantire non solo prosperit\u00e0 per il territorio ma anche occupazione e stabilit\u00e0 economica ai lavoratori e alle loro famiglie<\/em>\u201d.<\/p>\n<p><em>\u201cSiamo felici di poter annunciare la partnership con Friulia, che ci permetter\u00e0 di consolidare il nostro ruolo di assoluto rilievo nel mercato delle cucine di alto di gamma, all\u2019interno di un settore che muove complessivamente circa 40 miliardi di euro e per il quale si prevede una costante crescita annua<\/em> \u2013 ha dichiarato <strong>Perissinotto <\/strong>\u2013.<em> Oggi Valcucine \u00e8 tra le prime 10 aziende in Europa per valore delle vendite, un dato considerevole che contiamo di migliorare nei prossimi anni rimanendo fedeli al nostro principale obiettivo: realizzare modelli, rispettosi dell\u2019ambiente per tecnologie e materiali utilizzati, che soddisfino i gusti estetici dei nostri clienti contribuendo, allo stesso tempo, ad aumentare il benessere quotidiano delle persone\u201d.<\/em><\/p>\n","protected":false},"excerpt":{"rendered":"<p>Per sostenere la crescita e l\u2019internazionalizzazione del brand<\/p>\n","protected":false},"author":28,"featured_media":32413,"comment_status":"closed","ping_status":"closed","sticky":false,"template":"","format":"standard","meta":{"dwc-title":[],"dwc-content":[],"footnotes":""},"categories":[5],"tags":[],"class_list":["post-32412","post","type-post","status-publish","format-standard","has-post-thumbnail","hentry","category-attualita"],"rttpg_featured_image_url":{"full":["https:\/\/imagazine.it\/wp-content\/uploads\/2024\/01\/32666-1.webp",750,500,false],"landscape":["https:\/\/imagazine.it\/wp-content\/uploads\/2024\/01\/32666-1.webp",750,500,false],"portraits":["https:\/\/imagazine.it\/wp-content\/uploads\/2024\/01\/32666-1.webp",750,500,false],"thumbnail":["https:\/\/imagazine.it\/wp-content\/uploads\/2024\/01\/32666-1-150x150.webp",150,150,true],"medium":["https:\/\/imagazine.it\/wp-content\/uploads\/2024\/01\/32666-1-300x200.webp",300,200,true],"large":["https:\/\/imagazine.it\/wp-content\/uploads\/2024\/01\/32666-1.webp",640,427,false],"thumblist":["https:\/\/imagazine.it\/wp-content\/uploads\/2024\/01\/32666-1.webp",300,200,false],"thumbrelated":["https:\/\/imagazine.it\/wp-content\/uploads\/2024\/01\/32666-1.webp",500,333,false],"meccarouselthumb":["https:\/\/imagazine.it\/wp-content\/uploads\/2024\/01\/32666-1.webp",474,316,false],"gridsquare":["https:\/\/imagazine.it\/wp-content\/uploads\/2024\/01\/32666-1.webp",391,260,false],"tileview":["https:\/\/imagazine.it\/wp-content\/uploads\/2024\/01\/32666-1.webp",300,200,false],"1536x1536":["https:\/\/imagazine.it\/wp-content\/uploads\/2024\/01\/32666-1.webp",750,500,false],"2048x2048":["https:\/\/imagazine.it\/wp-content\/uploads\/2024\/01\/32666-1.webp",750,500,false],"newsup-slider-full":["https:\/\/imagazine.it\/wp-content\/uploads\/2024\/01\/32666-1.webp",750,500,false],"newsup-featured":["https:\/\/imagazine.it\/wp-content\/uploads\/2024\/01\/32666-1.webp",750,500,false],"newsup-medium":["https:\/\/imagazine.it\/wp-content\/uploads\/2024\/01\/32666-1-720x380.webp",720,380,true],"tptn_thumbnail":["https:\/\/imagazine.it\/wp-content\/uploads\/2024\/01\/32666-1.webp",250,167,false],"sow-carousel-default":["https:\/\/imagazine.it\/wp-content\/uploads\/2024\/01\/32666-1-272x182.webp",272,182,true]},"rttpg_author":{"display_name":"redazione","author_link":"https:\/\/imagazine.it\/home_desk\/author\/redazione\/"},"rttpg_comment":0,"rttpg_category":"<a href=\"https:\/\/imagazine.it\/home_desk\/category\/attualita\/\" rel=\"category tag\">ATTUALIT\u00c0<\/a>","rttpg_excerpt":"Per sostenere la crescita e l\u2019internazionalizzazione del brand","_links":{"self":[{"href":"https:\/\/imagazine.it\/home_desk\/wp-json\/wp\/v2\/posts\/32412","targetHints":{"allow":["GET"]}}],"collection":[{"href":"https:\/\/imagazine.it\/home_desk\/wp-json\/wp\/v2\/posts"}],"about":[{"href":"https:\/\/imagazine.it\/home_desk\/wp-json\/wp\/v2\/types\/post"}],"author":[{"embeddable":true,"href":"https:\/\/imagazine.it\/home_desk\/wp-json\/wp\/v2\/users\/28"}],"replies":[{"embeddable":true,"href":"https:\/\/imagazine.it\/home_desk\/wp-json\/wp\/v2\/comments?post=32412"}],"version-history":[{"count":0,"href":"https:\/\/imagazine.it\/home_desk\/wp-json\/wp\/v2\/posts\/32412\/revisions"}],"wp:featuredmedia":[{"embeddable":true,"href":"https:\/\/imagazine.it\/home_desk\/wp-json\/wp\/v2\/media\/32413"}],"wp:attachment":[{"href":"https:\/\/imagazine.it\/home_desk\/wp-json\/wp\/v2\/media?parent=32412"}],"wp:term":[{"taxonomy":"category","embeddable":true,"href":"https:\/\/imagazine.it\/home_desk\/wp-json\/wp\/v2\/categories?post=32412"},{"taxonomy":"post_tag","embeddable":true,"href":"https:\/\/imagazine.it\/home_desk\/wp-json\/wp\/v2\/tags?post=32412"}],"curies":[{"name":"wp","href":"https:\/\/api.w.org\/{rel}","templated":true}]}}