{"id":32402,"date":"2020-02-01T00:00:00","date_gmt":"2020-01-31T23:00:00","guid":{"rendered":"https:\/\/imagazine.it\/?p=32402"},"modified":"2020-02-01T00:00:00","modified_gmt":"2020-01-31T23:00:00","slug":"malattie-neuromuscolari-da-ruda-percorso-di-sensibilizzazione","status":"publish","type":"post","link":"https:\/\/imagazine.it\/home_desk\/malattie-neuromuscolari-da-ruda-percorso-di-sensibilizzazione\/","title":{"rendered":"Malattie neuromuscolari, da Ruda percorso di sensibilizzazione"},"content":{"rendered":"<p>Si concretizza il progetto\u00a0<strong>\u201cLe ruote di Tino\u201d<\/strong>, nato per\u00a0<strong>sensibilizzare sui problemi legati alle malattie neuromuscolari e promuovere una cultura che favorisca la piena partecipazione delle persone con disabilit\u00e0 alla vita sociale<\/strong>.<\/p>\n<p>Comune di Ruda e Unione Italiana Lotta alla Distrofia Muscolare Onlus di Udine hanno firmato una convenzione che prevede di\u00a0<strong>realizzare nelle scuole una serie di attivit\u00e0<\/strong>\u00a0nella direzione indicata dal progetto. Queste verranno concordate con il Comune e gli istituti scolastici e\u00a0<strong>non prevedono oneri\u00a0<\/strong>per Comune e scuole.<\/p>\n<p>\u201cVogliamo lavorare, assieme a UILDM, sull\u2019integrazione delle persone con disabilit\u00e0. Con un progetto fatto di gioco e condivisione di attivit\u00e0, i bambini e i ragazzi delle scuole potranno riflettere sui concetti di diversit\u00e0 e normalit\u00e0, sulla piena integrazione delle persone con disabilit\u00e0. Abbiamo deciso di lavorare negli istituti scolastici, partendo dalle nuove generazioni, partendo dal nostro futuro. Con la UILDM la nostra comunit\u00e0 ha un rapporto costante da molti anni. Grazie alla marcia podistica che attira ad ogni edizione pi\u00f9 di un migliaio di persone (il cui ricavato va a sostegno dell&#39;associazione), la sensibilit\u00e0 verso la disabilit\u00e0 \u00e8 cresciuta di molto\u201d, ha affermato il sindaco di Ruda,\u00a0<strong>Franco Lenarduzzi<\/strong>,\u00a0a margine della cerimonia di firma.<\/p>\n<p>In particolare verr\u00e0 attivato,\u00a0<strong>con almeno una classe della scuola primaria di Ruda<\/strong>, un percorso didattico curato dalla UILDM che, partendo dal tema delle barriere architettoniche, miri a stimolare, in modo ludico e attivo, la riflessione dei bambini sui temi della piena integrazione delle persone con disabilit\u00e0 e della\u00a0<strong>percezione dell\u2019ambiente in cui vivono come fattore determinante nel produrre l\u2019esclusione o l\u2019integrazione delle persone<\/strong>.<\/p>\n<p>Con due classi\u00a0<strong>della scuola secondaria di primo grado di Perteole<\/strong>\u00a0\u00e8 previsto un intervento didattico che si propone di lavorare sui concetti\u00a0<strong>di \u201cdiversit\u00e0\u201d e \u201cnormalit\u00e0\u201d<\/strong>, di favorire la percezione del disabile come persona attiva che pu\u00f2 interagire con il gruppo e con la societ\u00e0, di stimolare la capacit\u00e0 di andare al di l\u00e0 di preconcetti e stereotipi nei rapporti interpersonali.<\/p>\n<p>A corredo di questo \u00e8 prevista la distribuzione gratuita a tutti gli alunni della scuola primaria di Ruda della\u00a0<strong>pubblicazione per bambini della UILDM \u201cLe ruote di Tino\u201d,<\/strong>\u00a0che illustra in modo semplice e diretto le difficolt\u00e0 che deve affrontare ogni giorno un bambino che utilizzi la carrozzina.<\/p>\n<p><strong>L\u2019Unione Italiana Lotta alla Distrofia Muscolare onlus di Udine (UILDM)<\/strong>\u00a0\u00e8 un&#39;associazione di volontariato impegnata dal 1971 nel territorio della provincia di Udine, in attivit\u00e0 sensibilizzazione, informazione e divulgazione sulle\u00a0<strong>tematiche legate alle malattie neuromuscolari e<\/strong>, pi\u00f9 in generale, della disabilit\u00e0, anche in sinergia e collaborazione con altri enti ed istituzioni. Promuove azioni culturali ed educative rivolte agli alunni delle scuole al fine di contribuire ad uno sviluppo della comunit\u00e0 attraverso la\u00a0<strong>consapevolezza e il rispetto dei diritti di tutti<\/strong>\u00a0i cittadini e realizza progetti che offrano opportunit\u00e0 di protagonismo sociale alle persone con disabilit\u00e0 valorizzandone le competenze e le abilit\u00e0.<\/p>\n","protected":false},"excerpt":{"rendered":"<p>Progetto \u201cLe ruote di Tino\u201d<\/p>\n","protected":false},"author":28,"featured_media":32403,"comment_status":"closed","ping_status":"closed","sticky":false,"template":"","format":"standard","meta":{"dwc-title":[],"dwc-content":[],"footnotes":""},"categories":[5],"tags":[],"class_list":["post-32402","post","type-post","status-publish","format-standard","has-post-thumbnail","hentry","category-attualita"],"rttpg_featured_image_url":{"full":["https:\/\/imagazine.it\/wp-content\/uploads\/2024\/01\/32645-1.webp",750,476,false],"landscape":["https:\/\/imagazine.it\/wp-content\/uploads\/2024\/01\/32645-1.webp",750,476,false],"portraits":["https:\/\/imagazine.it\/wp-content\/uploads\/2024\/01\/32645-1.webp",750,476,false],"thumbnail":["https:\/\/imagazine.it\/wp-content\/uploads\/2024\/01\/32645-1-150x150.webp",150,150,true],"medium":["https:\/\/imagazine.it\/wp-content\/uploads\/2024\/01\/32645-1-300x190.webp",300,190,true],"large":["https:\/\/imagazine.it\/wp-content\/uploads\/2024\/01\/32645-1.webp",640,406,false],"thumblist":["https:\/\/imagazine.it\/wp-content\/uploads\/2024\/01\/32645-1.webp",300,190,false],"thumbrelated":["https:\/\/imagazine.it\/wp-content\/uploads\/2024\/01\/32645-1.webp",500,317,false],"meccarouselthumb":["https:\/\/imagazine.it\/wp-content\/uploads\/2024\/01\/32645-1.webp",474,301,false],"gridsquare":["https:\/\/imagazine.it\/wp-content\/uploads\/2024\/01\/32645-1.webp",391,248,false],"tileview":["https:\/\/imagazine.it\/wp-content\/uploads\/2024\/01\/32645-1.webp",300,190,false],"1536x1536":["https:\/\/imagazine.it\/wp-content\/uploads\/2024\/01\/32645-1.webp",750,476,false],"2048x2048":["https:\/\/imagazine.it\/wp-content\/uploads\/2024\/01\/32645-1.webp",750,476,false],"newsup-slider-full":["https:\/\/imagazine.it\/wp-content\/uploads\/2024\/01\/32645-1.webp",750,476,false],"newsup-featured":["https:\/\/imagazine.it\/wp-content\/uploads\/2024\/01\/32645-1.webp",750,476,false],"newsup-medium":["https:\/\/imagazine.it\/wp-content\/uploads\/2024\/01\/32645-1-720x380.webp",720,380,true],"tptn_thumbnail":["https:\/\/imagazine.it\/wp-content\/uploads\/2024\/01\/32645-1.webp",250,159,false],"sow-carousel-default":["https:\/\/imagazine.it\/wp-content\/uploads\/2024\/01\/32645-1-272x182.webp",272,182,true]},"rttpg_author":{"display_name":"redazione","author_link":"https:\/\/imagazine.it\/home_desk\/author\/redazione\/"},"rttpg_comment":0,"rttpg_category":"<a href=\"https:\/\/imagazine.it\/home_desk\/category\/attualita\/\" rel=\"category tag\">ATTUALIT\u00c0<\/a>","rttpg_excerpt":"Progetto \u201cLe ruote di Tino\u201d","_links":{"self":[{"href":"https:\/\/imagazine.it\/home_desk\/wp-json\/wp\/v2\/posts\/32402","targetHints":{"allow":["GET"]}}],"collection":[{"href":"https:\/\/imagazine.it\/home_desk\/wp-json\/wp\/v2\/posts"}],"about":[{"href":"https:\/\/imagazine.it\/home_desk\/wp-json\/wp\/v2\/types\/post"}],"author":[{"embeddable":true,"href":"https:\/\/imagazine.it\/home_desk\/wp-json\/wp\/v2\/users\/28"}],"replies":[{"embeddable":true,"href":"https:\/\/imagazine.it\/home_desk\/wp-json\/wp\/v2\/comments?post=32402"}],"version-history":[{"count":0,"href":"https:\/\/imagazine.it\/home_desk\/wp-json\/wp\/v2\/posts\/32402\/revisions"}],"wp:featuredmedia":[{"embeddable":true,"href":"https:\/\/imagazine.it\/home_desk\/wp-json\/wp\/v2\/media\/32403"}],"wp:attachment":[{"href":"https:\/\/imagazine.it\/home_desk\/wp-json\/wp\/v2\/media?parent=32402"}],"wp:term":[{"taxonomy":"category","embeddable":true,"href":"https:\/\/imagazine.it\/home_desk\/wp-json\/wp\/v2\/categories?post=32402"},{"taxonomy":"post_tag","embeddable":true,"href":"https:\/\/imagazine.it\/home_desk\/wp-json\/wp\/v2\/tags?post=32402"}],"curies":[{"name":"wp","href":"https:\/\/api.w.org\/{rel}","templated":true}]}}