{"id":32394,"date":"2020-02-03T00:00:00","date_gmt":"2020-02-02T23:00:00","guid":{"rendered":"https:\/\/imagazine.it\/?p=32394"},"modified":"2020-02-03T00:00:00","modified_gmt":"2020-02-02T23:00:00","slug":"grande-esordio-per-i-ginnasti-dellasu","status":"publish","type":"post","link":"https:\/\/imagazine.it\/home_desk\/grande-esordio-per-i-ginnasti-dellasu\/","title":{"rendered":"Grande esordio per i ginnasti dell&#8217;ASU"},"content":{"rendered":"<p>Grande esordio per i ginnasti dell&#39;Associazione Sportiva Udinese, impegnati nelle prime prove di campionato: seconde, a Fabriano, le farfalle della ritmica nel campionato di massima serie. Sesti i ragazzi della Gam, a Firenze, dove si sono svolte le gare di A2.<\/p>\n<p><strong>RITMICA<\/strong> &#8211; Le ragazze allenate da <strong>Spela Dragas<\/strong> e <strong>Magda Pigano<\/strong>, con il supporto di <strong>Carlotta Longo<\/strong> e della coreografa <strong>Laura Miotti<\/strong>, sono state una \u00ab<em>grande sorpresa<\/em>\u00bb, come riportato dalla stessa Dragas che ha sottolineato: \u00ab<em>Le ragazze in pedana hanno superato ogni aspettativa. Eravamo gli unici senza il prestito straniero (componente particolarmente gravosa in ogni gara, ma non in questa), il programma era nuovo, cos\u00ec come la squadra e le regole. Nessuno puntava su di noi e invece Alex, Isabelle e Tara sono scese in pedana agguerrite<\/em>\u00bb arrivando seconde dopo le padrone di casa della Faber Ginnastica Fabriano.<\/p>\n<p>Diversi i record delle bianconere. <strong>Tara Dragas<\/strong> ha raggiunto un suo personal best (17.850) nella fune, attrezzo nel quale i punteggi sono particolarmente bassi. Bene anche le clavette, dove nonostante qualche imprecisione e un errore, ha superato il 18 punti. <strong>Alexandra Agiurgiuculese<\/strong> (personal best, prima in assoluto, al cerchio, con 23.650) \u00e8 arrivata prima nella somma dei punteggi di gara (con 44.450), quarta Dragas. Miglior punteggio personale anche per <strong>Isabelle Tavano <\/strong>alla palla (17.350), al suo esordio assoluto in serie A.<\/p>\n<p>Soddisfatto anche il direttore generale di Asu, <strong>Nicola Di Benedetto<\/strong>, che si trovava a Fabriano: \u00ab<em>Mi ha colpito molto la maturit\u00e0 con cui le nostre ragazze hanno approcciato questa gara. In particolare Tara, e ancor di pi\u00f9 Isabelle, nuova nel campionato di massima serie, sono scese in pedana tranquille e determinate a fare bene. I risultati parlano da soli. Il livello qualitativo della squadra \u00e8 alto e di questo non posso che ringraziare le allenatrici e Laura Miotti il cui lavoro d\u00e0 un apporto sempre di pi\u00f9 importante<\/em>\u00bb.<\/p>\n<p><strong>GAM<\/strong> &#8211; Bene anche gli atleti della ginnastica artistica maschile che in Toscana sono saliti per la prima volta sulla pedana della serie A2 (dopo la promozione dalla B nel 2019). \u00c8 stato un avvio di campionato con alcuni errori, in particolare con la parallela. Ma nel complesso, come hanno ricordato <strong>Valerij Sosnin<\/strong> e <strong>Francesco Braidot<\/strong> che allenano la squadra: \u00ab<em>la prova \u00e8 andata avanti in maniera regolare, con buoni punteggi<\/em>\u00bb.<\/p>\n<p><a href=\"http:\/\/imagazinevideotruck.it\/outlet\/relink.html\" target=\"_top\" rel=\"noopener\"><img loading=\"lazy\" decoding=\"async\" align=\"LEFT\" height=\"250\" src=\"http:\/\/imagazinevideotruck.it\/outlet\/outlet30.gif\" width=\"300\" alt=\"\" title=\"\"><\/a><\/p>\n<p>\u00a0<\/p>\n<p>\u00a0<\/p>\n<p>\u00a0<\/p>\n<p>\u00a0<\/p>\n<p>\u00a0<\/p>\n<p>\u00a0<\/p>\n<p>\u00a0<\/p>\n<p>\u00a0<\/p>\n<p>\u00a0<\/p>\n<p>Tanto che <strong>Umberto Meroni<\/strong>, vicepresidente di Asu, presente in campo gara, ha commentato entusiasta la prestazione: \u00ab<em>Questi ragazzi non finiscono di stupire. Anche se neopromossi, si sono dati da soli l\u2019obiettivo di raggiungere la fase finale del campionato di A2 e, continuando cos\u00ec, lo centreranno sicuramente. Il prestito straniero, Robert Tvorogal, \u00e8 sicuramente di alto livello e ha dimostrato tutto il suo valore. Le capacit\u00e0, assieme alla determinazione, possono fare grandi cose. Complimenti a tutto il team<\/em>\u00bb.<\/p>\n","protected":false},"excerpt":{"rendered":"<p>Prima giornata di campionato<\/p>\n","protected":false},"author":28,"featured_media":32395,"comment_status":"closed","ping_status":"closed","sticky":false,"template":"","format":"standard","meta":{"dwc-title":[],"dwc-content":[],"footnotes":""},"categories":[38],"tags":[],"class_list":["post-32394","post","type-post","status-publish","format-standard","has-post-thumbnail","hentry","category-sport"],"rttpg_featured_image_url":{"full":["https:\/\/imagazine.it\/wp-content\/uploads\/2024\/01\/32628-1.webp",750,491,false],"landscape":["https:\/\/imagazine.it\/wp-content\/uploads\/2024\/01\/32628-1.webp",750,491,false],"portraits":["https:\/\/imagazine.it\/wp-content\/uploads\/2024\/01\/32628-1.webp",750,491,false],"thumbnail":["https:\/\/imagazine.it\/wp-content\/uploads\/2024\/01\/32628-1-150x150.webp",150,150,true],"medium":["https:\/\/imagazine.it\/wp-content\/uploads\/2024\/01\/32628-1-300x196.webp",300,196,true],"large":["https:\/\/imagazine.it\/wp-content\/uploads\/2024\/01\/32628-1.webp",640,419,false],"thumblist":["https:\/\/imagazine.it\/wp-content\/uploads\/2024\/01\/32628-1.webp",300,196,false],"thumbrelated":["https:\/\/imagazine.it\/wp-content\/uploads\/2024\/01\/32628-1.webp",500,327,false],"meccarouselthumb":["https:\/\/imagazine.it\/wp-content\/uploads\/2024\/01\/32628-1.webp",474,310,false],"gridsquare":["https:\/\/imagazine.it\/wp-content\/uploads\/2024\/01\/32628-1.webp",391,256,false],"tileview":["https:\/\/imagazine.it\/wp-content\/uploads\/2024\/01\/32628-1.webp",300,196,false],"1536x1536":["https:\/\/imagazine.it\/wp-content\/uploads\/2024\/01\/32628-1.webp",750,491,false],"2048x2048":["https:\/\/imagazine.it\/wp-content\/uploads\/2024\/01\/32628-1.webp",750,491,false],"newsup-slider-full":["https:\/\/imagazine.it\/wp-content\/uploads\/2024\/01\/32628-1.webp",750,491,false],"newsup-featured":["https:\/\/imagazine.it\/wp-content\/uploads\/2024\/01\/32628-1.webp",750,491,false],"newsup-medium":["https:\/\/imagazine.it\/wp-content\/uploads\/2024\/01\/32628-1-720x380.webp",720,380,true],"tptn_thumbnail":["https:\/\/imagazine.it\/wp-content\/uploads\/2024\/01\/32628-1.webp",250,164,false],"sow-carousel-default":["https:\/\/imagazine.it\/wp-content\/uploads\/2024\/01\/32628-1-272x182.webp",272,182,true]},"rttpg_author":{"display_name":"redazione","author_link":"https:\/\/imagazine.it\/home_desk\/author\/redazione\/"},"rttpg_comment":0,"rttpg_category":"<a href=\"https:\/\/imagazine.it\/home_desk\/category\/sport\/\" rel=\"category tag\">SPORT<\/a>","rttpg_excerpt":"Prima giornata di campionato","_links":{"self":[{"href":"https:\/\/imagazine.it\/home_desk\/wp-json\/wp\/v2\/posts\/32394","targetHints":{"allow":["GET"]}}],"collection":[{"href":"https:\/\/imagazine.it\/home_desk\/wp-json\/wp\/v2\/posts"}],"about":[{"href":"https:\/\/imagazine.it\/home_desk\/wp-json\/wp\/v2\/types\/post"}],"author":[{"embeddable":true,"href":"https:\/\/imagazine.it\/home_desk\/wp-json\/wp\/v2\/users\/28"}],"replies":[{"embeddable":true,"href":"https:\/\/imagazine.it\/home_desk\/wp-json\/wp\/v2\/comments?post=32394"}],"version-history":[{"count":0,"href":"https:\/\/imagazine.it\/home_desk\/wp-json\/wp\/v2\/posts\/32394\/revisions"}],"wp:featuredmedia":[{"embeddable":true,"href":"https:\/\/imagazine.it\/home_desk\/wp-json\/wp\/v2\/media\/32395"}],"wp:attachment":[{"href":"https:\/\/imagazine.it\/home_desk\/wp-json\/wp\/v2\/media?parent=32394"}],"wp:term":[{"taxonomy":"category","embeddable":true,"href":"https:\/\/imagazine.it\/home_desk\/wp-json\/wp\/v2\/categories?post=32394"},{"taxonomy":"post_tag","embeddable":true,"href":"https:\/\/imagazine.it\/home_desk\/wp-json\/wp\/v2\/tags?post=32394"}],"curies":[{"name":"wp","href":"https:\/\/api.w.org\/{rel}","templated":true}]}}