{"id":32376,"date":"2020-01-31T00:00:00","date_gmt":"2020-01-30T23:00:00","guid":{"rendered":"https:\/\/imagazine.it\/?p=32376"},"modified":"2020-01-31T00:00:00","modified_gmt":"2020-01-30T23:00:00","slug":"il-tiramisu-del-friuli-venezia-giulia-sale-sul-palco-di-sanremo","status":"publish","type":"post","link":"https:\/\/imagazine.it\/home_desk\/il-tiramisu-del-friuli-venezia-giulia-sale-sul-palco-di-sanremo\/","title":{"rendered":"Il tiramis\u00f9 del Friuli Venezia Giulia sale sul palco di Sanremo"},"content":{"rendered":"<p>Un tiramis\u00f9 per\u00a0<strong>500 persone con il logo del Friuli Venezia Giulia<\/strong>. Luned\u00ec 3 febbraio sar\u00e0 il dessert pi\u00f9 popolare del mondo, dolce originario della regione, a salire sul palco e a prendere per la gola gli ospiti de \u201cLa sera tutti a casa\u201d, serata Rai che anticipa l\u2019inaugurazione della settantesima edizione del Festival di Sanremo.<\/p>\n<p>A prepararlo\u00a0<strong>Emanuele Scarello\u00a0<\/strong>(Agli Amici dal 1887 \u2013 Udine), due stelle Michelin, che per l\u2019occasione vestir\u00e0 i panni del pasticcere gourmet per realizzare il dolce della tradizione del Friuli Venezia Giulia.<\/p>\n<p>La location sar\u00e0 quella di\u00a0<strong>Casa Sanremo<\/strong>, l\u2019area hospitality del festival, di cui\u00a0<strong>PromoTurismoFVG sar\u00e0 partner per l\u2019intera durata della manifestazione<\/strong>\u00a0e in cui artisti, membri dello staff, giornalisti, sponsor e personaggi del mondo dello spettacolo graviteranno per tutta la settimana e assaggeranno specialit\u00e0 ed eccellenze dell\u2019enogastronomia regionale in attesa di\u00a0<strong>marted\u00ec 4 febbraio<\/strong>, quando al Roof Restaurant del Palafiori, prestigiosa location sanremese che diventer\u00e0 sede di dimostrazioni, showcooking ed esposizione dei prodotti tipici, lo chef firmer\u00e0\u00a0<strong>il pranzo e la cena targata Friuli Venezia Giulia<\/strong>, proponendo gli ingredienti e le ricette della tradizione riviste in chiave contemporanea e creativa.<\/p>\n<p>Al buffet saranno i prodotti ambasciatori del territorio,\u00a0<strong>Prosciutto di San Daniele\u00a0<\/strong>e<strong>\u00a0Montasio<\/strong>, a dare il benvenuto alla serata in compagnia della <strong>Rosa di Gorizia<\/strong>, presidio slowfood che con la sua eleganza e il suo sapore deciso regaler\u00e0 agli ospiti la possibilit\u00e0 di assaggiare una delle eccellenze pi\u00f9 apprezzate della cucina del Friuli Venezia Giulia.<\/p>\n<p>A seguire il\u00a0<strong>men\u00f9 dello chef Scarello<\/strong>\u00a0prevede una crema di fagioli borlotti, olio del Carso e soffio di stravecchio e un primo a base di orzo mantecato al cavolo friulano, salsa alle sarde e polvere di polenta. A seguire il filetto di maiale affumicato con verze stufate e latte al cren per chiudere con il dolce, \u201cCome uno strudel con ricotta di Malga alla grappa friulana\u201d.<\/p>\n<p><a href=\"http:\/\/imagazinevideotruck.it\/outlet\/relink.html\" target=\"_top\" rel=\"noopener\"><img loading=\"lazy\" decoding=\"async\" align=\"LEFT\" height=\"250\" src=\"http:\/\/imagazinevideotruck.it\/outlet\/outlet30.gif\" width=\"300\" alt=\"\" title=\"\"><\/a><\/p>\n<p>\u00a0<\/p>\n<p>\u00a0<\/p>\n<p>\u00a0<\/p>\n<p>\u00a0<\/p>\n<p>\u00a0<\/p>\n<p>\u00a0<\/p>\n<p>\u00a0<\/p>\n<p>\u00a0<\/p>\n<p>\u00a0<\/p>\n<p>Tra le eccellenze presenti nella citt\u00e0 dei fiori non potevano mancare i vini di una grande terra di bianchi come il Friuli Venezia Giulia, con\u00a0<strong>Friulano e Ribolla Gialla spumante<\/strong>\u00a0che si faranno portavoce della qualit\u00e0 per promuovere un territorio unico, fatto di tradizioni, sapori, profumi e gusti genuini e inconfondibili.<\/p>\n","protected":false},"excerpt":{"rendered":"<p>Luned\u00ec 3 febbraio<\/p>\n","protected":false},"author":28,"featured_media":32377,"comment_status":"closed","ping_status":"closed","sticky":false,"template":"","format":"standard","meta":{"dwc-title":[],"dwc-content":[],"footnotes":""},"categories":[6],"tags":[],"class_list":["post-32376","post","type-post","status-publish","format-standard","has-post-thumbnail","hentry","category-societa"],"rttpg_featured_image_url":{"full":["https:\/\/imagazine.it\/wp-content\/uploads\/2024\/01\/32560-1.webp",750,500,false],"landscape":["https:\/\/imagazine.it\/wp-content\/uploads\/2024\/01\/32560-1.webp",750,500,false],"portraits":["https:\/\/imagazine.it\/wp-content\/uploads\/2024\/01\/32560-1.webp",750,500,false],"thumbnail":["https:\/\/imagazine.it\/wp-content\/uploads\/2024\/01\/32560-1-150x150.webp",150,150,true],"medium":["https:\/\/imagazine.it\/wp-content\/uploads\/2024\/01\/32560-1-300x200.webp",300,200,true],"large":["https:\/\/imagazine.it\/wp-content\/uploads\/2024\/01\/32560-1.webp",640,427,false],"thumblist":["https:\/\/imagazine.it\/wp-content\/uploads\/2024\/01\/32560-1.webp",300,200,false],"thumbrelated":["https:\/\/imagazine.it\/wp-content\/uploads\/2024\/01\/32560-1.webp",500,333,false],"meccarouselthumb":["https:\/\/imagazine.it\/wp-content\/uploads\/2024\/01\/32560-1.webp",474,316,false],"gridsquare":["https:\/\/imagazine.it\/wp-content\/uploads\/2024\/01\/32560-1.webp",391,260,false],"tileview":["https:\/\/imagazine.it\/wp-content\/uploads\/2024\/01\/32560-1.webp",300,200,false],"1536x1536":["https:\/\/imagazine.it\/wp-content\/uploads\/2024\/01\/32560-1.webp",750,500,false],"2048x2048":["https:\/\/imagazine.it\/wp-content\/uploads\/2024\/01\/32560-1.webp",750,500,false],"newsup-slider-full":["https:\/\/imagazine.it\/wp-content\/uploads\/2024\/01\/32560-1.webp",750,500,false],"newsup-featured":["https:\/\/imagazine.it\/wp-content\/uploads\/2024\/01\/32560-1.webp",750,500,false],"newsup-medium":["https:\/\/imagazine.it\/wp-content\/uploads\/2024\/01\/32560-1-720x380.webp",720,380,true],"tptn_thumbnail":["https:\/\/imagazine.it\/wp-content\/uploads\/2024\/01\/32560-1.webp",250,167,false],"sow-carousel-default":["https:\/\/imagazine.it\/wp-content\/uploads\/2024\/01\/32560-1-272x182.webp",272,182,true]},"rttpg_author":{"display_name":"redazione","author_link":"https:\/\/imagazine.it\/home_desk\/author\/redazione\/"},"rttpg_comment":0,"rttpg_category":"<a href=\"https:\/\/imagazine.it\/home_desk\/category\/societa\/\" rel=\"category tag\">SOCIET\u00c0<\/a>","rttpg_excerpt":"Luned\u00ec 3 febbraio","_links":{"self":[{"href":"https:\/\/imagazine.it\/home_desk\/wp-json\/wp\/v2\/posts\/32376","targetHints":{"allow":["GET"]}}],"collection":[{"href":"https:\/\/imagazine.it\/home_desk\/wp-json\/wp\/v2\/posts"}],"about":[{"href":"https:\/\/imagazine.it\/home_desk\/wp-json\/wp\/v2\/types\/post"}],"author":[{"embeddable":true,"href":"https:\/\/imagazine.it\/home_desk\/wp-json\/wp\/v2\/users\/28"}],"replies":[{"embeddable":true,"href":"https:\/\/imagazine.it\/home_desk\/wp-json\/wp\/v2\/comments?post=32376"}],"version-history":[{"count":0,"href":"https:\/\/imagazine.it\/home_desk\/wp-json\/wp\/v2\/posts\/32376\/revisions"}],"wp:featuredmedia":[{"embeddable":true,"href":"https:\/\/imagazine.it\/home_desk\/wp-json\/wp\/v2\/media\/32377"}],"wp:attachment":[{"href":"https:\/\/imagazine.it\/home_desk\/wp-json\/wp\/v2\/media?parent=32376"}],"wp:term":[{"taxonomy":"category","embeddable":true,"href":"https:\/\/imagazine.it\/home_desk\/wp-json\/wp\/v2\/categories?post=32376"},{"taxonomy":"post_tag","embeddable":true,"href":"https:\/\/imagazine.it\/home_desk\/wp-json\/wp\/v2\/tags?post=32376"}],"curies":[{"name":"wp","href":"https:\/\/api.w.org\/{rel}","templated":true}]}}