{"id":32372,"date":"2020-01-31T00:00:00","date_gmt":"2020-01-30T23:00:00","guid":{"rendered":"https:\/\/imagazine.it\/?p=32372"},"modified":"2020-01-31T00:00:00","modified_gmt":"2020-01-30T23:00:00","slug":"novita-in-asu-arriva-robert-tvorogal","status":"publish","type":"post","link":"https:\/\/imagazine.it\/home_desk\/novita-in-asu-arriva-robert-tvorogal\/","title":{"rendered":"Novit\u00e0 in Asu: arriva Robert Tvorogal"},"content":{"rendered":"<p>Novit\u00e0 in casa Asu e in particolare nella sezione dell\u2019artistica maschile: a dar man forte alla squadra (Andrea Basana, Riccardo Bertossi, Carlo Magliocchetti, Enrico Meroni) ci sar\u00e0 <strong>Robert Tvorogal<\/strong>. Il 25enne lituano, con in tasca il pass per Tokyo, sar\u00e0 infatti il prestito straniero dell\u2019Associazione Sportiva Udinese durante il campionato di A2.<\/p>\n<p><strong>ATLETA DI RILIEVO<\/strong> &#8211; Tvorogal, in passato allievo di <strong>Valerij Sosnin<\/strong>, oggi allenatore della compagine bianconera con <strong>Francesco Braidot<\/strong>, arriva dalla citt\u00e0 di Vilnius e vanta una partecipazione ai giochi olimpici di Rio, nel 2016. Nelle pi\u00f9 recenti World Cup si \u00e8 classificato 11\u00b0 (a Parigi) e 6\u00b0 (a Osijek, in Croazia). \u00ab<em>I nostri ragazzi hanno lavorato sodo in questo periodo, il livello qualitativo della squadra lo dimostra<\/em> \u2013 hanno ricordato il vicepresidente di Asu, <strong>Umberto Meroni<\/strong>, e il direttore generale, <strong>Nicola Di Benedetto<\/strong>, che saranno presenti in campo gara \u2013. <em>Siamo fiduciosi e certi che daranno il meglio anche quest\u2019anno, bench\u00e9 sicuramente le difficolt\u00e0 saranno maggiori<\/em>\u00bb.<\/p>\n<p><a href=\"http:\/\/imagazinevideotruck.it\/outlet\/relink.html\" target=\"_top\" rel=\"noopener\"><img loading=\"lazy\" decoding=\"async\" align=\"LEFT\" height=\"250\" src=\"http:\/\/imagazinevideotruck.it\/outlet\/outlet30.gif\" width=\"300\" alt=\"\" title=\"\"><\/a><\/p>\n<p>\u00a0<\/p>\n<p>\u00a0<\/p>\n<p>\u00a0<\/p>\n<p>\u00a0<\/p>\n<p>\u00a0<\/p>\n<p>\u00a0<\/p>\n<p>\u00a0<\/p>\n<p>\u00a0<\/p>\n<p>\u00a0<\/p>\n<p><strong>GAM<\/strong> \u2013 La prima di campionato, in programma a Firenze il 31 gennaio e il primo febbraio, sar\u00e0 un banco di prova importante per i ragazzi dell\u2019Asu. Il pass per la A2 \u00e8 arrivato nel 2019: un\u2019annata partita in maniera strepitosa, con un podio gi\u00e0 alla prima gara e, per concludere in bellezza, il passaggio dalla B alla serie superiore. \u00ab<em>Per noi sar\u00e0 in qualche modo un nuovo inizio, fatto di nuove sfide da affrontare. Non voglio fare previsioni, perch\u00e9 sarebbe davvero prematuro, ma i ragazzi sono determinati e Robert sapr\u00e0 sicuramente darci un importante contributo<\/em>\u00bb, ha precisato Sosnin.<\/p>\n<p><strong>RITMICA &#8211; <\/strong>Sono determinate e cariche anche le farfalle della ritmica, \u00ab<em>una conferma nel panorama italiano e internazionale<\/em>\u00bb, ha sottolineato Di Benedetto. Una squadra quasi completamente nuova quella che si presenter\u00e0 a Fabriano il primo e il 2 febbraio. Capitanata da <strong>Alexandra Agiurgiuculese<\/strong>, la compagine bianconera sar\u00e0 composta da <strong>Irina Annenkova<\/strong> (il prestito straniero, numero 5 in Russia, e gi\u00e0 vincitrice dei Giochi Olimpici giovanili nel 2014), <strong>Tara Dragas<\/strong> (campionessa italiana allieve nel 2019), e per la prima volta anche da <strong>Miriam Marina<\/strong> e <strong>Isabelle Tavano<\/strong> (entrambe parte del gruppo scelto e di interesse nazionale). \u00ab<em>La squadra \u00e8 veramente giovane<\/em> \u2013 ha ricordato <strong>Spela Dragas<\/strong>, che allena le farfalle dell\u2019Asu con <strong>Magda Pigano<\/strong> \u2013. <em>Tara ne fa parte gi\u00e0 da due anni, nel 2020, per\u00f2, per la prima volta sar\u00e0 elemento fisso. Alex porter\u00e0 invece il programma olimpico, molto competitivo, con due punti in pi\u00f9 rispetto allo scorso anno. Potranno dunque aumentare le soddisfazioni ma anche i rischi. Per quanto riguarda Irina, contiamo sulla sua maturit\u00e0 atletica e la sua esperienza. Per Miriam e Isabelle sar\u00e0 un bel salto, loro cominceranno rispettivamente con palla e nastro<\/em>\u00bb.<\/p>\n<p>In questo 2020 potr\u00e0 davvero succedere di tutto, anche considerate le nuove regole in vigore: le ginnaste dei piccoli attrezzi affronteranno le prime tre tappe (dopo Fabriano ci saranno Eboli il 15-16 febbraio e Desio il 29 febbraio-1 marzo) della cosiddetta \u201cregular season\u201d per arrivare all\u2019ultima gara, quella con le \u201cfinal six\u201d, che decreter\u00e0 la societ\u00e0 campione d\u2019Italia. Appuntamento, quest\u2019ultimo, trasmesso in diretta tv.<\/p>\n<p>L\u2019aspirazione per l\u2019Asu resta il podio, anche se \u00ab<em>ci troveremo svantaggiate nella prima prova perch\u00e9, viste le nuove direttive, non potremo avere con noi Irina<\/em>\u00bb, ha ricordato Dragas. Perci\u00f2 innanzitutto \u00ab<em>dobbiamo pensare a dare il massimo per arrivare fra le prime sei e accedere alla \u201cfinal six\u201d. Fatto questo penseremo a raggiungere i primissimi posti come ormai avviene da diversi anni<\/em>\u00bb.<\/p>\n<p>\u00a0<\/p>\n","protected":false},"excerpt":{"rendered":"<p>Al via il torneo nazionale<\/p>\n","protected":false},"author":28,"featured_media":32373,"comment_status":"closed","ping_status":"closed","sticky":false,"template":"","format":"standard","meta":{"dwc-title":[],"dwc-content":[],"footnotes":""},"categories":[38],"tags":[],"class_list":["post-32372","post","type-post","status-publish","format-standard","has-post-thumbnail","hentry","category-sport"],"rttpg_featured_image_url":{"full":["https:\/\/imagazine.it\/wp-content\/uploads\/2024\/01\/32551-1.webp",750,438,false],"landscape":["https:\/\/imagazine.it\/wp-content\/uploads\/2024\/01\/32551-1.webp",750,438,false],"portraits":["https:\/\/imagazine.it\/wp-content\/uploads\/2024\/01\/32551-1.webp",750,438,false],"thumbnail":["https:\/\/imagazine.it\/wp-content\/uploads\/2024\/01\/32551-1-150x150.webp",150,150,true],"medium":["https:\/\/imagazine.it\/wp-content\/uploads\/2024\/01\/32551-1-300x175.webp",300,175,true],"large":["https:\/\/imagazine.it\/wp-content\/uploads\/2024\/01\/32551-1.webp",640,374,false],"thumblist":["https:\/\/imagazine.it\/wp-content\/uploads\/2024\/01\/32551-1.webp",300,175,false],"thumbrelated":["https:\/\/imagazine.it\/wp-content\/uploads\/2024\/01\/32551-1.webp",500,292,false],"meccarouselthumb":["https:\/\/imagazine.it\/wp-content\/uploads\/2024\/01\/32551-1.webp",474,277,false],"gridsquare":["https:\/\/imagazine.it\/wp-content\/uploads\/2024\/01\/32551-1.webp",391,228,false],"tileview":["https:\/\/imagazine.it\/wp-content\/uploads\/2024\/01\/32551-1.webp",300,175,false],"1536x1536":["https:\/\/imagazine.it\/wp-content\/uploads\/2024\/01\/32551-1.webp",750,438,false],"2048x2048":["https:\/\/imagazine.it\/wp-content\/uploads\/2024\/01\/32551-1.webp",750,438,false],"newsup-slider-full":["https:\/\/imagazine.it\/wp-content\/uploads\/2024\/01\/32551-1.webp",750,438,false],"newsup-featured":["https:\/\/imagazine.it\/wp-content\/uploads\/2024\/01\/32551-1.webp",750,438,false],"newsup-medium":["https:\/\/imagazine.it\/wp-content\/uploads\/2024\/01\/32551-1-720x380.webp",720,380,true],"tptn_thumbnail":["https:\/\/imagazine.it\/wp-content\/uploads\/2024\/01\/32551-1.webp",250,146,false],"sow-carousel-default":["https:\/\/imagazine.it\/wp-content\/uploads\/2024\/01\/32551-1-272x182.webp",272,182,true]},"rttpg_author":{"display_name":"redazione","author_link":"https:\/\/imagazine.it\/home_desk\/author\/redazione\/"},"rttpg_comment":0,"rttpg_category":"<a href=\"https:\/\/imagazine.it\/home_desk\/category\/sport\/\" rel=\"category tag\">SPORT<\/a>","rttpg_excerpt":"Al via il torneo nazionale","_links":{"self":[{"href":"https:\/\/imagazine.it\/home_desk\/wp-json\/wp\/v2\/posts\/32372","targetHints":{"allow":["GET"]}}],"collection":[{"href":"https:\/\/imagazine.it\/home_desk\/wp-json\/wp\/v2\/posts"}],"about":[{"href":"https:\/\/imagazine.it\/home_desk\/wp-json\/wp\/v2\/types\/post"}],"author":[{"embeddable":true,"href":"https:\/\/imagazine.it\/home_desk\/wp-json\/wp\/v2\/users\/28"}],"replies":[{"embeddable":true,"href":"https:\/\/imagazine.it\/home_desk\/wp-json\/wp\/v2\/comments?post=32372"}],"version-history":[{"count":0,"href":"https:\/\/imagazine.it\/home_desk\/wp-json\/wp\/v2\/posts\/32372\/revisions"}],"wp:featuredmedia":[{"embeddable":true,"href":"https:\/\/imagazine.it\/home_desk\/wp-json\/wp\/v2\/media\/32373"}],"wp:attachment":[{"href":"https:\/\/imagazine.it\/home_desk\/wp-json\/wp\/v2\/media?parent=32372"}],"wp:term":[{"taxonomy":"category","embeddable":true,"href":"https:\/\/imagazine.it\/home_desk\/wp-json\/wp\/v2\/categories?post=32372"},{"taxonomy":"post_tag","embeddable":true,"href":"https:\/\/imagazine.it\/home_desk\/wp-json\/wp\/v2\/tags?post=32372"}],"curies":[{"name":"wp","href":"https:\/\/api.w.org\/{rel}","templated":true}]}}