{"id":32368,"date":"2020-01-30T00:00:00","date_gmt":"2020-01-29T23:00:00","guid":{"rendered":"https:\/\/imagazine.it\/?p=32368"},"modified":"2020-01-30T00:00:00","modified_gmt":"2020-01-29T23:00:00","slug":"100-giorni-al-giro-san-daniele-si-tinge-di-rosa","status":"publish","type":"post","link":"https:\/\/imagazine.it\/home_desk\/100-giorni-al-giro-san-daniele-si-tinge-di-rosa\/","title":{"rendered":"100 giorni al Giro, San Daniele si tinge di rosa"},"content":{"rendered":"<p>Mancano esattamente 100 giorni alla partenza del Giro d\u2019Italia e le citt\u00e0 che, di tappa in tappa, ospiteranno la manifestazione ciclistica pi\u00f9 famosa del Paese, hanno voluto mostrare al mondo, il loro legame con la Corsa Rosa, illuminando i simboli che le rappresentano. Monumenti, piazze, strade e angoli pi\u00f9 unici che rari, verranno esaltati da giochi di luce a tinte rosa, per testimoniare l\u2019affetto e il legame profondo e indissolubile tra il territorio e la Gara.<\/p>\n<p>Anche San Daniele del Friuli ha voluto prender parte all&#39;iniziativa donando per un giorno ai suoi edifici pi\u00f9 rappresentativi, il colore del Giro per eccellenza: il Duomo, la biblioteca Guarneriana, il Portonat e la Chiesa del Castello si sono vestiti di nuova luce per uno spettacolo mai visto prima, in grado di creare un\u2019atmosfera suggestiva.<\/p>\n<p>Ora l\u2019appuntamento \u00e8 per il 26 maggio in occasione della sedicesima tappa che partendo da Udine raggiunger\u00e0 la citt\u00e0 del prosciutto.<\/p>\n","protected":false},"excerpt":{"rendered":"<p>Iniziativa condivisa da diverse localit\u00e0<\/p>\n","protected":false},"author":28,"featured_media":32369,"comment_status":"closed","ping_status":"closed","sticky":false,"template":"","format":"standard","meta":{"dwc-title":[],"dwc-content":[],"footnotes":""},"categories":[6],"tags":[],"class_list":["post-32368","post","type-post","status-publish","format-standard","has-post-thumbnail","hentry","category-societa"],"rttpg_featured_image_url":{"full":["https:\/\/imagazine.it\/wp-content\/uploads\/2024\/01\/32547-1.webp",750,421,false],"landscape":["https:\/\/imagazine.it\/wp-content\/uploads\/2024\/01\/32547-1.webp",750,421,false],"portraits":["https:\/\/imagazine.it\/wp-content\/uploads\/2024\/01\/32547-1.webp",750,421,false],"thumbnail":["https:\/\/imagazine.it\/wp-content\/uploads\/2024\/01\/32547-1-150x150.webp",150,150,true],"medium":["https:\/\/imagazine.it\/wp-content\/uploads\/2024\/01\/32547-1-300x168.webp",300,168,true],"large":["https:\/\/imagazine.it\/wp-content\/uploads\/2024\/01\/32547-1.webp",640,359,false],"thumblist":["https:\/\/imagazine.it\/wp-content\/uploads\/2024\/01\/32547-1.webp",300,168,false],"thumbrelated":["https:\/\/imagazine.it\/wp-content\/uploads\/2024\/01\/32547-1.webp",500,281,false],"meccarouselthumb":["https:\/\/imagazine.it\/wp-content\/uploads\/2024\/01\/32547-1.webp",474,266,false],"gridsquare":["https:\/\/imagazine.it\/wp-content\/uploads\/2024\/01\/32547-1.webp",391,219,false],"tileview":["https:\/\/imagazine.it\/wp-content\/uploads\/2024\/01\/32547-1.webp",300,168,false],"1536x1536":["https:\/\/imagazine.it\/wp-content\/uploads\/2024\/01\/32547-1.webp",750,421,false],"2048x2048":["https:\/\/imagazine.it\/wp-content\/uploads\/2024\/01\/32547-1.webp",750,421,false],"newsup-slider-full":["https:\/\/imagazine.it\/wp-content\/uploads\/2024\/01\/32547-1.webp",750,421,false],"newsup-featured":["https:\/\/imagazine.it\/wp-content\/uploads\/2024\/01\/32547-1.webp",750,421,false],"newsup-medium":["https:\/\/imagazine.it\/wp-content\/uploads\/2024\/01\/32547-1-720x380.webp",720,380,true],"tptn_thumbnail":["https:\/\/imagazine.it\/wp-content\/uploads\/2024\/01\/32547-1.webp",250,140,false],"sow-carousel-default":["https:\/\/imagazine.it\/wp-content\/uploads\/2024\/01\/32547-1-272x182.webp",272,182,true]},"rttpg_author":{"display_name":"redazione","author_link":"https:\/\/imagazine.it\/home_desk\/author\/redazione\/"},"rttpg_comment":0,"rttpg_category":"<a href=\"https:\/\/imagazine.it\/home_desk\/category\/societa\/\" rel=\"category tag\">SOCIET\u00c0<\/a>","rttpg_excerpt":"Iniziativa condivisa da diverse localit\u00e0","_links":{"self":[{"href":"https:\/\/imagazine.it\/home_desk\/wp-json\/wp\/v2\/posts\/32368","targetHints":{"allow":["GET"]}}],"collection":[{"href":"https:\/\/imagazine.it\/home_desk\/wp-json\/wp\/v2\/posts"}],"about":[{"href":"https:\/\/imagazine.it\/home_desk\/wp-json\/wp\/v2\/types\/post"}],"author":[{"embeddable":true,"href":"https:\/\/imagazine.it\/home_desk\/wp-json\/wp\/v2\/users\/28"}],"replies":[{"embeddable":true,"href":"https:\/\/imagazine.it\/home_desk\/wp-json\/wp\/v2\/comments?post=32368"}],"version-history":[{"count":0,"href":"https:\/\/imagazine.it\/home_desk\/wp-json\/wp\/v2\/posts\/32368\/revisions"}],"wp:featuredmedia":[{"embeddable":true,"href":"https:\/\/imagazine.it\/home_desk\/wp-json\/wp\/v2\/media\/32369"}],"wp:attachment":[{"href":"https:\/\/imagazine.it\/home_desk\/wp-json\/wp\/v2\/media?parent=32368"}],"wp:term":[{"taxonomy":"category","embeddable":true,"href":"https:\/\/imagazine.it\/home_desk\/wp-json\/wp\/v2\/categories?post=32368"},{"taxonomy":"post_tag","embeddable":true,"href":"https:\/\/imagazine.it\/home_desk\/wp-json\/wp\/v2\/tags?post=32368"}],"curies":[{"name":"wp","href":"https:\/\/api.w.org\/{rel}","templated":true}]}}