{"id":32366,"date":"2020-01-28T00:00:00","date_gmt":"2020-01-27T23:00:00","guid":{"rendered":"https:\/\/imagazine.it\/?p=32366"},"modified":"2020-01-28T00:00:00","modified_gmt":"2020-01-27T23:00:00","slug":"baseball-per-ciechi-nuove-emozioni-a-staranzano","status":"publish","type":"post","link":"https:\/\/imagazine.it\/home_desk\/baseball-per-ciechi-nuove-emozioni-a-staranzano\/","title":{"rendered":"Baseball per ciechi, nuove emozioni a Staranzano"},"content":{"rendered":"<p>La stagione agonistica\u00a02019 del baseball per disabili visivi\u00a0si \u00e8 chiusa nella migliore maniera possibile, con la\u00a0Nazionale Italiana Campione Intercontinentale nel &#8220;Torneo Mole&#39;s Cup&#8221; disputatosi in ottobre a Roma con le Nazionali provenienti da USA, Cuba, Francia, Germania, Gran Bretagna e che ha visto il successo italiano nei confronti di Cuba in una finale carica di tensione.<\/p>\n<p>Per l\u2019A.S.D. Staranzano BXC da sottolineare il riconoscimento come &#8220;miglior esordiente 2019&#8221; al giocatore di origine afghana <strong>Mohammad Kakar<\/strong>.<\/p>\n<p>Il 2020 si \u00e8 aperto con prestigio per l\u2019AIBXC: nella &#8220;convention CON6&#8221; svoltasi a Rimini lo scorso 25 gennaio il presidente nazionale <strong>Alfredo Mazzanti<\/strong> \u00e8 stato insignito nella \u201cHall of Fame&#8221; dei dirigenti. Questo titolo premia\u00a0anche il suo sforzo, iniziato circa 30 anni fa assieme a Meli e altri ottusi giocatori, di portare la disciplina del baseball ai disabili visivi dando modo a loro di esercitare questo sport e di integrarli socialmente tramite il mondo del baseball.\u00a0<\/p>\n<p>Uno\u00a0sforzo perseguito da varie realt\u00e0 regionali, tra cui Staranzano, unica esperienza in corso dal 2015 in Friuli Venezia Giulia, che sta lavorando in una realt\u00e0 non compresa da tutti ma condivisa da molti, dove si sta espandendo il senso di socialit\u00e0 e solidariet\u00e0 del progetto che mira a dare spazio e visibilit\u00e0 a giocatori ciechi o ipovedenti.<\/p>\n<p>Per quanto riguarda la parte agonistica, \u00e8 prossimo alla partenza il Campionato di categoria BXC 2020 che vede A.S.D. STARANZANO BXC impegnata sul diamante Comunale a sfidarsi nelle giornate del 22 marzo contro Patrini Malnate, del aprile contro Umbria Redskins, del 10 maggio contro Bologna White Sox, del giugno contro Lampi Milano.<\/p>\n<p>Oltre agli appuntamenti di Campionato, i paperi staranzanesi sono impegnati in un torneo pre-campionato in Umbria (14 e 15 marzo) organizzato anche dai LIONS di Perugia, i quali stanno gi\u00e0 lavorando per un importante evento sul Comunale di Staranzano unitamente ad altre associazioni di volontariato nel condividere la realt\u00e0 sportiva in atto durante uno degli incontri casalinghi del sodalizio.<\/p>\n<p>Ma il clou della stagione agonistica del BXC vede la collaborazione del sodalizio Staranzanese con la Societ\u00e0 dei Tigers di Cervignano per organizzare domenica 9 agosto un triangolare europeo di baseball per ciechi con squadre di club provenienti dalla Germania e dall&#39;Inghilterra.<\/p>\n","protected":false},"excerpt":{"rendered":"<p>A marzo parte il campionato<\/p>\n","protected":false},"author":12,"featured_media":32367,"comment_status":"closed","ping_status":"closed","sticky":false,"template":"","format":"standard","meta":{"dwc-title":[],"dwc-content":[],"footnotes":""},"categories":[38],"tags":[],"class_list":["post-32366","post","type-post","status-publish","format-standard","has-post-thumbnail","hentry","category-sport"],"rttpg_featured_image_url":{"full":["https:\/\/imagazine.it\/wp-content\/uploads\/2024\/01\/32542-1.webp",750,500,false],"landscape":["https:\/\/imagazine.it\/wp-content\/uploads\/2024\/01\/32542-1.webp",750,500,false],"portraits":["https:\/\/imagazine.it\/wp-content\/uploads\/2024\/01\/32542-1.webp",750,500,false],"thumbnail":["https:\/\/imagazine.it\/wp-content\/uploads\/2024\/01\/32542-1-150x150.webp",150,150,true],"medium":["https:\/\/imagazine.it\/wp-content\/uploads\/2024\/01\/32542-1-300x200.webp",300,200,true],"large":["https:\/\/imagazine.it\/wp-content\/uploads\/2024\/01\/32542-1.webp",640,427,false],"thumblist":["https:\/\/imagazine.it\/wp-content\/uploads\/2024\/01\/32542-1.webp",300,200,false],"thumbrelated":["https:\/\/imagazine.it\/wp-content\/uploads\/2024\/01\/32542-1.webp",500,333,false],"meccarouselthumb":["https:\/\/imagazine.it\/wp-content\/uploads\/2024\/01\/32542-1.webp",474,316,false],"gridsquare":["https:\/\/imagazine.it\/wp-content\/uploads\/2024\/01\/32542-1.webp",391,260,false],"tileview":["https:\/\/imagazine.it\/wp-content\/uploads\/2024\/01\/32542-1.webp",300,200,false],"1536x1536":["https:\/\/imagazine.it\/wp-content\/uploads\/2024\/01\/32542-1.webp",750,500,false],"2048x2048":["https:\/\/imagazine.it\/wp-content\/uploads\/2024\/01\/32542-1.webp",750,500,false],"newsup-slider-full":["https:\/\/imagazine.it\/wp-content\/uploads\/2024\/01\/32542-1.webp",750,500,false],"newsup-featured":["https:\/\/imagazine.it\/wp-content\/uploads\/2024\/01\/32542-1.webp",750,500,false],"newsup-medium":["https:\/\/imagazine.it\/wp-content\/uploads\/2024\/01\/32542-1-720x380.webp",720,380,true],"tptn_thumbnail":["https:\/\/imagazine.it\/wp-content\/uploads\/2024\/01\/32542-1.webp",250,167,false],"sow-carousel-default":["https:\/\/imagazine.it\/wp-content\/uploads\/2024\/01\/32542-1-272x182.webp",272,182,true]},"rttpg_author":{"display_name":"Claudio Pizzin","author_link":"https:\/\/imagazine.it\/home_desk\/author\/pizzin\/"},"rttpg_comment":0,"rttpg_category":"<a href=\"https:\/\/imagazine.it\/home_desk\/category\/sport\/\" rel=\"category tag\">SPORT<\/a>","rttpg_excerpt":"A marzo parte il campionato","_links":{"self":[{"href":"https:\/\/imagazine.it\/home_desk\/wp-json\/wp\/v2\/posts\/32366","targetHints":{"allow":["GET"]}}],"collection":[{"href":"https:\/\/imagazine.it\/home_desk\/wp-json\/wp\/v2\/posts"}],"about":[{"href":"https:\/\/imagazine.it\/home_desk\/wp-json\/wp\/v2\/types\/post"}],"author":[{"embeddable":true,"href":"https:\/\/imagazine.it\/home_desk\/wp-json\/wp\/v2\/users\/12"}],"replies":[{"embeddable":true,"href":"https:\/\/imagazine.it\/home_desk\/wp-json\/wp\/v2\/comments?post=32366"}],"version-history":[{"count":0,"href":"https:\/\/imagazine.it\/home_desk\/wp-json\/wp\/v2\/posts\/32366\/revisions"}],"wp:featuredmedia":[{"embeddable":true,"href":"https:\/\/imagazine.it\/home_desk\/wp-json\/wp\/v2\/media\/32367"}],"wp:attachment":[{"href":"https:\/\/imagazine.it\/home_desk\/wp-json\/wp\/v2\/media?parent=32366"}],"wp:term":[{"taxonomy":"category","embeddable":true,"href":"https:\/\/imagazine.it\/home_desk\/wp-json\/wp\/v2\/categories?post=32366"},{"taxonomy":"post_tag","embeddable":true,"href":"https:\/\/imagazine.it\/home_desk\/wp-json\/wp\/v2\/tags?post=32366"}],"curies":[{"name":"wp","href":"https:\/\/api.w.org\/{rel}","templated":true}]}}