{"id":32352,"date":"2020-01-29T00:00:00","date_gmt":"2020-01-28T23:00:00","guid":{"rendered":"https:\/\/imagazine.it\/?p=32352"},"modified":"2020-01-29T00:00:00","modified_gmt":"2020-01-28T23:00:00","slug":"serata-evento-per-le-associazioni-triestine-di-volontariato","status":"publish","type":"post","link":"https:\/\/imagazine.it\/home_desk\/serata-evento-per-le-associazioni-triestine-di-volontariato\/","title":{"rendered":"Serata evento per le associazioni triestine di volontariato"},"content":{"rendered":"<p><em>\u201cVolontariAMO\u201d<\/em> \u00e8 il titolo della serata di beneficenza in programma<strong> al Teatro Rossetti di Trieste sabato 7 marzo, alle 20.30,<\/strong> a favore delle associazioni di volontariato che collaborano con l\u2019IRCSS materno infantile Burlo Garofolo<em>, <\/em>promossa dalla sezione di Trieste della Lilt (Lega italiana per la lotta contro i tumori), su iniziativa di <strong>Stefano Gasperini<\/strong> de\u2019 I Soliti Pooh e di <strong>Viviana Penso<\/strong> di Emporio Danza, in coorganizzazione con il Comune di Trieste e il patrocinio di Regione Friuli Venezia Giulia, Irccs Burlo Garofolo, Azienda Sanitaria Universitaria Giuliano Isontina, Ordine dei Medici Chirurghi e Odontoiatri della Provincia di Trieste.\u00a0<\/p>\n<p>La serata di beneficenza, per la quale \u00e8 gi\u00e0 stata avviata la prevendita biglietti presso il Rossetti e i circuiti online <em>(platea 16 euro; 13 per i gruppi superiori alle 10 persone; prima galleria 11 euro; seconda galleria 9 euro),<\/em> \u00e8 stata illustrata nel corso di una conferenza stampa tenutasi stamane in municipio a Trieste, alla presenza dell\u2019assessore comunale alle Attivit\u00e0 Economiche, Teatri ed Esof2020 <strong>Serena Tonel<\/strong>, del presidente della Lilt Trieste <strong>Bruna Scaggiante<\/strong>, di Stefano Gasperini e Viviana Penso.<\/p>\n<p>Le associazioni tra cui sar\u00e0 devoluto il ricavato, al netto delle spese, e che avranno l\u2019opportunit\u00e0 di farsi meglio conoscere, sono: A.B.C. Associazione per i Bambini Chirurgici del Burlo ONLUS &#8211; A.G.M.E.N. F.V.G. Associazione Genitori Malati Emopatici Neoplastici &#8211; Arpa a dieci corde \u2013 Astro onlus, Associazione triestina ospedaliera per il sorriso dei bambini\u00a0 &#8211; Centro di Aiuto alla Vita \u201cMarisa\u201d &#8211; Fondazione Luchetta Ota D&#39;Angelo Hrovatin &#8211; Ins\u00f9 Associazione giovani diabetici sezione di Trieste &#8211; La Leche Legue Italia (Lega per l&#39;allattamento materno) &#8211; Lega Italiana Fibrosi Cistica &#8211; Lilt, Lega Italiana per la lotta contro i tumori di Trieste &#8211; Mamme alla Pari &#8211; Scricciolo onlus.<\/p>\n<p><a href=\"http:\/\/imagazinevideotruck.it\/outlet\/relink.html\" target=\"_top\" rel=\"noopener\"><img loading=\"lazy\" decoding=\"async\" align=\"LEFT\" height=\"250\" src=\"http:\/\/imagazinevideotruck.it\/outlet\/outlet30.gif\" width=\"300\" alt=\"\" title=\"\"><\/a><\/p>\n<p>\u00a0<\/p>\n<p>\u00a0<\/p>\n<p>\u00a0<\/p>\n<p>\u00a0<\/p>\n<p>\u00a0<\/p>\n<p>\u00a0<\/p>\n<p>\u00a0<\/p>\n<p>\u00a0<\/p>\n<p>\u00a0<\/p>\n<p>Sul palco si esibiranno La Tribute Band \u201cI soliti Pooh\u201d ed \u201cEmporio Danza\u201d, insieme alla violinista di talento <strong>Eleonora Montagnana<\/strong>, in arte \u201cOrange\u201d, e a <strong>Mia Gabusi<\/strong>, nuova insegnante di <em>Ballando con le stelle<\/em>. \u00a0\u00a0\u00a0\u00a0\u00a0\u00a0\u00a0 Durante la serata verranno proposti i maggiori successi degli intramontabili Pooh e si esibiranno sui brani live i bravissimi ballerini di \u201cEmporio Danza di Trieste ASD\u201d, scuola di ballo triestina diretta dalla maestra Viviana Penso. Un abbinamento risultato vincente e accattivante gi\u00e0 nello spettacolo tenutosi al Teatro Bobbio nel novembre 2018, che ha registrato il sold out. La show band triestina (che con questo concerto arriver\u00e0 al sesto evento di beneficenza nei quattro anni dall\u2019avvio dell\u2019attivit\u00e0) si cimenter\u00e0 anche in questa occasione in una esibizione unica per qualit\u00e0 musicale e coreografia.<\/p>\n<p>Presentano <strong>Cristina Di Gleria<\/strong> e <strong>Raffaele Prestinenzi<\/strong>.<\/p>\n<p>La direzione artistica \u00e8 di Stefano Gasperini e Viviana Penso, lw scenografie di Chiara Barichello, la grafica di Anna Galavotti, video a cura di Denise Zerjal e Paolo Sinigaglia, coordinamento di Bruna Scaggiante.<\/p>\n","protected":false},"excerpt":{"rendered":"<p>Presentata &#8220;VolontariAMO&#8221;<\/p>\n","protected":false},"author":28,"featured_media":32353,"comment_status":"closed","ping_status":"closed","sticky":false,"template":"","format":"standard","meta":{"dwc-title":[],"dwc-content":[],"footnotes":""},"categories":[5],"tags":[],"class_list":["post-32352","post","type-post","status-publish","format-standard","has-post-thumbnail","hentry","category-attualita"],"rttpg_featured_image_url":{"full":["https:\/\/imagazine.it\/wp-content\/uploads\/2024\/01\/32507-1.webp",750,304,false],"landscape":["https:\/\/imagazine.it\/wp-content\/uploads\/2024\/01\/32507-1.webp",750,304,false],"portraits":["https:\/\/imagazine.it\/wp-content\/uploads\/2024\/01\/32507-1.webp",750,304,false],"thumbnail":["https:\/\/imagazine.it\/wp-content\/uploads\/2024\/01\/32507-1-150x150.webp",150,150,true],"medium":["https:\/\/imagazine.it\/wp-content\/uploads\/2024\/01\/32507-1-300x122.webp",300,122,true],"large":["https:\/\/imagazine.it\/wp-content\/uploads\/2024\/01\/32507-1.webp",640,259,false],"thumblist":["https:\/\/imagazine.it\/wp-content\/uploads\/2024\/01\/32507-1.webp",300,122,false],"thumbrelated":["https:\/\/imagazine.it\/wp-content\/uploads\/2024\/01\/32507-1.webp",500,203,false],"meccarouselthumb":["https:\/\/imagazine.it\/wp-content\/uploads\/2024\/01\/32507-1.webp",474,192,false],"gridsquare":["https:\/\/imagazine.it\/wp-content\/uploads\/2024\/01\/32507-1.webp",391,158,false],"tileview":["https:\/\/imagazine.it\/wp-content\/uploads\/2024\/01\/32507-1.webp",300,122,false],"1536x1536":["https:\/\/imagazine.it\/wp-content\/uploads\/2024\/01\/32507-1.webp",750,304,false],"2048x2048":["https:\/\/imagazine.it\/wp-content\/uploads\/2024\/01\/32507-1.webp",750,304,false],"newsup-slider-full":["https:\/\/imagazine.it\/wp-content\/uploads\/2024\/01\/32507-1.webp",750,304,false],"newsup-featured":["https:\/\/imagazine.it\/wp-content\/uploads\/2024\/01\/32507-1.webp",750,304,false],"newsup-medium":["https:\/\/imagazine.it\/wp-content\/uploads\/2024\/01\/32507-1-720x304.webp",720,304,true],"tptn_thumbnail":["https:\/\/imagazine.it\/wp-content\/uploads\/2024\/01\/32507-1.webp",250,101,false],"sow-carousel-default":["https:\/\/imagazine.it\/wp-content\/uploads\/2024\/01\/32507-1-272x182.webp",272,182,true]},"rttpg_author":{"display_name":"redazione","author_link":"https:\/\/imagazine.it\/home_desk\/author\/redazione\/"},"rttpg_comment":0,"rttpg_category":"<a href=\"https:\/\/imagazine.it\/home_desk\/category\/attualita\/\" rel=\"category tag\">ATTUALIT\u00c0<\/a>","rttpg_excerpt":"Presentata \"VolontariAMO\"","_links":{"self":[{"href":"https:\/\/imagazine.it\/home_desk\/wp-json\/wp\/v2\/posts\/32352","targetHints":{"allow":["GET"]}}],"collection":[{"href":"https:\/\/imagazine.it\/home_desk\/wp-json\/wp\/v2\/posts"}],"about":[{"href":"https:\/\/imagazine.it\/home_desk\/wp-json\/wp\/v2\/types\/post"}],"author":[{"embeddable":true,"href":"https:\/\/imagazine.it\/home_desk\/wp-json\/wp\/v2\/users\/28"}],"replies":[{"embeddable":true,"href":"https:\/\/imagazine.it\/home_desk\/wp-json\/wp\/v2\/comments?post=32352"}],"version-history":[{"count":0,"href":"https:\/\/imagazine.it\/home_desk\/wp-json\/wp\/v2\/posts\/32352\/revisions"}],"wp:featuredmedia":[{"embeddable":true,"href":"https:\/\/imagazine.it\/home_desk\/wp-json\/wp\/v2\/media\/32353"}],"wp:attachment":[{"href":"https:\/\/imagazine.it\/home_desk\/wp-json\/wp\/v2\/media?parent=32352"}],"wp:term":[{"taxonomy":"category","embeddable":true,"href":"https:\/\/imagazine.it\/home_desk\/wp-json\/wp\/v2\/categories?post=32352"},{"taxonomy":"post_tag","embeddable":true,"href":"https:\/\/imagazine.it\/home_desk\/wp-json\/wp\/v2\/tags?post=32352"}],"curies":[{"name":"wp","href":"https:\/\/api.w.org\/{rel}","templated":true}]}}