{"id":32344,"date":"2020-01-28T00:00:00","date_gmt":"2020-01-27T23:00:00","guid":{"rendered":"https:\/\/imagazine.it\/?p=32344"},"modified":"2020-01-28T00:00:00","modified_gmt":"2020-01-27T23:00:00","slug":"trieste-inaugurata-la-linea-bus-per-porto-vecchio","status":"publish","type":"post","link":"https:\/\/imagazine.it\/home_desk\/trieste-inaugurata-la-linea-bus-per-porto-vecchio\/","title":{"rendered":"Trieste, inaugurata la linea bus per Porto Vecchio"},"content":{"rendered":"<p>Inaugurata e presentata nel corso di una conferenza stampa la nuova <strong>linea bus \u201c81\u201d<\/strong> di Trieste Trasporti, ubicata nello spiazzo\/fermata in piazza della Borsa (di fronte alla farmacia), che a partire da oggi, tutti i giorni, da luned\u00ec a domenica, garantir\u00e0 un collegamento diretto con il Porto Vecchio. \u00a0\u00a0\u00a0\u00a0<\/p>\n<p>A terra e poi a bordo, nel corso del primo \u2018viaggio inaugurale\u2019 che ha fatto poi sosta al nuovo Info Point del Magazzino 26 di Porto Vecchio, erano presenti gli assessori comunali alla Cultura <strong>Giorgio Rossi<\/strong>, alla Citt\u00e0, Urbanistica e Ambiente <strong>Luisa Polli <\/strong>e alle Attivit\u00e0 Economiche <strong>Serena Tonel<\/strong>, il presidente del Consiglio comunale <strong>Francesco Panteca<\/strong>, i presidenti di Trieste Trasporti <strong>Pier Giorgio Luccarini <\/strong>e di Federalberghi Trieste <strong>Guerrino Lanci<\/strong>, oltre a consiglieri comunali, tra cui <strong>Everest Bertoli<\/strong>, cittadini e curiosi.<\/p>\n<p>\u201cLa nuova linea \u201c81\u201d anticipa i grandi lavori in vista di Esof2020 \u2013 ha sottolineato l\u2019assessore Rossi, ringraziando Trieste Trasporti \u2013 ed \u00e8 nata per far conoscere e vedere la grande e importante trasformazione che si sta attuando in Porto Vecchio, dal Centro Congressi (con all\u2019interno una sala allestita per gli spettacoli) alla nuova rotatoria, dall\u2019Immaginario Scientifico a una parte del Museo del Mare, oltre allo spostamento del Magazzino 18. Sar\u00e0 una splendida realt\u00e0 di grande impatto turistico ed economico a beneficio della citt\u00e0\u201d.<\/p>\n<p>\u201cStiamo lavorando sul chilometraggio cittadino affinch\u00e9 a partire da maggio, allo scadere del contratto, questa linea sia usufruibile appieno anche dai cittadini nel percorso casa\/lavoro grazie agli introiti della tassa di soggiorno \u2013 ha affermato l\u2019assessore Polli \u2013. Ci occuperemo anche per dare risposte agli altri rioni. Intanto questo \u00e8 un primo tassello a supporto del grande evento di Esof2020\u201d.<\/p>\n<p>Il nuovo Info Point Turistico di Porto Vecchio, gestito da PromoTurismoFVG, sar\u00e0 regolarmente aperto dal luned\u00ec alla domenica, dalle 11 alle 17 , nonch\u00e9 le due sezioni della mostra permanente: la prima sulle navi del Lloyd Triestino, la seconda dedicata alla pesca, entrambe sezioni visitabili gratuitamente, dal gioved\u00ec alla domenica.<\/p>\n<p><a href=\"http:\/\/imagazinevideotruck.it\/outlet\/relink.html\" target=\"_top\" rel=\"noopener\"><img loading=\"lazy\" decoding=\"async\" align=\"LEFT\" height=\"250\" src=\"http:\/\/imagazinevideotruck.it\/outlet\/outlet30.gif\" width=\"300\" alt=\"\" title=\"\"><\/a><\/p>\n<p>\u00a0<\/p>\n<p>\u00a0<\/p>\n<p>\u00a0<\/p>\n<p>\u00a0<\/p>\n<p>\u00a0<\/p>\n<p>\u00a0<\/p>\n<p>\u00a0<\/p>\n<p>\u00a0<\/p>\n<p>\u00a0<\/p>\n<p>In via provvisoria l\u201981, che partir\u00e0 quotidianamente ogni 40 minuti, a partire dalle ore 10.25 da piazza della Borsa con ultima corsa alle 17.05 da piazza della Borsa e alle 17.25 da Porto Vecchio, effettuer\u00e0 in via provvisoria delle fermate lungo il percorso in via Filzi, viale Miramare (Parisi e Roiano), al Magazzino 26 e ritorno in viale Miramare (Roiano e Stazione ferroviaria), piazza Duca degli Abruzzi e piazza della Borsa.<\/p>\n","protected":false},"excerpt":{"rendered":"<p>Prima corsa per la &#8220;81&#8221;<\/p>\n","protected":false},"author":28,"featured_media":32345,"comment_status":"closed","ping_status":"closed","sticky":false,"template":"","format":"standard","meta":{"dwc-title":[],"dwc-content":[],"footnotes":""},"categories":[5],"tags":[],"class_list":["post-32344","post","type-post","status-publish","format-standard","has-post-thumbnail","hentry","category-attualita"],"rttpg_featured_image_url":{"full":["https:\/\/imagazine.it\/wp-content\/uploads\/2024\/01\/32498-1.webp",750,500,false],"landscape":["https:\/\/imagazine.it\/wp-content\/uploads\/2024\/01\/32498-1.webp",750,500,false],"portraits":["https:\/\/imagazine.it\/wp-content\/uploads\/2024\/01\/32498-1.webp",750,500,false],"thumbnail":["https:\/\/imagazine.it\/wp-content\/uploads\/2024\/01\/32498-1-150x150.webp",150,150,true],"medium":["https:\/\/imagazine.it\/wp-content\/uploads\/2024\/01\/32498-1-300x200.webp",300,200,true],"large":["https:\/\/imagazine.it\/wp-content\/uploads\/2024\/01\/32498-1.webp",640,427,false],"thumblist":["https:\/\/imagazine.it\/wp-content\/uploads\/2024\/01\/32498-1.webp",300,200,false],"thumbrelated":["https:\/\/imagazine.it\/wp-content\/uploads\/2024\/01\/32498-1.webp",500,333,false],"meccarouselthumb":["https:\/\/imagazine.it\/wp-content\/uploads\/2024\/01\/32498-1.webp",474,316,false],"gridsquare":["https:\/\/imagazine.it\/wp-content\/uploads\/2024\/01\/32498-1.webp",391,260,false],"tileview":["https:\/\/imagazine.it\/wp-content\/uploads\/2024\/01\/32498-1.webp",300,200,false],"1536x1536":["https:\/\/imagazine.it\/wp-content\/uploads\/2024\/01\/32498-1.webp",750,500,false],"2048x2048":["https:\/\/imagazine.it\/wp-content\/uploads\/2024\/01\/32498-1.webp",750,500,false],"newsup-slider-full":["https:\/\/imagazine.it\/wp-content\/uploads\/2024\/01\/32498-1.webp",750,500,false],"newsup-featured":["https:\/\/imagazine.it\/wp-content\/uploads\/2024\/01\/32498-1.webp",750,500,false],"newsup-medium":["https:\/\/imagazine.it\/wp-content\/uploads\/2024\/01\/32498-1-720x380.webp",720,380,true],"tptn_thumbnail":["https:\/\/imagazine.it\/wp-content\/uploads\/2024\/01\/32498-1.webp",250,167,false],"sow-carousel-default":["https:\/\/imagazine.it\/wp-content\/uploads\/2024\/01\/32498-1-272x182.webp",272,182,true]},"rttpg_author":{"display_name":"redazione","author_link":"https:\/\/imagazine.it\/home_desk\/author\/redazione\/"},"rttpg_comment":0,"rttpg_category":"<a href=\"https:\/\/imagazine.it\/home_desk\/category\/attualita\/\" rel=\"category tag\">ATTUALIT\u00c0<\/a>","rttpg_excerpt":"Prima corsa per la \"81\"","_links":{"self":[{"href":"https:\/\/imagazine.it\/home_desk\/wp-json\/wp\/v2\/posts\/32344","targetHints":{"allow":["GET"]}}],"collection":[{"href":"https:\/\/imagazine.it\/home_desk\/wp-json\/wp\/v2\/posts"}],"about":[{"href":"https:\/\/imagazine.it\/home_desk\/wp-json\/wp\/v2\/types\/post"}],"author":[{"embeddable":true,"href":"https:\/\/imagazine.it\/home_desk\/wp-json\/wp\/v2\/users\/28"}],"replies":[{"embeddable":true,"href":"https:\/\/imagazine.it\/home_desk\/wp-json\/wp\/v2\/comments?post=32344"}],"version-history":[{"count":0,"href":"https:\/\/imagazine.it\/home_desk\/wp-json\/wp\/v2\/posts\/32344\/revisions"}],"wp:featuredmedia":[{"embeddable":true,"href":"https:\/\/imagazine.it\/home_desk\/wp-json\/wp\/v2\/media\/32345"}],"wp:attachment":[{"href":"https:\/\/imagazine.it\/home_desk\/wp-json\/wp\/v2\/media?parent=32344"}],"wp:term":[{"taxonomy":"category","embeddable":true,"href":"https:\/\/imagazine.it\/home_desk\/wp-json\/wp\/v2\/categories?post=32344"},{"taxonomy":"post_tag","embeddable":true,"href":"https:\/\/imagazine.it\/home_desk\/wp-json\/wp\/v2\/tags?post=32344"}],"curies":[{"name":"wp","href":"https:\/\/api.w.org\/{rel}","templated":true}]}}