{"id":32340,"date":"2020-01-28T00:00:00","date_gmt":"2020-01-27T23:00:00","guid":{"rendered":"https:\/\/imagazine.it\/?p=32340"},"modified":"2020-01-28T00:00:00","modified_gmt":"2020-01-27T23:00:00","slug":"laureata-a-udine-accreditata-alla-fondazione-italia-usa","status":"publish","type":"post","link":"https:\/\/imagazine.it\/home_desk\/laureata-a-udine-accreditata-alla-fondazione-italia-usa\/","title":{"rendered":"Laureata a Udine, accreditata alla Fondazione Italia USA"},"content":{"rendered":"<p><strong>Camila Rosario Gambella<\/strong>, ventiduenne originaria di Buenos Aires, pordenonese d\u2019adozione dall\u2019et\u00e0 di otto anni, laureata in Relazioni pubbliche all\u2019Universit\u00e0 di Udine, grazie alla ricerca svolta per la tesi \u00e8 stata selezionata dalla Fondazione Italia USA fra i giovani meritevoli cui, in una cerimonia che si \u00e8 svolta <strong>ieri alla Camera dei Deputati<\/strong>, \u00e8 stato consegnato il <strong>riconoscimento di merito<\/strong> con l\u2019Attestato di Professionista Accreditato presso la Fondazione Italia USA. Gambella, inoltre, \u00e8 stata ammessa a frequentare gratuitamente il master in \u201cGlobal Marketing Comunicazione &#038; Made in Italy\u201d, percorso formativo altamente qualificato, istituito dal Centro Studi Comunicare l&#39;Impresa e dalla Fondazione Italia USA, e diretto da Stefania Giannini, vicedirettore generale dell&#39;Unesco, gi\u00e0 ministra per l\u2019Istruzione, l\u2019Universit\u00e0 e la Ricerca.<\/p>\n<p>Intitolata \u201cL\u2019impatto del <em>country of origin effect<\/em>: la dicitura <em>Made in Italy<\/em> come vantaggio competitivo nel canale B2B\u201d, <strong>relatore Luca Brusati<\/strong>, la tesi di Camila Rosario Gambella ha analizzato il ruolo del Made in Italy oggi, con particolare attenzione ai mercati business to business per comprendere che cosa sta alla base dell\u2019atteggiamento favorevole nei confronti dei prodotti di un determinato Paese.<\/p>\n<p>\u00abGrazie a questo studio \u2013 sintetizza <strong>Camila Rosario Gambella<\/strong> \u2013 i manager possono trarre vantaggio ampliando il loro quadro generale sulla situazione aziendale attraverso una comprensione migliore di quando, come e dove promuovere un prodotto, riuscendo quindi a capire quando \u00e8 vantaggioso e quando non lo \u00e8, nonch\u00e9 a identificare le dimensioni lungo le quali l&#39;immagine del Paese dovrebbe essere migliorata\u00bb.<\/p>\n<p>\u00abLa tesi di Camila \u2013 spiega il relatore <strong>Luca Brusati<\/strong> \u2013 combina efficacemente innovativit\u00e0, rigore e rilevanza; focus originale sul ruolo del Paese di origine nei mercati B2B, confronto sistematico di casi concreti in base a un modello di analisi mutuato dalla letteratura accademica e implicazioni pratiche di indubbio rilievo per le imprese del nostro territorio\u00bb.<\/p>\n<p>\u00abLe carriere brillanti dei laureati e laureate in Relazioni pubbliche e Comunicazione integrata per le imprese e le organizzazioni \u2013 osserva <strong>Renata Kodilja<\/strong>, coordinatrice dei due corsi di studio triennale e magistrale \u2013 sono il miglior biglietto da visita per i nostri corsi di laurea. Riconoscimenti prestigiosi come quello conferito ieri alla dottoressa Gambella confermano e rafforzano ulteriormente il nostro impegno per mantenere un\u2019offerta formativa professionalizzante e altamente competitiva\u00bb.<\/p>\n<p>\u00abIl corso di laurea in Relazioni pubbliche dell\u2019Universit\u00e0 di Udine \u2013 dice Gambella \u2013 \u00e8 stato ricco di opportunit\u00e0. Mi ha dato la possibilit\u00e0 di svolgere un tirocinio come commerciale estero e mi ha fornito solide basi in organizzazione e marketing per la comunicazione d\u2019impresa per il mio attuale percorso accademico all\u2019universit\u00e0 La Sapienza di Roma. Proprio dall\u2019opportunit\u00e0 di esperienza sul campo \u00e8 iniziato il mio interesse per l\u2019importanza che riveste il Made in Italy nell\u2019economia del nostro Paese\u00bb.<\/p>\n<p>Nell\u2019ambito della propria attivit\u00e0 istituzionale, la Fondazione Italia USA accompagna con azioni di sostegno l\u2019internazionalizzazione di numerose aziende rappresentative del Made in Italy, con un\u2019attenzione particolare a quelle che desiderano espandersi sui mercati americani, e favorisce l\u2019inserimento nel mondo del lavoro e il percorso di carriera di giovani laureati, che abbiano conseguito il massimo dei voti in discipline di interesse per la Fondazione stessa e che possano contribuire con le proprie professionalit\u00e0 alla diffusione della cultura d\u2019impresa nella internazionalizzazione verso gli Stati Uniti. Proprio a tal fine vengono selezionati giovani laureati meritevoli, cui viene destinato il riconoscimento conferito nella Cerimonia di premiazione organizzato alla Camera dei Deputati.<\/p>\n","protected":false},"excerpt":{"rendered":"<p>Cerimonia a Roma alla Camera dei Deputati<\/p>\n","protected":false},"author":28,"featured_media":32341,"comment_status":"closed","ping_status":"closed","sticky":false,"template":"","format":"standard","meta":{"dwc-title":[],"dwc-content":[],"footnotes":""},"categories":[5],"tags":[],"class_list":["post-32340","post","type-post","status-publish","format-standard","has-post-thumbnail","hentry","category-attualita"],"rttpg_featured_image_url":{"full":["https:\/\/imagazine.it\/wp-content\/uploads\/2024\/01\/32494-1.webp",750,564,false],"landscape":["https:\/\/imagazine.it\/wp-content\/uploads\/2024\/01\/32494-1.webp",750,564,false],"portraits":["https:\/\/imagazine.it\/wp-content\/uploads\/2024\/01\/32494-1.webp",750,564,false],"thumbnail":["https:\/\/imagazine.it\/wp-content\/uploads\/2024\/01\/32494-1-150x150.webp",150,150,true],"medium":["https:\/\/imagazine.it\/wp-content\/uploads\/2024\/01\/32494-1-300x226.webp",300,226,true],"large":["https:\/\/imagazine.it\/wp-content\/uploads\/2024\/01\/32494-1.webp",640,481,false],"thumblist":["https:\/\/imagazine.it\/wp-content\/uploads\/2024\/01\/32494-1.webp",300,226,false],"thumbrelated":["https:\/\/imagazine.it\/wp-content\/uploads\/2024\/01\/32494-1.webp",500,376,false],"meccarouselthumb":["https:\/\/imagazine.it\/wp-content\/uploads\/2024\/01\/32494-1.webp",431,324,false],"gridsquare":["https:\/\/imagazine.it\/wp-content\/uploads\/2024\/01\/32494-1.webp",346,260,false],"tileview":["https:\/\/imagazine.it\/wp-content\/uploads\/2024\/01\/32494-1.webp",300,226,false],"1536x1536":["https:\/\/imagazine.it\/wp-content\/uploads\/2024\/01\/32494-1.webp",750,564,false],"2048x2048":["https:\/\/imagazine.it\/wp-content\/uploads\/2024\/01\/32494-1.webp",750,564,false],"newsup-slider-full":["https:\/\/imagazine.it\/wp-content\/uploads\/2024\/01\/32494-1.webp",750,564,false],"newsup-featured":["https:\/\/imagazine.it\/wp-content\/uploads\/2024\/01\/32494-1.webp",750,564,false],"newsup-medium":["https:\/\/imagazine.it\/wp-content\/uploads\/2024\/01\/32494-1-720x380.webp",720,380,true],"tptn_thumbnail":["https:\/\/imagazine.it\/wp-content\/uploads\/2024\/01\/32494-1.webp",250,188,false],"sow-carousel-default":["https:\/\/imagazine.it\/wp-content\/uploads\/2024\/01\/32494-1-272x182.webp",272,182,true]},"rttpg_author":{"display_name":"redazione","author_link":"https:\/\/imagazine.it\/home_desk\/author\/redazione\/"},"rttpg_comment":0,"rttpg_category":"<a href=\"https:\/\/imagazine.it\/home_desk\/category\/attualita\/\" rel=\"category tag\">ATTUALIT\u00c0<\/a>","rttpg_excerpt":"Cerimonia a Roma alla Camera dei Deputati","_links":{"self":[{"href":"https:\/\/imagazine.it\/home_desk\/wp-json\/wp\/v2\/posts\/32340","targetHints":{"allow":["GET"]}}],"collection":[{"href":"https:\/\/imagazine.it\/home_desk\/wp-json\/wp\/v2\/posts"}],"about":[{"href":"https:\/\/imagazine.it\/home_desk\/wp-json\/wp\/v2\/types\/post"}],"author":[{"embeddable":true,"href":"https:\/\/imagazine.it\/home_desk\/wp-json\/wp\/v2\/users\/28"}],"replies":[{"embeddable":true,"href":"https:\/\/imagazine.it\/home_desk\/wp-json\/wp\/v2\/comments?post=32340"}],"version-history":[{"count":0,"href":"https:\/\/imagazine.it\/home_desk\/wp-json\/wp\/v2\/posts\/32340\/revisions"}],"wp:featuredmedia":[{"embeddable":true,"href":"https:\/\/imagazine.it\/home_desk\/wp-json\/wp\/v2\/media\/32341"}],"wp:attachment":[{"href":"https:\/\/imagazine.it\/home_desk\/wp-json\/wp\/v2\/media?parent=32340"}],"wp:term":[{"taxonomy":"category","embeddable":true,"href":"https:\/\/imagazine.it\/home_desk\/wp-json\/wp\/v2\/categories?post=32340"},{"taxonomy":"post_tag","embeddable":true,"href":"https:\/\/imagazine.it\/home_desk\/wp-json\/wp\/v2\/tags?post=32340"}],"curies":[{"name":"wp","href":"https:\/\/api.w.org\/{rel}","templated":true}]}}