{"id":32334,"date":"2020-01-19T00:00:00","date_gmt":"2020-01-18T23:00:00","guid":{"rendered":"https:\/\/imagazine.it\/?p=32334"},"modified":"2020-01-19T00:00:00","modified_gmt":"2020-01-18T23:00:00","slug":"costumi-bisiachi-di-slancio-verso-i-ventanni","status":"publish","type":"post","link":"https:\/\/imagazine.it\/home_desk\/costumi-bisiachi-di-slancio-verso-i-ventanni\/","title":{"rendered":"Costumi Bisiachi, di slancio verso i vent&#8217;anni"},"content":{"rendered":"<p>\u00c8 stata, come di consueto, ricca di spunti e di ospiti l&#39;assemblea annuale del Gruppo Costumi Tradizionali Bisiachi tenutasi a Turriaco.<\/p>\n<p>Una gremita sala consiliare ha assistito alla relazione della presidente <strong>Caterina Chittaro<\/strong> che ha presentato la variegata attivit\u00e0 di un anno ricco di soddisfazioni, per un&#39;associazione che giunger\u00e0, a dicembre 2020, a festeggiare i suoi 20 anni di attivit\u00e0. Non \u00e8 mancata l\u2019amarezza, condivisa da tutti i presenti, per non aver ottenuto per pochi punti un finanziamento regionale sulla Cultura Etnografica, proprio il settore predominante, del lavoro del Gruppo.<\/p>\n<p>Un 2019 con quasi un centinaio di eventi, diffusi su tutto il territorio regionale, in Italia e all\u2019estero. Grande l&#39;impegno nel sociale con il Progetto VariEt\u00e0 che vede i volontari del Gruppo costantemente presenti in 17 case di riposo della regione.<\/p>\n<p>Promozione della cultura, della formazione, della salvaguardia delle tradizioni con i corsi di lingue, di tombolo, di ballo, le mostre, le pubblicazioni, le conferenze, i viaggi alla riscoperta della storia dei luoghi. Un&#39;ampia scelta di opportunit\u00e0 che gli oltre 300 soci sostenitori dimostrano di gradire.<\/p>\n<p>Ma soprattutto tanta promozione turistica del territorio, grazie alle sfilate internazionali e a un&#39;attivit\u00e0 corale sempre pi\u00f9 intensa e sempre pi\u00f9 gratificante. Sono ormai tre i gruppi corali che l&#39;associazione coltiva, grazie alla direzione della maestra <strong>Caterina Biasiol<\/strong>, dai piccolissimi Mini Diman (4-7 anni) al coro degli adulti, passando per i pluripremiati Diman (8-14 anni). Un investimento sulle nuove leve iniziato 10 anni fa e che oggi frutta i suoi risultati, facendo ben sperare per il futuro e rendendo ancora pi\u00f9 particolari le esibizioni del Gruppo, capace di portare sul palcoscenico, in un unico spettacolo, dai bambini in et\u00e0 prescolare agli anziani, particolarit\u00e0 che ha attratto l&#39;attenzione di radio e TV nazionali.<\/p>\n<p>Un obiettivo difficile da raggiungere, ma, come ha sottolineato la presidente della Fondazione CARIGO, <strong>Roberta Demartin<\/strong>, alla portata del Gruppo Costumi che lavora alacremente e fa davvero integrazione.<\/p>\n<p><a href=\"http:\/\/imagazinevideotruck.it\/outlet\/relink.html\" target=\"_top\" rel=\"noopener\"><img loading=\"lazy\" decoding=\"async\" align=\"LEFT\" height=\"250\" src=\"http:\/\/imagazinevideotruck.it\/outlet\/outlet30.gif\" width=\"300\" alt=\"\" title=\"\"><\/a><\/p>\n<p>\u00a0<\/p>\n<p>\u00a0<\/p>\n<p>\u00a0<\/p>\n<p>\u00a0<\/p>\n<p>\u00a0<\/p>\n<p>\u00a0<\/p>\n<p>\u00a0<\/p>\n<p>\u00a0<\/p>\n<p>\u00a0<\/p>\n<p>Lungimiranza delle idee e concretezza nella loro realizzazione sono le caratteristiche riconosciute al Gruppo dalle autorit\u00e0 politiche presenti, dal vicesindaco di Turriaco ai sindaci di San Pier d&#39;Isonzo e Staranzano, all&#39;assessore alla cultura del comune di San Canzian d\u2019Isonzo, al consigliere regionale <strong>Diego Moretti<\/strong>. Parole di lode sono state espresse anche dai rappresentanti di USCI, Lions Club Cormons-Gradisca d\u2019Isonzo, BCC Turriaco, Ente Giuliani nel Mondo, tutti soggetti con cui il Gruppo collabora da tempo, a dimostrazione del proprio ruolo di riferimento in tutto l&#39;Isontino.<\/p>\n<p>Anche per il 2020 gli impegni si profilano interessanti e prestigiosi: ancora corsi di formazione, di vocalit\u00e0, di ballo, di acquerello, di lingue straniere, con insegnanti di alto profilo professionale. Poi promozione del territorio in Ungheria, Austria, Germania e Slovenia e in diverse localit\u00e0 interregionali, mostre e pubblicazioni, realizzate come al solito puntando sulla qualit\u00e0. Attivit\u00e0 di volontariato sociale nelle case di riposo e naturalmente ancora concerti e spettacoli per tutti i tre cori.<\/p>\n","protected":false},"excerpt":{"rendered":"<p>Positivo il bilancio del 2019<\/p>\n","protected":false},"author":22,"featured_media":32335,"comment_status":"closed","ping_status":"closed","sticky":false,"template":"","format":"standard","meta":{"dwc-title":[],"dwc-content":[],"footnotes":""},"categories":[5],"tags":[],"class_list":["post-32334","post","type-post","status-publish","format-standard","has-post-thumbnail","hentry","category-attualita"],"rttpg_featured_image_url":{"full":["https:\/\/imagazine.it\/wp-content\/uploads\/2024\/01\/32483-1.webp",750,428,false],"landscape":["https:\/\/imagazine.it\/wp-content\/uploads\/2024\/01\/32483-1.webp",750,428,false],"portraits":["https:\/\/imagazine.it\/wp-content\/uploads\/2024\/01\/32483-1.webp",750,428,false],"thumbnail":["https:\/\/imagazine.it\/wp-content\/uploads\/2024\/01\/32483-1-150x150.webp",150,150,true],"medium":["https:\/\/imagazine.it\/wp-content\/uploads\/2024\/01\/32483-1-300x171.webp",300,171,true],"large":["https:\/\/imagazine.it\/wp-content\/uploads\/2024\/01\/32483-1.webp",640,365,false],"thumblist":["https:\/\/imagazine.it\/wp-content\/uploads\/2024\/01\/32483-1.webp",300,171,false],"thumbrelated":["https:\/\/imagazine.it\/wp-content\/uploads\/2024\/01\/32483-1.webp",500,285,false],"meccarouselthumb":["https:\/\/imagazine.it\/wp-content\/uploads\/2024\/01\/32483-1.webp",474,270,false],"gridsquare":["https:\/\/imagazine.it\/wp-content\/uploads\/2024\/01\/32483-1.webp",391,223,false],"tileview":["https:\/\/imagazine.it\/wp-content\/uploads\/2024\/01\/32483-1.webp",300,171,false],"1536x1536":["https:\/\/imagazine.it\/wp-content\/uploads\/2024\/01\/32483-1.webp",750,428,false],"2048x2048":["https:\/\/imagazine.it\/wp-content\/uploads\/2024\/01\/32483-1.webp",750,428,false],"newsup-slider-full":["https:\/\/imagazine.it\/wp-content\/uploads\/2024\/01\/32483-1.webp",750,428,false],"newsup-featured":["https:\/\/imagazine.it\/wp-content\/uploads\/2024\/01\/32483-1.webp",750,428,false],"newsup-medium":["https:\/\/imagazine.it\/wp-content\/uploads\/2024\/01\/32483-1-720x380.webp",720,380,true],"tptn_thumbnail":["https:\/\/imagazine.it\/wp-content\/uploads\/2024\/01\/32483-1.webp",250,143,false],"sow-carousel-default":["https:\/\/imagazine.it\/wp-content\/uploads\/2024\/01\/32483-1-272x182.webp",272,182,true]},"rttpg_author":{"display_name":"Livio Nonis","author_link":"https:\/\/imagazine.it\/home_desk\/author\/nonis\/"},"rttpg_comment":0,"rttpg_category":"<a href=\"https:\/\/imagazine.it\/home_desk\/category\/attualita\/\" rel=\"category tag\">ATTUALIT\u00c0<\/a>","rttpg_excerpt":"Positivo il bilancio del 2019","_links":{"self":[{"href":"https:\/\/imagazine.it\/home_desk\/wp-json\/wp\/v2\/posts\/32334","targetHints":{"allow":["GET"]}}],"collection":[{"href":"https:\/\/imagazine.it\/home_desk\/wp-json\/wp\/v2\/posts"}],"about":[{"href":"https:\/\/imagazine.it\/home_desk\/wp-json\/wp\/v2\/types\/post"}],"author":[{"embeddable":true,"href":"https:\/\/imagazine.it\/home_desk\/wp-json\/wp\/v2\/users\/22"}],"replies":[{"embeddable":true,"href":"https:\/\/imagazine.it\/home_desk\/wp-json\/wp\/v2\/comments?post=32334"}],"version-history":[{"count":0,"href":"https:\/\/imagazine.it\/home_desk\/wp-json\/wp\/v2\/posts\/32334\/revisions"}],"wp:featuredmedia":[{"embeddable":true,"href":"https:\/\/imagazine.it\/home_desk\/wp-json\/wp\/v2\/media\/32335"}],"wp:attachment":[{"href":"https:\/\/imagazine.it\/home_desk\/wp-json\/wp\/v2\/media?parent=32334"}],"wp:term":[{"taxonomy":"category","embeddable":true,"href":"https:\/\/imagazine.it\/home_desk\/wp-json\/wp\/v2\/categories?post=32334"},{"taxonomy":"post_tag","embeddable":true,"href":"https:\/\/imagazine.it\/home_desk\/wp-json\/wp\/v2\/tags?post=32334"}],"curies":[{"name":"wp","href":"https:\/\/api.w.org\/{rel}","templated":true}]}}