{"id":32324,"date":"2020-01-24T00:00:00","date_gmt":"2020-01-23T23:00:00","guid":{"rendered":"https:\/\/imagazine.it\/?p=32324"},"modified":"2020-01-24T00:00:00","modified_gmt":"2020-01-23T23:00:00","slug":"monfalcone-nuovo-macchinario-per-la-pediatria","status":"publish","type":"post","link":"https:\/\/imagazine.it\/home_desk\/monfalcone-nuovo-macchinario-per-la-pediatria\/","title":{"rendered":"Monfalcone, nuovo macchinario per la pediatria"},"content":{"rendered":"<p>Presentato all\u2019Ospedale San Polo di Monfalcone il nuovo macchinario sanitario \u201c<strong>BUBBLE CPAP<\/strong>\u201d, donato dall\u2019associazione \u201cVanessa &#8211; Un ponte per la vita e la solidariet\u00e0\u201d, <u><a href=\"http:\/\/www.imagazine.it\/notizie-trieste-gorizia-udine-friuli\/7431\" target=\"_blank\" rel=\"noopener\">come gi\u00e0 anticipato da <em>iMagazine<\/em> lo scorso dicembre (leggi l\u2019articolo)<\/a><\/u>.<\/p>\n<p>Il Bubble CPAP \u00e8 un sistema unico nel suo genere in grado di erogare elevati flussi d&#39;aria o ossigeno.<\/p>\n<p>Il macchinario \u00e8 stato donato alla Struttura Complessa di Pediatria dell\u2019Ospedale San Polo, diretta dal primario <strong>Danica<\/strong>\u00a0<strong>Dragovic.<\/strong><\/p>\n<p>Al progetto hanno contribuito sia il Comune di Staranzano che la B.C.C. di Staranzano e Villesse, la quale sostiene il progetto dell\u2019associazione Vanessa con un sostanziale contributo. Ha aderito al progetto con entusiasmo un altro gruppo storico che collabora con l\u2019associazione, il gruppo Bikers Punishers Law Enforcement Motorycle Club Chapter 6 Udine.<\/p>\n<p>Nel corso della conferenza stampa di presentazione, sono intervenuti <strong>Antonio Guido<\/strong> presidente dell&#39;associazione e padre di Vanessa, l\u2019assessore alle politiche sociali del Comune di Monfalcone, <strong>Michele Luise<\/strong>, il sindaco di Staranzano, <strong>Riccardo Marchesan<\/strong>, il presidente della BCC di Staranzano e Villesse, <strong>Carlo Antonio Feruglio<\/strong>, e la dottoressa Dragovic.<\/p>\n<p>Il responsabile delle iniziative dell&#39;associazione, <strong>Raffaele Digiacomo<\/strong>, ha spiegato che l&#39;apparecchio donato \u00e8 costato 4.500 euro.<\/p>\n<p><a href=\"http:\/\/imagazinevideotruck.it\/outlet\/relink.html\" target=\"_top\" rel=\"noopener\"><img loading=\"lazy\" decoding=\"async\" align=\"LEFT\" height=\"250\" src=\"http:\/\/imagazinevideotruck.it\/outlet\/outlet30.gif\" width=\"300\" alt=\"\" title=\"\"><\/a><\/p>\n<p>\u00a0<\/p>\n<p>\u00a0<\/p>\n<p>\u00a0<\/p>\n<p>\u00a0<\/p>\n<p>\u00a0<\/p>\n<p>\u00a0<\/p>\n<p>\u00a0<\/p>\n<p>\u00a0<\/p>\n<p>\u00a0<\/p>\n<p>Lo sguardo \u00e8 gi\u00e0 rivolto al futuro: \u00e8 infatti nata l&#39;idea di comperare un macchinario per le otoemissioni acustiche e \u2013 ABR, il cui costo indicativo supera i 15.000 euro. Un progetto ancora in fase embrionale, in attesa di autorizzazioni, ma che potrebbe diventare realt\u00e0.\u00a0<\/p>\n","protected":false},"excerpt":{"rendered":"<p>Grazie all&#8217;associazione \u201cVanessa &#8211; Un ponte per la vita e la solidariet\u00e0\u201d<\/p>\n","protected":false},"author":22,"featured_media":32325,"comment_status":"closed","ping_status":"closed","sticky":false,"template":"","format":"standard","meta":{"dwc-title":[],"dwc-content":[],"footnotes":""},"categories":[5],"tags":[],"class_list":["post-32324","post","type-post","status-publish","format-standard","has-post-thumbnail","hentry","category-attualita"],"rttpg_featured_image_url":{"full":["https:\/\/imagazine.it\/wp-content\/uploads\/2024\/01\/32469-1.webp",750,393,false],"landscape":["https:\/\/imagazine.it\/wp-content\/uploads\/2024\/01\/32469-1.webp",750,393,false],"portraits":["https:\/\/imagazine.it\/wp-content\/uploads\/2024\/01\/32469-1.webp",750,393,false],"thumbnail":["https:\/\/imagazine.it\/wp-content\/uploads\/2024\/01\/32469-1-150x150.webp",150,150,true],"medium":["https:\/\/imagazine.it\/wp-content\/uploads\/2024\/01\/32469-1-300x157.webp",300,157,true],"large":["https:\/\/imagazine.it\/wp-content\/uploads\/2024\/01\/32469-1.webp",640,335,false],"thumblist":["https:\/\/imagazine.it\/wp-content\/uploads\/2024\/01\/32469-1.webp",300,157,false],"thumbrelated":["https:\/\/imagazine.it\/wp-content\/uploads\/2024\/01\/32469-1.webp",500,262,false],"meccarouselthumb":["https:\/\/imagazine.it\/wp-content\/uploads\/2024\/01\/32469-1.webp",474,248,false],"gridsquare":["https:\/\/imagazine.it\/wp-content\/uploads\/2024\/01\/32469-1.webp",391,205,false],"tileview":["https:\/\/imagazine.it\/wp-content\/uploads\/2024\/01\/32469-1.webp",300,157,false],"1536x1536":["https:\/\/imagazine.it\/wp-content\/uploads\/2024\/01\/32469-1.webp",750,393,false],"2048x2048":["https:\/\/imagazine.it\/wp-content\/uploads\/2024\/01\/32469-1.webp",750,393,false],"newsup-slider-full":["https:\/\/imagazine.it\/wp-content\/uploads\/2024\/01\/32469-1.webp",750,393,false],"newsup-featured":["https:\/\/imagazine.it\/wp-content\/uploads\/2024\/01\/32469-1.webp",750,393,false],"newsup-medium":["https:\/\/imagazine.it\/wp-content\/uploads\/2024\/01\/32469-1-720x380.webp",720,380,true],"tptn_thumbnail":["https:\/\/imagazine.it\/wp-content\/uploads\/2024\/01\/32469-1.webp",250,131,false],"sow-carousel-default":["https:\/\/imagazine.it\/wp-content\/uploads\/2024\/01\/32469-1-272x182.webp",272,182,true]},"rttpg_author":{"display_name":"Livio Nonis","author_link":"https:\/\/imagazine.it\/home_desk\/author\/nonis\/"},"rttpg_comment":0,"rttpg_category":"<a href=\"https:\/\/imagazine.it\/home_desk\/category\/attualita\/\" rel=\"category tag\">ATTUALIT\u00c0<\/a>","rttpg_excerpt":"Grazie all'associazione \u201cVanessa - Un ponte per la vita e la solidariet\u00e0\u201d","_links":{"self":[{"href":"https:\/\/imagazine.it\/home_desk\/wp-json\/wp\/v2\/posts\/32324","targetHints":{"allow":["GET"]}}],"collection":[{"href":"https:\/\/imagazine.it\/home_desk\/wp-json\/wp\/v2\/posts"}],"about":[{"href":"https:\/\/imagazine.it\/home_desk\/wp-json\/wp\/v2\/types\/post"}],"author":[{"embeddable":true,"href":"https:\/\/imagazine.it\/home_desk\/wp-json\/wp\/v2\/users\/22"}],"replies":[{"embeddable":true,"href":"https:\/\/imagazine.it\/home_desk\/wp-json\/wp\/v2\/comments?post=32324"}],"version-history":[{"count":0,"href":"https:\/\/imagazine.it\/home_desk\/wp-json\/wp\/v2\/posts\/32324\/revisions"}],"wp:featuredmedia":[{"embeddable":true,"href":"https:\/\/imagazine.it\/home_desk\/wp-json\/wp\/v2\/media\/32325"}],"wp:attachment":[{"href":"https:\/\/imagazine.it\/home_desk\/wp-json\/wp\/v2\/media?parent=32324"}],"wp:term":[{"taxonomy":"category","embeddable":true,"href":"https:\/\/imagazine.it\/home_desk\/wp-json\/wp\/v2\/categories?post=32324"},{"taxonomy":"post_tag","embeddable":true,"href":"https:\/\/imagazine.it\/home_desk\/wp-json\/wp\/v2\/tags?post=32324"}],"curies":[{"name":"wp","href":"https:\/\/api.w.org\/{rel}","templated":true}]}}