{"id":32316,"date":"2020-01-23T00:00:00","date_gmt":"2020-01-22T23:00:00","guid":{"rendered":"https:\/\/imagazine.it\/?p=32316"},"modified":"2020-01-23T00:00:00","modified_gmt":"2020-01-22T23:00:00","slug":"ronchi-il-festival-del-giornalismo-cerca-volontari-2","status":"publish","type":"post","link":"https:\/\/imagazine.it\/home_desk\/ronchi-il-festival-del-giornalismo-cerca-volontari-2\/","title":{"rendered":"Ronchi, il Festival del Giornalismo cerca volontari"},"content":{"rendered":"<p>Ha preso il via, come negli anni passati, l&#39;operazione promossa dall&#39;associazione Leali delle Notizie per il reclutamento volontario di ragazzi e ragazze che potranno dare un contributo importante alla realizzazione della sesta edizione del Festival del giornalismo che si svolger\u00e0 a Ronchi dei Legionari, ma anche a San Pier d&#39;Isonzo, Fogliano\u00a0Redipuglia, Sagrado ed Aquileia dal 15 al 21 maggio e dal 2 al 6 giugno prossimi.<\/p>\n<p>Per poter partecipare alle selezioni \u00e8 necessario avere almeno 16 anni e non pi\u00f9 di 25 e dare la propria disponibilit\u00e0 per l\u2019intera durata del festival o anche per una sola giornata, secondo\u00a0le disponibilit\u00e0 di ciascun proponente. Sono diversi i ruoli da ricoprire in occasione del Festival, sulla base delle capacit\u00e0 e competenze di ognuno: accoglienza ospiti, servizio di informazione\u00a0all\u2019info point, assistenza e supporto logistico per allestimenti ed eventi e ogni altro dettaglio che compone la manifestazione.<\/p>\n<p>Per aderire, \u00e8 necessario inviare la propria richiesta all\u2019indirizzo email\u00a0<a href=\"mailto:lealidellenotizieronchi@gmail.com\" target=\"_blank\" rel=\"noopener\">lealidellenotizieronchi@gmail.<wbr \/>com<\/a> entro gioved\u00ec 30 aprile. A tutti i volontari sar\u00e0 donato un\u00a0gadget del festival. La\u00a0 sede di piazza Francesco Giuseppe I a Ronchi dei Legionari \u00e8 sempre aperta, il mercoled\u00ec, dalle 10 alle 12 e dalle 17 alle 19 ed il sabato, dalle 10 alle 12, con telefono<br \/> 0481 777625.<\/p>\n","protected":false},"excerpt":{"rendered":"<p>In programma tra maggio e giugno<\/p>\n","protected":false},"author":22,"featured_media":32317,"comment_status":"closed","ping_status":"closed","sticky":false,"template":"","format":"standard","meta":{"dwc-title":[],"dwc-content":[],"footnotes":""},"categories":[5],"tags":[],"class_list":["post-32316","post","type-post","status-publish","format-standard","has-post-thumbnail","hentry","category-attualita"],"rttpg_featured_image_url":{"full":["https:\/\/imagazine.it\/wp-content\/uploads\/2024\/01\/32461-1.webp",750,500,false],"landscape":["https:\/\/imagazine.it\/wp-content\/uploads\/2024\/01\/32461-1.webp",750,500,false],"portraits":["https:\/\/imagazine.it\/wp-content\/uploads\/2024\/01\/32461-1.webp",750,500,false],"thumbnail":["https:\/\/imagazine.it\/wp-content\/uploads\/2024\/01\/32461-1-150x150.webp",150,150,true],"medium":["https:\/\/imagazine.it\/wp-content\/uploads\/2024\/01\/32461-1-300x200.webp",300,200,true],"large":["https:\/\/imagazine.it\/wp-content\/uploads\/2024\/01\/32461-1.webp",640,427,false],"thumblist":["https:\/\/imagazine.it\/wp-content\/uploads\/2024\/01\/32461-1.webp",300,200,false],"thumbrelated":["https:\/\/imagazine.it\/wp-content\/uploads\/2024\/01\/32461-1.webp",500,333,false],"meccarouselthumb":["https:\/\/imagazine.it\/wp-content\/uploads\/2024\/01\/32461-1.webp",474,316,false],"gridsquare":["https:\/\/imagazine.it\/wp-content\/uploads\/2024\/01\/32461-1.webp",391,260,false],"tileview":["https:\/\/imagazine.it\/wp-content\/uploads\/2024\/01\/32461-1.webp",300,200,false],"1536x1536":["https:\/\/imagazine.it\/wp-content\/uploads\/2024\/01\/32461-1.webp",750,500,false],"2048x2048":["https:\/\/imagazine.it\/wp-content\/uploads\/2024\/01\/32461-1.webp",750,500,false],"newsup-slider-full":["https:\/\/imagazine.it\/wp-content\/uploads\/2024\/01\/32461-1.webp",750,500,false],"newsup-featured":["https:\/\/imagazine.it\/wp-content\/uploads\/2024\/01\/32461-1.webp",750,500,false],"newsup-medium":["https:\/\/imagazine.it\/wp-content\/uploads\/2024\/01\/32461-1-720x380.webp",720,380,true],"tptn_thumbnail":["https:\/\/imagazine.it\/wp-content\/uploads\/2024\/01\/32461-1.webp",250,167,false],"sow-carousel-default":["https:\/\/imagazine.it\/wp-content\/uploads\/2024\/01\/32461-1-272x182.webp",272,182,true]},"rttpg_author":{"display_name":"Livio Nonis","author_link":"https:\/\/imagazine.it\/home_desk\/author\/nonis\/"},"rttpg_comment":0,"rttpg_category":"<a href=\"https:\/\/imagazine.it\/home_desk\/category\/attualita\/\" rel=\"category tag\">ATTUALIT\u00c0<\/a>","rttpg_excerpt":"In programma tra maggio e giugno","_links":{"self":[{"href":"https:\/\/imagazine.it\/home_desk\/wp-json\/wp\/v2\/posts\/32316","targetHints":{"allow":["GET"]}}],"collection":[{"href":"https:\/\/imagazine.it\/home_desk\/wp-json\/wp\/v2\/posts"}],"about":[{"href":"https:\/\/imagazine.it\/home_desk\/wp-json\/wp\/v2\/types\/post"}],"author":[{"embeddable":true,"href":"https:\/\/imagazine.it\/home_desk\/wp-json\/wp\/v2\/users\/22"}],"replies":[{"embeddable":true,"href":"https:\/\/imagazine.it\/home_desk\/wp-json\/wp\/v2\/comments?post=32316"}],"version-history":[{"count":0,"href":"https:\/\/imagazine.it\/home_desk\/wp-json\/wp\/v2\/posts\/32316\/revisions"}],"wp:featuredmedia":[{"embeddable":true,"href":"https:\/\/imagazine.it\/home_desk\/wp-json\/wp\/v2\/media\/32317"}],"wp:attachment":[{"href":"https:\/\/imagazine.it\/home_desk\/wp-json\/wp\/v2\/media?parent=32316"}],"wp:term":[{"taxonomy":"category","embeddable":true,"href":"https:\/\/imagazine.it\/home_desk\/wp-json\/wp\/v2\/categories?post=32316"},{"taxonomy":"post_tag","embeddable":true,"href":"https:\/\/imagazine.it\/home_desk\/wp-json\/wp\/v2\/tags?post=32316"}],"curies":[{"name":"wp","href":"https:\/\/api.w.org\/{rel}","templated":true}]}}