{"id":32310,"date":"2020-01-21T00:00:00","date_gmt":"2020-01-20T23:00:00","guid":{"rendered":"https:\/\/imagazine.it\/?p=32310"},"modified":"2020-01-21T00:00:00","modified_gmt":"2020-01-20T23:00:00","slug":"gradisca-sul-velluto-anche-contro-verona","status":"publish","type":"post","link":"https:\/\/imagazine.it\/home_desk\/gradisca-sul-velluto-anche-contro-verona\/","title":{"rendered":"Gradisca sul velluto anche contro Verona"},"content":{"rendered":"<p>Facile vittoria nella partita giocata in casa con l\u2019Olimpic Basket Verona per la Castelvecchio Gradisca, vittoriosa per 65 a 36.<\/p>\n<p>Risultato pi\u00f9 che eloquente, pur giocando per gran parte dell\u2019incontro con tutti i giocatori meno utilizzati finora.\u00a0Buona la prova di tutta la squadra e in particolare del giovane <strong>Matej Arh<\/strong>.<\/p>\n<p>Con questa gara Gradisca consolida il secondo posto in classifica in attesa\u00a0 della prossima partita di campionato, che si giocher\u00e0 sabato prossimo, sempre al PalaZimolo, contro il PDM Treviso.<\/p>\n<p>Partenza sostenuta della Castelvecchio che con la formazione base non lascia scampo ai veronesi: troppa la differenza in campo tra le due formazioni.\u00a0Il primo quarto si chiude 27 a 4.<\/p>\n<p><a href=\"http:\/\/imagazinevideotruck.it\/outlet\/relink.html\" target=\"_top\" rel=\"noopener\"><img loading=\"lazy\" decoding=\"async\" align=\"LEFT\" height=\"250\" src=\"http:\/\/imagazinevideotruck.it\/outlet\/outlet30.gif\" width=\"300\" alt=\"\" title=\"\"><\/a><\/p>\n<p>\u00a0<\/p>\n<p>\u00a0<\/p>\n<p>\u00a0<\/p>\n<p>\u00a0<\/p>\n<p>\u00a0<\/p>\n<p>\u00a0<\/p>\n<p>\u00a0<\/p>\n<p>\u00a0<\/p>\n<p>\u00a0<\/p>\n<p>Cappellazzo cambia la formazione per dare spazio ai giocatori che nelle partite pi\u00f9 importanti sono costretti in panchina. I nuovi entrati tengono bene testa al Verona e si va al riposo 39 a 18 per Gradisca.<\/p>\n<p>Nella ripresa del gioco\u00a0ci sono continui cambi per provare soluzioni diverse di gioco, in vista delle importanti partite che i gradiscani dovranno affrontare a breve. Si gioca in tranquillit\u00e0 e serenit\u00e0, cercando di fare un buon allenamento per la partita di sabato prossimo con il Treviso: l\u2019incontro finisce 65 a 36 con abbracci ai simpatici giocatori veronesi.<\/p>\n<p>Sabato\u00a0 si gioca in casa una gara importante, perch\u00e9 dar\u00e0 gi\u00e0 una precisa indicazione su quale delle due squadre sar\u00e0 la favorita per la partecipazione alla seconda fase del campionato e ai play off promozione.<\/p>\n<p>Tabellino: Cappellazzo 2, Mucchiut 2, Fiorino, Amasio 19, Slapnicar 12, Sejmenovic 15, Vitalyos, Querci della Rovere, Kuduzovic 12, Arh 4.<\/p>\n","protected":false},"excerpt":{"rendered":"<p>Basket in carrozzina<\/p>\n","protected":false},"author":22,"featured_media":32311,"comment_status":"closed","ping_status":"closed","sticky":false,"template":"","format":"standard","meta":{"dwc-title":[],"dwc-content":[],"footnotes":""},"categories":[38],"tags":[],"class_list":["post-32310","post","type-post","status-publish","format-standard","has-post-thumbnail","hentry","category-sport"],"rttpg_featured_image_url":{"full":["https:\/\/imagazine.it\/wp-content\/uploads\/2024\/01\/32450-1.webp",750,460,false],"landscape":["https:\/\/imagazine.it\/wp-content\/uploads\/2024\/01\/32450-1.webp",750,460,false],"portraits":["https:\/\/imagazine.it\/wp-content\/uploads\/2024\/01\/32450-1.webp",750,460,false],"thumbnail":["https:\/\/imagazine.it\/wp-content\/uploads\/2024\/01\/32450-1-150x150.webp",150,150,true],"medium":["https:\/\/imagazine.it\/wp-content\/uploads\/2024\/01\/32450-1-300x184.webp",300,184,true],"large":["https:\/\/imagazine.it\/wp-content\/uploads\/2024\/01\/32450-1.webp",640,393,false],"thumblist":["https:\/\/imagazine.it\/wp-content\/uploads\/2024\/01\/32450-1.webp",300,184,false],"thumbrelated":["https:\/\/imagazine.it\/wp-content\/uploads\/2024\/01\/32450-1.webp",500,307,false],"meccarouselthumb":["https:\/\/imagazine.it\/wp-content\/uploads\/2024\/01\/32450-1.webp",474,291,false],"gridsquare":["https:\/\/imagazine.it\/wp-content\/uploads\/2024\/01\/32450-1.webp",391,240,false],"tileview":["https:\/\/imagazine.it\/wp-content\/uploads\/2024\/01\/32450-1.webp",300,184,false],"1536x1536":["https:\/\/imagazine.it\/wp-content\/uploads\/2024\/01\/32450-1.webp",750,460,false],"2048x2048":["https:\/\/imagazine.it\/wp-content\/uploads\/2024\/01\/32450-1.webp",750,460,false],"newsup-slider-full":["https:\/\/imagazine.it\/wp-content\/uploads\/2024\/01\/32450-1.webp",750,460,false],"newsup-featured":["https:\/\/imagazine.it\/wp-content\/uploads\/2024\/01\/32450-1.webp",750,460,false],"newsup-medium":["https:\/\/imagazine.it\/wp-content\/uploads\/2024\/01\/32450-1-720x380.webp",720,380,true],"tptn_thumbnail":["https:\/\/imagazine.it\/wp-content\/uploads\/2024\/01\/32450-1.webp",250,153,false],"sow-carousel-default":["https:\/\/imagazine.it\/wp-content\/uploads\/2024\/01\/32450-1-272x182.webp",272,182,true]},"rttpg_author":{"display_name":"Livio Nonis","author_link":"https:\/\/imagazine.it\/home_desk\/author\/nonis\/"},"rttpg_comment":0,"rttpg_category":"<a href=\"https:\/\/imagazine.it\/home_desk\/category\/sport\/\" rel=\"category tag\">SPORT<\/a>","rttpg_excerpt":"Basket in carrozzina","_links":{"self":[{"href":"https:\/\/imagazine.it\/home_desk\/wp-json\/wp\/v2\/posts\/32310","targetHints":{"allow":["GET"]}}],"collection":[{"href":"https:\/\/imagazine.it\/home_desk\/wp-json\/wp\/v2\/posts"}],"about":[{"href":"https:\/\/imagazine.it\/home_desk\/wp-json\/wp\/v2\/types\/post"}],"author":[{"embeddable":true,"href":"https:\/\/imagazine.it\/home_desk\/wp-json\/wp\/v2\/users\/22"}],"replies":[{"embeddable":true,"href":"https:\/\/imagazine.it\/home_desk\/wp-json\/wp\/v2\/comments?post=32310"}],"version-history":[{"count":0,"href":"https:\/\/imagazine.it\/home_desk\/wp-json\/wp\/v2\/posts\/32310\/revisions"}],"wp:featuredmedia":[{"embeddable":true,"href":"https:\/\/imagazine.it\/home_desk\/wp-json\/wp\/v2\/media\/32311"}],"wp:attachment":[{"href":"https:\/\/imagazine.it\/home_desk\/wp-json\/wp\/v2\/media?parent=32310"}],"wp:term":[{"taxonomy":"category","embeddable":true,"href":"https:\/\/imagazine.it\/home_desk\/wp-json\/wp\/v2\/categories?post=32310"},{"taxonomy":"post_tag","embeddable":true,"href":"https:\/\/imagazine.it\/home_desk\/wp-json\/wp\/v2\/tags?post=32310"}],"curies":[{"name":"wp","href":"https:\/\/api.w.org\/{rel}","templated":true}]}}