{"id":32302,"date":"2020-01-17T00:00:00","date_gmt":"2020-01-16T23:00:00","guid":{"rendered":"https:\/\/imagazine.it\/?p=32302"},"modified":"2020-01-17T00:00:00","modified_gmt":"2020-01-16T23:00:00","slug":"trieste-tutto-pronto-per-la-settimana-cinese","status":"publish","type":"post","link":"https:\/\/imagazine.it\/home_desk\/trieste-tutto-pronto-per-la-settimana-cinese\/","title":{"rendered":"Trieste, tutto pronto per la Settimana Cinese"},"content":{"rendered":"<p>Al civico museo d\u2019Arte Orientale \u00e8 stato presentato stamane l\u2019evento<em> \u201cTrieste Chinese Week\u201d, <\/em>in programma da domenica 19 a sabato 25 gennaio<em>,<\/em> coorganizzato da Comune di Trieste e Associazione Culturale <em>Nuove Vie della Seta<\/em>, in occasione dei festeggiamenti del Capodanno Cinese<em>. <\/em><\/p>\n<p>Alla presentazione sono intervenuti l\u2019assessore alla Cultura <strong>Giorgio Rossi<\/strong>, la direttrice del Servizio Musei e Biblioteche <strong>Laura Carlini Fanfogna <\/strong>e il presidente dell&#39;Associazione Culturale <em>Nuove Vie della Seta,<\/em> <strong>Gao Xu<\/strong>.<\/p>\n<p>\u201cSiamo felici di annunciare questo evento, che festeggia l\u2019inizio dell\u2019anno cinese (il 25 gennaio) facendo riferimento alla comunit\u00e0 cinese presente a Trieste, in tutto 3.000 persone, e che segna un primo \u2018punto di passaggio\u2019 per consolidare quella che \u00e8 la prerogativa di Trieste, citt\u00e0 ospitale e multietnica con la presenza di numerose comunit\u00e0 ben integrate \u2013 ha sottolineato l\u2019assessore Rossi \u2013. La comunit\u00e0 cinese oltre a essere numerosa si contraddistingue per correttezza e grande civilt\u00e0 con instancabili lavoratori sempre disponibili e sorridenti, nonostante la cultura sia molto distante dalla nostra. L\u2019intenzione \u00e8 di proseguire su questa strada auspicando un prossimo lancio di un grande evento della tradizione cinese\u201d.<\/p>\n<p>\u201cCerchiamo di valorizzare tutte le collezioni museali, in particolare questo museo d\u2019Arte Orientale, pur trattandosi di culture molto distanti da noi \u2013 ha affermato la direttrice Carlini \u2013. Da un paio d\u2019anni assieme a Michela Messina, dopo aver organizzato qui mostre sul Giappone, ci stiamo orientando, in collaborazione con l\u2019Associazione Nuove Vie della Seta, a valorizzare la Cina. Il 2019 \u00e8 stato un anno positivo con ben 13.000 ingressi. Con l\u2019avvio della mostra \u201cLa testa del drago\u201d allestita al museo d\u2019Arte Orientale dal 19 gennaio al 13 aprile, abbiamo voluto documentare la vita in Cina di cento anni fa con 30 fotografie d\u2019epoca riprodotte e scattate da un sottufficiale che servono a far comprendere parte della loro vicende storiche e leggende grazie alla mediazione culturale. Vorremmo instaurare una collaborazione permanente per far conoscere sempre meglio la Cina legata alla nostra citt\u00e0 nell\u2019ambito delle tradizioni marittime\u201d.<\/p>\n<p><a href=\"http:\/\/imagazinevideotruck.it\/outlet\/relink.html\" target=\"_top\" rel=\"noopener\"><img loading=\"lazy\" decoding=\"async\" align=\"LEFT\" height=\"250\" src=\"http:\/\/imagazinevideotruck.it\/outlet\/outlet30.gif\" width=\"300\" alt=\"\" title=\"\"><\/a><\/p>\n<p>\u00a0<\/p>\n<p>\u00a0<\/p>\n<p>\u00a0<\/p>\n<p>\u00a0<\/p>\n<p>\u00a0<\/p>\n<p>\u00a0<\/p>\n<p>\u00a0<\/p>\n<p>\u00a0<\/p>\n<p>\u00a0<\/p>\n<p>Il presidente Gao Xu, ringraziando il Comune, ha voluto rimarcare lo scopo dell\u2019associazione fondata nel 2011, che punta alla promozione di eventi e iniziative culturali per far conoscere la realt\u00e0 della Cina. \u201cNegli ultimi tre anni \u2013 ha evidenziato \u2013 \u00e8 molto accresciuta la richiesta degli studenti triestini, sia alle superiori che all\u2019Universit\u00e0, per apprendere la lingua cinese: nel 2019 sono state 255 le richieste pervenute. Del resto molte aziende in Cina richiedono sempre pi\u00f9 competenze italiane, grazie alla <em>Via della seta<\/em>\u201d.\u00a0<\/p>\n<p><img decoding=\"async\" alt=\"\" src=\"\/ckeditor_assets\/pictures\/579\/content_chinese_week_prog.jpg\" style=\"width: 600px; height: 648px;\" title=\"\"><\/p>\n","protected":false},"excerpt":{"rendered":"<p>Dal 19 al 25 gennaio<\/p>\n","protected":false},"author":28,"featured_media":32303,"comment_status":"closed","ping_status":"closed","sticky":false,"template":"","format":"standard","meta":{"dwc-title":[],"dwc-content":[],"footnotes":""},"categories":[5],"tags":[],"class_list":["post-32302","post","type-post","status-publish","format-standard","has-post-thumbnail","hentry","category-attualita"],"rttpg_featured_image_url":{"full":["https:\/\/imagazine.it\/wp-content\/uploads\/2024\/01\/32407-1.webp",750,500,false],"landscape":["https:\/\/imagazine.it\/wp-content\/uploads\/2024\/01\/32407-1.webp",750,500,false],"portraits":["https:\/\/imagazine.it\/wp-content\/uploads\/2024\/01\/32407-1.webp",750,500,false],"thumbnail":["https:\/\/imagazine.it\/wp-content\/uploads\/2024\/01\/32407-1-150x150.webp",150,150,true],"medium":["https:\/\/imagazine.it\/wp-content\/uploads\/2024\/01\/32407-1-300x200.webp",300,200,true],"large":["https:\/\/imagazine.it\/wp-content\/uploads\/2024\/01\/32407-1.webp",640,427,false],"thumblist":["https:\/\/imagazine.it\/wp-content\/uploads\/2024\/01\/32407-1.webp",300,200,false],"thumbrelated":["https:\/\/imagazine.it\/wp-content\/uploads\/2024\/01\/32407-1.webp",500,333,false],"meccarouselthumb":["https:\/\/imagazine.it\/wp-content\/uploads\/2024\/01\/32407-1.webp",474,316,false],"gridsquare":["https:\/\/imagazine.it\/wp-content\/uploads\/2024\/01\/32407-1.webp",391,260,false],"tileview":["https:\/\/imagazine.it\/wp-content\/uploads\/2024\/01\/32407-1.webp",300,200,false],"1536x1536":["https:\/\/imagazine.it\/wp-content\/uploads\/2024\/01\/32407-1.webp",750,500,false],"2048x2048":["https:\/\/imagazine.it\/wp-content\/uploads\/2024\/01\/32407-1.webp",750,500,false],"newsup-slider-full":["https:\/\/imagazine.it\/wp-content\/uploads\/2024\/01\/32407-1.webp",750,500,false],"newsup-featured":["https:\/\/imagazine.it\/wp-content\/uploads\/2024\/01\/32407-1.webp",750,500,false],"newsup-medium":["https:\/\/imagazine.it\/wp-content\/uploads\/2024\/01\/32407-1-720x380.webp",720,380,true],"tptn_thumbnail":["https:\/\/imagazine.it\/wp-content\/uploads\/2024\/01\/32407-1.webp",250,167,false],"sow-carousel-default":["https:\/\/imagazine.it\/wp-content\/uploads\/2024\/01\/32407-1-272x182.webp",272,182,true]},"rttpg_author":{"display_name":"redazione","author_link":"https:\/\/imagazine.it\/home_desk\/author\/redazione\/"},"rttpg_comment":0,"rttpg_category":"<a href=\"https:\/\/imagazine.it\/home_desk\/category\/attualita\/\" rel=\"category tag\">ATTUALIT\u00c0<\/a>","rttpg_excerpt":"Dal 19 al 25 gennaio","_links":{"self":[{"href":"https:\/\/imagazine.it\/home_desk\/wp-json\/wp\/v2\/posts\/32302","targetHints":{"allow":["GET"]}}],"collection":[{"href":"https:\/\/imagazine.it\/home_desk\/wp-json\/wp\/v2\/posts"}],"about":[{"href":"https:\/\/imagazine.it\/home_desk\/wp-json\/wp\/v2\/types\/post"}],"author":[{"embeddable":true,"href":"https:\/\/imagazine.it\/home_desk\/wp-json\/wp\/v2\/users\/28"}],"replies":[{"embeddable":true,"href":"https:\/\/imagazine.it\/home_desk\/wp-json\/wp\/v2\/comments?post=32302"}],"version-history":[{"count":0,"href":"https:\/\/imagazine.it\/home_desk\/wp-json\/wp\/v2\/posts\/32302\/revisions"}],"wp:featuredmedia":[{"embeddable":true,"href":"https:\/\/imagazine.it\/home_desk\/wp-json\/wp\/v2\/media\/32303"}],"wp:attachment":[{"href":"https:\/\/imagazine.it\/home_desk\/wp-json\/wp\/v2\/media?parent=32302"}],"wp:term":[{"taxonomy":"category","embeddable":true,"href":"https:\/\/imagazine.it\/home_desk\/wp-json\/wp\/v2\/categories?post=32302"},{"taxonomy":"post_tag","embeddable":true,"href":"https:\/\/imagazine.it\/home_desk\/wp-json\/wp\/v2\/tags?post=32302"}],"curies":[{"name":"wp","href":"https:\/\/api.w.org\/{rel}","templated":true}]}}