{"id":32272,"date":"2020-01-10T00:00:00","date_gmt":"2020-01-09T23:00:00","guid":{"rendered":"https:\/\/imagazine.it\/?p=32272"},"modified":"2020-01-10T00:00:00","modified_gmt":"2020-01-09T23:00:00","slug":"la-biblioteca-della-legalita-arriva-in-fvg","status":"publish","type":"post","link":"https:\/\/imagazine.it\/home_desk\/la-biblioteca-della-legalita-arriva-in-fvg\/","title":{"rendered":"La Biblioteca della Legalit\u00e0 arriva in FVG"},"content":{"rendered":"<p>I sondaggi riferiscono che in Italia non si legge quanto si dovrebbe e, al contempo, le statistiche sulla criminalit\u00e0 non sono rassicuranti. Entrambe le criticit\u00e0 toccano ambiti nevralgici per la formazione di cittadini consapevoli di un Paese avanzato:\u00a0la cultura\u00a0e il\u00a0senso\u00a0civico.<\/p>\n<p><strong>BILL. La Biblioteca della Legalit\u00e0<\/strong>\u00a0nasce come strumento per arginare alla radice queste emergenze,\u00a0<strong>diffondendo la cultura della legalit\u00e0, della responsabilit\u00e0 e della giustizia tra le giovani generazioni, attraverso la promozione della lettura<\/strong>.\u00a0La convinzione di BILL \u00e8 che le storie che i libri raccontano abbiano un ruolo essenziale nella comprensione della realt\u00e0 e siano\u00a0<strong>strumenti indispensabili affinch\u00e9 il principio di vivere nella legalit\u00e0 diventi un valore necessario e centrale nell&#39;immaginario di tutti<\/strong>.<\/p>\n<p><em>\u201cL\u2019impegno della Regione nei confronti della sicurezza delle famiglie e dei nostri giovani \u00e8 costante&#8221;<\/em>\u00a0afferma\u00a0<strong>Massimiliano Fedriga, Governatore del Friuli Venezia Giulia<\/strong>, primo firmatario del protocollo che accoglie il progetto in regione.\u00a0<em>&#8220;Sottoscrivere l\u2019accordo BILL per la costruzione della Biblioteca della Legalit\u00e0 in Friuli Venezia Giulia significa proseguire su questa strada, collaborando con l\u2019Associazione Nazionale Magistrati affinch\u00e9 attraverso la lettura si accresca nelle nuove generazioni una nuova cultura del vivere sociale\u201d.<\/em><\/p>\n<p>Fa seguito il pensiero di<strong>\u00a0Tiziana Gibelli, assessore alla Cultura e allo Sport del FVG: <\/strong><em>\u201cLa creazione della Biblioteca della legalit\u00e0 BILL FVG, nell\u2019ambito del progetto di promozione alla lettura LeggiAMO 0-18 FVG, assegna alla lettura un ruolo fondamentale nella migliore comprensione della realt\u00e0. In questo progetto i libri vengono considerati gli strumenti indispensabili per consentire ai giovani di costruire un immaginario che pone la giustizia e il senso civico al centro&#8221;.<\/em><\/p>\n<p><em>\u201cViviamo in un\u2019epoca \u2013 <\/em>sottolinea <strong>l&#39;assessore\u00a0regionale al lavoro, formazione, istruzione, ricerca, universit\u00e0 e famiglia, Alessia Rosolen<\/strong><em> \u2013 in cui chiunque invochi il senso del limite, della misura, della responsabilit\u00e0 va considerato un meschino e se cerca di far valere le leggi e le misure, va deriso e condannato. Restituire dignit\u00e0 al principio di legalit\u00e0, senza il quale non c\u2019\u00e8 sviluppo, benessere e societ\u00e0, lo ritengo un impegno urgente. La Regione Friuli Venezia Giulia sostiene con profonda convinzione azioni e iniziative che promuovano il rispetto delle regole, ancor pi\u00f9 se rivolte alle giovani generazioni\u201d.<\/em><\/p>\n<p>A sottoscrivere il patto sar\u00e0 anche\u00a0<strong>il vicepresidente della Regione FVG,\u00a0Riccardo Riccardi.<\/strong><\/p>\n<p>Si chiude cos\u00ec, con le firme istituzionali, il cerchio degli assessorati di riferimento di\u00a0<strong>LeggiAMO 0-18<\/strong>, del quale BILL fa parte.\u00a0<strong>LeggiAMO 0-18<\/strong>\u00a0\u00e8 il progetto di promozione della lettura (impegnato in centinaia di attivit\u00e0 su tutto il territorio regionale) proposto dalla Regione in partnership con CCM &#8211; Consorzio Culturale del Monfalconese, Damatr\u00e0 Onlus, Ufficio Scolastico Regionale del Friuli Venezia Giulia, AIB Associazione Italiana Biblioteche &#8211; FVG, ACP &#8211; Associazione Culturale Pediatri, CSB Onlus &#8211; Centro per la Salute del Bambino.\u00a0<\/p>\n<p><a href=\"http:\/\/imagazinevideotruck.it\/outlet\/relink.html\" target=\"_top\" rel=\"noopener\"><img loading=\"lazy\" decoding=\"async\" align=\"LEFT\" height=\"250\" src=\"http:\/\/imagazinevideotruck.it\/outlet\/outlet30.gif\" width=\"300\" alt=\"\" title=\"\"><\/a><\/p>\n<p>\u00a0<\/p>\n<p>\u00a0<\/p>\n<p>\u00a0<\/p>\n<p>\u00a0<\/p>\n<p>\u00a0<\/p>\n<p>\u00a0<\/p>\n<p>\u00a0<\/p>\n<p>\u00a0<\/p>\n<p>\u00a0<\/p>\n<p>La firma ufficiale si \u00e8 svolta alla presenza di molte\u00a0<strong>autorit\u00e0 del territorio che, a diverso titolo, sostengono e si impegnano per diffondere in regione la mission della Biblioteca della Legalit\u00e0. Sono\u00a0<\/strong>infatti\u00a0<strong>oltre 15 le istituzioni pubbliche\u00a0<\/strong>e private in regione che sostengono BILL. Tra esse: il Compartimento Polizia Postale e delle Comunicazioni FVG, l&#39;Ordine dei Giornalisti FVG, Legambiente del Friuli Venezia Giulia, l&#39;Associazione Icaro Volontariato Penitenziario ONLUS, l&#39;Agenzia Regionale per la Protezione dell\u2019Ambiente del Friuli Venezia\u00a0Giulia (ARPA FVG), la Prefettura di Gorizia, Questura di Udine, Libera, associazione nomi e numeri contro le mafie &#8211; coordinamento nazionale, il Garante regionale dei diritti della persona, l&#39;Associazione Nazionale Magistrati di Trieste, l&#39;Associazione Italiana Biblioteche FVG.<\/p>\n<p><strong>COME NASCE BILL<\/strong><br \/> La Biblioteca della Legalit\u00e0 (<strong>BILL<\/strong>) \u00e8 un progetto ideato e promosso da Associazione Fattoria della Legalit\u00e0, Libera, ANM sottosezione di Pesaro, AIB Marche, Ibby Italia, Comune di Isola del Piano, ISIA Urbino e Forum del Libro.<\/p>\n<p>Tra gli obiettivi del progetto c\u2019\u00e8 lo sviluppo di un\u00a0modello di gestione\u00a0della biblioteca che possa\u00a0essere replicato\u00a0agevolmente in altri territori ed \u00e8 proprio in quest\u2019ottica che, grazie al sostegno di\u00a0<strong>LeggiAMO 0-18, BILL. La Biblioteca della Legalit\u00e0<\/strong>\u00a0arriva in\u00a0<strong>Friuli Venezia Giulia<\/strong>. In regione il capofila del progetto \u00e8 l&#39;Associazione\u00a0<strong>Damatr\u00e0 onlus<\/strong>.<\/p>\n<p><strong>COS&#39;\u00c8 BILL<\/strong>\u00a0<strong>IN FRIULI VENEZIA GIULIA<\/strong><br \/> La Biblioteca della Legalit\u00e0 \u00e8 una collezione ragionata di pi\u00f9 di 200 testi adatti a giovani lettori (8-15 anni), comprendente narrativa, saggistica, fumetti, graphic novel, albi illustrati.<\/p>\n<p>Caratteristica fondamentale \u00e8 quella di essere una collezione di libri\u00a0<strong>itinerante nel territorio<\/strong>, destinata in particolare\u00a0<strong>alle scuole, al mondo associativo e alle istituzioni che intendano utilizzarla<\/strong>: l&#39;adesione \u00e8 aperta a tutti coloro che vogliano farne parte, in accordo con i principi ispiratori del progetto e nel rispetto dei regolamenti stabiliti dai soci fondatori.<\/p>\n<p> Concretamente in Friuli Venezia Giulia due sono le dotazioni a disposizione: una con centro prestito presso la biblioteca di\u00a0<strong>San Canzian d\u2019Isonzo<\/strong>\u00a0che sar\u00e0 punto di riferimento\u00a0<strong>per la zona di Gorizia e di Trieste<\/strong>; l\u2019altra con centro prestito presso la sede di\u00a0<strong>Damatr\u00e0 onlus\u00a0<\/strong>(Fagagna &#8211; UD)\u00a0che sar\u00e0 disponibile\u00a0<strong>per il territorio di Udine e di Pordenone<\/strong>.<\/p>\n<p><strong>LE ATTIVIT\u00c0 DI BILL IN FRIULI VENEZIA GIULIA<\/strong><br \/> La Biblioteca della Legalit\u00e0 in Friuli Venezia Giulia intende costruire e\u00a0<strong>rafforzare una rete<\/strong>\u00a0virtuosa tra istituzioni e associazioni regionali, scuole e biblioteche che credano nei principi costitutivi di BILL e facciano propria la Biblioteca.<br \/> BILL FVG\u00a0<strong>sar\u00e0 sempre aggiornato e al passo con le continue evoluzioni<\/strong>\u00a0grazie al capofila del progetto regionale (Damatr\u00e0 onlus) che manterr\u00e0 le relazioni e la connessione con il coordinamento nazionale.<br \/> Le attivit\u00e0 di BILL su territorio regionale saranno orientate anche alla\u00a0<strong>formazione<\/strong>\u00a0rivolta agli adulti, (insegnanti, genitori, bibliotecari, librai e operatori) ed incentrata sui temi di legalit\u00e0, giustizia, responsabilit\u00e0 e cittadinanza. Verranno convocati a tal fine esperti in materia di livello nazionale e internazionale.<br \/> Sar\u00e0 cura degli aderenti a BILL FVG consolidare le\u00a0<strong>biblioteche circolanti per bambini e ragazzi<\/strong>\u00a0dedicate ai temi della\u00a0<strong>giustizia<\/strong>\u00a0e della\u00a0<strong>legalit\u00e0<\/strong>\u00a0democratica, al fine di supportare la scuola nel compito dell\u2019educazione alla\u00a0<strong>responsabilit\u00e0<\/strong>.<\/p>\n","protected":false},"excerpt":{"rendered":"<p>Firme ufficiali per BILL<\/p>\n","protected":false},"author":28,"featured_media":32273,"comment_status":"closed","ping_status":"closed","sticky":false,"template":"","format":"standard","meta":{"dwc-title":[],"dwc-content":[],"footnotes":""},"categories":[5],"tags":[],"class_list":["post-32272","post","type-post","status-publish","format-standard","has-post-thumbnail","hentry","category-attualita"],"rttpg_featured_image_url":{"full":["https:\/\/imagazine.it\/wp-content\/uploads\/2024\/01\/32287-1.webp",750,500,false],"landscape":["https:\/\/imagazine.it\/wp-content\/uploads\/2024\/01\/32287-1.webp",750,500,false],"portraits":["https:\/\/imagazine.it\/wp-content\/uploads\/2024\/01\/32287-1.webp",750,500,false],"thumbnail":["https:\/\/imagazine.it\/wp-content\/uploads\/2024\/01\/32287-1-150x150.webp",150,150,true],"medium":["https:\/\/imagazine.it\/wp-content\/uploads\/2024\/01\/32287-1-300x200.webp",300,200,true],"large":["https:\/\/imagazine.it\/wp-content\/uploads\/2024\/01\/32287-1.webp",640,427,false],"thumblist":["https:\/\/imagazine.it\/wp-content\/uploads\/2024\/01\/32287-1.webp",300,200,false],"thumbrelated":["https:\/\/imagazine.it\/wp-content\/uploads\/2024\/01\/32287-1.webp",500,333,false],"meccarouselthumb":["https:\/\/imagazine.it\/wp-content\/uploads\/2024\/01\/32287-1.webp",474,316,false],"gridsquare":["https:\/\/imagazine.it\/wp-content\/uploads\/2024\/01\/32287-1.webp",391,260,false],"tileview":["https:\/\/imagazine.it\/wp-content\/uploads\/2024\/01\/32287-1.webp",300,200,false],"1536x1536":["https:\/\/imagazine.it\/wp-content\/uploads\/2024\/01\/32287-1.webp",750,500,false],"2048x2048":["https:\/\/imagazine.it\/wp-content\/uploads\/2024\/01\/32287-1.webp",750,500,false],"newsup-slider-full":["https:\/\/imagazine.it\/wp-content\/uploads\/2024\/01\/32287-1.webp",750,500,false],"newsup-featured":["https:\/\/imagazine.it\/wp-content\/uploads\/2024\/01\/32287-1.webp",750,500,false],"newsup-medium":["https:\/\/imagazine.it\/wp-content\/uploads\/2024\/01\/32287-1-720x380.webp",720,380,true],"tptn_thumbnail":["https:\/\/imagazine.it\/wp-content\/uploads\/2024\/01\/32287-1.webp",250,167,false],"sow-carousel-default":["https:\/\/imagazine.it\/wp-content\/uploads\/2024\/01\/32287-1-272x182.webp",272,182,true]},"rttpg_author":{"display_name":"redazione","author_link":"https:\/\/imagazine.it\/home_desk\/author\/redazione\/"},"rttpg_comment":0,"rttpg_category":"<a href=\"https:\/\/imagazine.it\/home_desk\/category\/attualita\/\" rel=\"category tag\">ATTUALIT\u00c0<\/a>","rttpg_excerpt":"Firme ufficiali per BILL","_links":{"self":[{"href":"https:\/\/imagazine.it\/home_desk\/wp-json\/wp\/v2\/posts\/32272","targetHints":{"allow":["GET"]}}],"collection":[{"href":"https:\/\/imagazine.it\/home_desk\/wp-json\/wp\/v2\/posts"}],"about":[{"href":"https:\/\/imagazine.it\/home_desk\/wp-json\/wp\/v2\/types\/post"}],"author":[{"embeddable":true,"href":"https:\/\/imagazine.it\/home_desk\/wp-json\/wp\/v2\/users\/28"}],"replies":[{"embeddable":true,"href":"https:\/\/imagazine.it\/home_desk\/wp-json\/wp\/v2\/comments?post=32272"}],"version-history":[{"count":0,"href":"https:\/\/imagazine.it\/home_desk\/wp-json\/wp\/v2\/posts\/32272\/revisions"}],"wp:featuredmedia":[{"embeddable":true,"href":"https:\/\/imagazine.it\/home_desk\/wp-json\/wp\/v2\/media\/32273"}],"wp:attachment":[{"href":"https:\/\/imagazine.it\/home_desk\/wp-json\/wp\/v2\/media?parent=32272"}],"wp:term":[{"taxonomy":"category","embeddable":true,"href":"https:\/\/imagazine.it\/home_desk\/wp-json\/wp\/v2\/categories?post=32272"},{"taxonomy":"post_tag","embeddable":true,"href":"https:\/\/imagazine.it\/home_desk\/wp-json\/wp\/v2\/tags?post=32272"}],"curies":[{"name":"wp","href":"https:\/\/api.w.org\/{rel}","templated":true}]}}