{"id":32266,"date":"2020-01-10T00:00:00","date_gmt":"2020-01-09T23:00:00","guid":{"rendered":"https:\/\/imagazine.it\/?p=32266"},"modified":"2020-01-10T00:00:00","modified_gmt":"2020-01-09T23:00:00","slug":"post-vaia-venduti-oltre-16-mila-taglieri-solidali","status":"publish","type":"post","link":"https:\/\/imagazine.it\/home_desk\/post-vaia-venduti-oltre-16-mila-taglieri-solidali\/","title":{"rendered":"Post Vaia, venduti oltre 16 mila taglieri solidali"},"content":{"rendered":"<p>Sono stati oltre 16 mila i \u201ctaglieri solidali\u201d venduti in seguito all\u2019iniziativa organizzata da Legno Servizi di Tolmezzo.<\/p>\n<p>Dopo la tempesta \u201cVaia\u201d che, a fine ottobre 2018, ha devastato, purtroppo, anche i boschi del Friuli Venezia Giulia, la cooperativa tolmezzina si \u00e8 interrogata su quale potesse essere un\u2019iniziativa da avviare per dare un sostegno concreto alle aree danneggiate. Cos\u00ec, dopo aver aderito alla Filiera Solidale garantita da PEFC Italia, a giugno del 2019 si \u00e8 dato avvio alla produzione dei \u201ctaglieri solidali\u201d di abete bianco, lavorati a partire dal legno schiantato e certificato Pefc, in collaborazione con la rete d\u2019imprese <em>Fri\u00fbldane<\/em> e altri 4 attori della filiera: Artigianato Clautano di Rosanna Talamini, di Claut; l\u2019impresa boschiva Fabiano De Filippo, di Claut; la segheria Nassutti Bernardino, di Travesio e la Sintesi Laser di Ros Andrea, di Maron di Brugnera.<\/p>\n<p>\u00abLa campagna di comunicazione che abbiamo attivato \u2013 spiega il presidente di Legno Servizi, <strong>Emilio Gottardo<\/strong> \u2013 ha funzionato oltre ogni nostra aspettativa incontrando pure la sensibilit\u00e0 di molte organizzazioni sindacali, commerciali, di singole aziende e persone del FVG e di altre regioni italiane. Di conseguenza, ci siamo dovuti attivare per far fronte a quasi una cinquantina di richieste per complessivi 16 mila taglieri venduti (equivalenti a oltre 70 mc di legname grezzo recuperato). La cosa importante \u00e8 che, con questa iniziativa dal chiaro carattere ecosostenibile, non solo abbiamo dato un piccolo contributo all\u2019economia dei boschi regionali, ma abbiamo coinvolto migliaia di famiglie all\u2019interno di un progetto concreto di solidariet\u00e0. Un piccolo progetto che rappresenta, inoltre \u2013 conclude Gottardo \u2013 un esempio virtuoso di collaborazione tra imprese, laddove il fare rete ha permesso di produrre un significativo valore aggiunto per la realt\u00e0 locale\u00bb.<\/p>\n<p>Ottimo anche il rapporto instaurato con il Comune di Forni Avoltri cui sar\u00e0 devoluto 1 euro per ogni tagliere venduto. Cos\u00ec, i 16 mila euro che, in seguito alla vendita dei taglieri, arriveranno nelle casse comunali (Forni Avoltri \u00e8 stato il Comune pi\u00f9 danneggiato da \u201cVaia\u201d), serviranno a realizzare un progetto di educazione ambientale (la cui progettazione \u00e8 gi\u00e0 stata avviata) denominato: \u201cA contatto con la foresta \u2013 Percorsi esperienziali di conoscenza del bosco\u201d.<\/p>\n","protected":false},"excerpt":{"rendered":"<p>Iniziativa organizzata da Legno Servizi<\/p>\n","protected":false},"author":28,"featured_media":32267,"comment_status":"closed","ping_status":"closed","sticky":false,"template":"","format":"standard","meta":{"dwc-title":[],"dwc-content":[],"footnotes":""},"categories":[6],"tags":[],"class_list":["post-32266","post","type-post","status-publish","format-standard","has-post-thumbnail","hentry","category-societa"],"rttpg_featured_image_url":{"full":["https:\/\/imagazine.it\/wp-content\/uploads\/2024\/01\/32277-1.webp",750,500,false],"landscape":["https:\/\/imagazine.it\/wp-content\/uploads\/2024\/01\/32277-1.webp",750,500,false],"portraits":["https:\/\/imagazine.it\/wp-content\/uploads\/2024\/01\/32277-1.webp",750,500,false],"thumbnail":["https:\/\/imagazine.it\/wp-content\/uploads\/2024\/01\/32277-1-150x150.webp",150,150,true],"medium":["https:\/\/imagazine.it\/wp-content\/uploads\/2024\/01\/32277-1-300x200.webp",300,200,true],"large":["https:\/\/imagazine.it\/wp-content\/uploads\/2024\/01\/32277-1.webp",640,427,false],"thumblist":["https:\/\/imagazine.it\/wp-content\/uploads\/2024\/01\/32277-1.webp",300,200,false],"thumbrelated":["https:\/\/imagazine.it\/wp-content\/uploads\/2024\/01\/32277-1.webp",500,333,false],"meccarouselthumb":["https:\/\/imagazine.it\/wp-content\/uploads\/2024\/01\/32277-1.webp",474,316,false],"gridsquare":["https:\/\/imagazine.it\/wp-content\/uploads\/2024\/01\/32277-1.webp",391,260,false],"tileview":["https:\/\/imagazine.it\/wp-content\/uploads\/2024\/01\/32277-1.webp",300,200,false],"1536x1536":["https:\/\/imagazine.it\/wp-content\/uploads\/2024\/01\/32277-1.webp",750,500,false],"2048x2048":["https:\/\/imagazine.it\/wp-content\/uploads\/2024\/01\/32277-1.webp",750,500,false],"newsup-slider-full":["https:\/\/imagazine.it\/wp-content\/uploads\/2024\/01\/32277-1.webp",750,500,false],"newsup-featured":["https:\/\/imagazine.it\/wp-content\/uploads\/2024\/01\/32277-1.webp",750,500,false],"newsup-medium":["https:\/\/imagazine.it\/wp-content\/uploads\/2024\/01\/32277-1-720x380.webp",720,380,true],"tptn_thumbnail":["https:\/\/imagazine.it\/wp-content\/uploads\/2024\/01\/32277-1.webp",250,167,false],"sow-carousel-default":["https:\/\/imagazine.it\/wp-content\/uploads\/2024\/01\/32277-1-272x182.webp",272,182,true]},"rttpg_author":{"display_name":"redazione","author_link":"https:\/\/imagazine.it\/home_desk\/author\/redazione\/"},"rttpg_comment":0,"rttpg_category":"<a href=\"https:\/\/imagazine.it\/home_desk\/category\/societa\/\" rel=\"category tag\">SOCIET\u00c0<\/a>","rttpg_excerpt":"Iniziativa organizzata da Legno Servizi","_links":{"self":[{"href":"https:\/\/imagazine.it\/home_desk\/wp-json\/wp\/v2\/posts\/32266","targetHints":{"allow":["GET"]}}],"collection":[{"href":"https:\/\/imagazine.it\/home_desk\/wp-json\/wp\/v2\/posts"}],"about":[{"href":"https:\/\/imagazine.it\/home_desk\/wp-json\/wp\/v2\/types\/post"}],"author":[{"embeddable":true,"href":"https:\/\/imagazine.it\/home_desk\/wp-json\/wp\/v2\/users\/28"}],"replies":[{"embeddable":true,"href":"https:\/\/imagazine.it\/home_desk\/wp-json\/wp\/v2\/comments?post=32266"}],"version-history":[{"count":0,"href":"https:\/\/imagazine.it\/home_desk\/wp-json\/wp\/v2\/posts\/32266\/revisions"}],"wp:featuredmedia":[{"embeddable":true,"href":"https:\/\/imagazine.it\/home_desk\/wp-json\/wp\/v2\/media\/32267"}],"wp:attachment":[{"href":"https:\/\/imagazine.it\/home_desk\/wp-json\/wp\/v2\/media?parent=32266"}],"wp:term":[{"taxonomy":"category","embeddable":true,"href":"https:\/\/imagazine.it\/home_desk\/wp-json\/wp\/v2\/categories?post=32266"},{"taxonomy":"post_tag","embeddable":true,"href":"https:\/\/imagazine.it\/home_desk\/wp-json\/wp\/v2\/tags?post=32266"}],"curies":[{"name":"wp","href":"https:\/\/api.w.org\/{rel}","templated":true}]}}