{"id":32260,"date":"2020-01-09T00:00:00","date_gmt":"2020-01-08T23:00:00","guid":{"rendered":"https:\/\/imagazine.it\/?p=32260"},"modified":"2020-01-09T00:00:00","modified_gmt":"2020-01-08T23:00:00","slug":"friulano-a-scuola-nuova-campagna-arlef","status":"publish","type":"post","link":"https:\/\/imagazine.it\/home_desk\/friulano-a-scuola-nuova-campagna-arlef\/","title":{"rendered":"Friulano a scuola, nuova campagna ARLeF"},"content":{"rendered":"<p>Gennaio \u00e8 il mese in cui si iscrivono i bambini a scuola ed \u00e8 anche il momento in cui poter chiedere l\u2019insegnamento della lingua friulana per i propri figli.<\/p>\n<p>Proprio per questo l\u2019ARLeF &#8211; Agenzia Regionale per la Lingua Friulana ha lanciato in questi giorni la campagna di informazione e sensibilizzazione \u201c<em>D\u00ees di s\u00ec al furlan a scuele par to fi!\u201d<\/em>, al fine di supportare la scelta consapevole del plurilinguismo in et\u00e0 scolare.<\/p>\n<p>La scadenza per l\u2019iscrizione fissata dal Miur \u00e8 il 31 gennaio 2020. La scelta del friulano si fa al momento dell\u2019iscrizione online a ciascun ciclo scolastico, attraverso il portale <u><a href=\"http:\/\/www.iscrizioni.istruzione.it\/\" target=\"_blank\" rel=\"noopener\">http:\/\/www.iscrizioni.istruzione.it\/<\/a><\/u>, ma i genitori possono rivolgersi anche alla segreteria della scuola per maggiori delucidazioni.<\/p>\n<p>La campagna promozionale dell\u2019ARLeF, attiva per tutto il mese di gennaio sulla carta stampata e online, sar\u00e0 amplificata attraverso i profili Facebook e Instagram dell\u2019Agenzia e supportata da un video motion graphic, disponibile sul sito <u><a href=\"http:\/\/www.arlef.it\" target=\"_blank\" rel=\"noopener\">www.arlef.it<\/a><\/u> nella versione in friulano e in italiano.<\/p>\n<p><em>\u00abPer le scuole dell\u2019infanzia, primarie e secondarie di primo grado <\/em>\u2013 ricorda il presidente <strong>Eros Cisilino<\/strong> \u2013 <em>a<\/em><em>l momento dell\u2019iscrizione i genitori sono chiamati a compiere delle scelte educative che si ripercuotono in modo positivo sul percorso di crescita dei propri figli. Attraverso questa nuova campagna, l\u2019Agenzia vuole sottolineare che mettere i bambini nelle condizioni di <\/em><em>imparare il friulano a scuola non significa rinunciare ad altre lingue, come l\u2019inglese, ma permettergli di apprenderle meglio e prima, come dimostrano le pi\u00f9 avanzate ricerche scientifiche sul plurilinguismo. Parlare friulano ai propri figli significa, inoltre, <\/em><em>trasmettergli il senso di appartenenza alla comunit\u00e0 friulana, <\/em><em>tramandare un tesoro fatto di una cultura millenaria, di sapere e tradizioni, d<\/em><em>ando valore alla storia, alla geografia e alla cultura del territorio in cui vivono, ma abituandoli all\u2019esplorazione del mondo\u00bb.<\/em><\/p>\n<p><a href=\"http:\/\/imagazinevideotruck.it\/outlet\/relink.html\" target=\"_top\" rel=\"noopener\"><img loading=\"lazy\" decoding=\"async\" align=\"LEFT\" height=\"250\" src=\"http:\/\/imagazinevideotruck.it\/outlet\/outlet30.gif\" width=\"300\" alt=\"\" title=\"\"><\/a><\/p>\n<p>\u00a0<\/p>\n<p>\u00a0<\/p>\n<p>\u00a0<\/p>\n<p>\u00a0<\/p>\n<p>\u00a0<\/p>\n<p>\u00a0<\/p>\n<p>\u00a0<\/p>\n<p>\u00a0<\/p>\n<p>\u00a0<\/p>\n<p>Il friulano, il dato \u00e8 appena stato confermato, \u00e8 stato scelto per il 2019 da oltre il 76% dei genitori. In molte scuole l\u2019insegnamento avviene secondo quella che a livello europeo \u00e8 riconosciuta come una delle pi\u00f9 efficaci metodologie didattiche, il CLIL (Insegnamento Integrato di Lingua e Contenuto). Il friulano, che nel 2019 \u00e8 stato insegnato per almeno 30 ore all\u2019anno a 38.000 alunni delle scuole dell\u2019infanzia, primarie e secondarie di primo grado, non sottrae ore ad altre materie e si inserisce nel 20% del curriculum individuato dalle scuole in autonomia, secondo quanto previsto dalla Legge statale n. 482\/99 e dalla Legge regionale n. 29\/2007. Gli insegnanti, accreditati dalla Regione FVG, sono oltre 1.500.<\/p>\n","protected":false},"excerpt":{"rendered":"<p>Lo scorso anno scelto dal 76% delle famiglie<\/p>\n","protected":false},"author":28,"featured_media":32261,"comment_status":"closed","ping_status":"closed","sticky":false,"template":"","format":"standard","meta":{"dwc-title":[],"dwc-content":[],"footnotes":""},"categories":[6],"tags":[],"class_list":["post-32260","post","type-post","status-publish","format-standard","has-post-thumbnail","hentry","category-societa"],"rttpg_featured_image_url":{"full":["https:\/\/imagazine.it\/wp-content\/uploads\/2024\/01\/32268-1.webp",750,492,false],"landscape":["https:\/\/imagazine.it\/wp-content\/uploads\/2024\/01\/32268-1.webp",750,492,false],"portraits":["https:\/\/imagazine.it\/wp-content\/uploads\/2024\/01\/32268-1.webp",750,492,false],"thumbnail":["https:\/\/imagazine.it\/wp-content\/uploads\/2024\/01\/32268-1-150x150.webp",150,150,true],"medium":["https:\/\/imagazine.it\/wp-content\/uploads\/2024\/01\/32268-1-300x197.webp",300,197,true],"large":["https:\/\/imagazine.it\/wp-content\/uploads\/2024\/01\/32268-1.webp",640,420,false],"thumblist":["https:\/\/imagazine.it\/wp-content\/uploads\/2024\/01\/32268-1.webp",300,197,false],"thumbrelated":["https:\/\/imagazine.it\/wp-content\/uploads\/2024\/01\/32268-1.webp",500,328,false],"meccarouselthumb":["https:\/\/imagazine.it\/wp-content\/uploads\/2024\/01\/32268-1.webp",474,311,false],"gridsquare":["https:\/\/imagazine.it\/wp-content\/uploads\/2024\/01\/32268-1.webp",391,256,false],"tileview":["https:\/\/imagazine.it\/wp-content\/uploads\/2024\/01\/32268-1.webp",300,197,false],"1536x1536":["https:\/\/imagazine.it\/wp-content\/uploads\/2024\/01\/32268-1.webp",750,492,false],"2048x2048":["https:\/\/imagazine.it\/wp-content\/uploads\/2024\/01\/32268-1.webp",750,492,false],"newsup-slider-full":["https:\/\/imagazine.it\/wp-content\/uploads\/2024\/01\/32268-1.webp",750,492,false],"newsup-featured":["https:\/\/imagazine.it\/wp-content\/uploads\/2024\/01\/32268-1.webp",750,492,false],"newsup-medium":["https:\/\/imagazine.it\/wp-content\/uploads\/2024\/01\/32268-1-720x380.webp",720,380,true],"tptn_thumbnail":["https:\/\/imagazine.it\/wp-content\/uploads\/2024\/01\/32268-1.webp",250,164,false],"sow-carousel-default":["https:\/\/imagazine.it\/wp-content\/uploads\/2024\/01\/32268-1-272x182.webp",272,182,true]},"rttpg_author":{"display_name":"redazione","author_link":"https:\/\/imagazine.it\/home_desk\/author\/redazione\/"},"rttpg_comment":0,"rttpg_category":"<a href=\"https:\/\/imagazine.it\/home_desk\/category\/societa\/\" rel=\"category tag\">SOCIET\u00c0<\/a>","rttpg_excerpt":"Lo scorso anno scelto dal 76% delle famiglie","_links":{"self":[{"href":"https:\/\/imagazine.it\/home_desk\/wp-json\/wp\/v2\/posts\/32260","targetHints":{"allow":["GET"]}}],"collection":[{"href":"https:\/\/imagazine.it\/home_desk\/wp-json\/wp\/v2\/posts"}],"about":[{"href":"https:\/\/imagazine.it\/home_desk\/wp-json\/wp\/v2\/types\/post"}],"author":[{"embeddable":true,"href":"https:\/\/imagazine.it\/home_desk\/wp-json\/wp\/v2\/users\/28"}],"replies":[{"embeddable":true,"href":"https:\/\/imagazine.it\/home_desk\/wp-json\/wp\/v2\/comments?post=32260"}],"version-history":[{"count":0,"href":"https:\/\/imagazine.it\/home_desk\/wp-json\/wp\/v2\/posts\/32260\/revisions"}],"wp:featuredmedia":[{"embeddable":true,"href":"https:\/\/imagazine.it\/home_desk\/wp-json\/wp\/v2\/media\/32261"}],"wp:attachment":[{"href":"https:\/\/imagazine.it\/home_desk\/wp-json\/wp\/v2\/media?parent=32260"}],"wp:term":[{"taxonomy":"category","embeddable":true,"href":"https:\/\/imagazine.it\/home_desk\/wp-json\/wp\/v2\/categories?post=32260"},{"taxonomy":"post_tag","embeddable":true,"href":"https:\/\/imagazine.it\/home_desk\/wp-json\/wp\/v2\/tags?post=32260"}],"curies":[{"name":"wp","href":"https:\/\/api.w.org\/{rel}","templated":true}]}}