{"id":32258,"date":"2020-01-09T00:00:00","date_gmt":"2020-01-08T23:00:00","guid":{"rendered":"https:\/\/imagazine.it\/?p=32258"},"modified":"2020-01-09T00:00:00","modified_gmt":"2020-01-08T23:00:00","slug":"ruda-si-confronta-con-la-solitudine","status":"publish","type":"post","link":"https:\/\/imagazine.it\/home_desk\/ruda-si-confronta-con-la-solitudine\/","title":{"rendered":"Ruda si confronta con la solitudine"},"content":{"rendered":"<p>Un grande evento finale per chiudere oltre un anno di lavoro, di ricerca e di azioni realizzate per contrastare la solitudine. ViviRuda tirer\u00e0 le fila del progetto, presentando, il prossimo\u00a0<strong>14 gennaio, il rapporto di ricerca \u201cLa solitudine a Ruda\u201d.<\/strong><\/p>\n<p>Nella Sala del Consiglio comunale di Ruda,\u00a0<strong>a partire dalle 18<\/strong>, saranno organizzati due distinti momenti: il primo, fino alle 19.30, dedicato nello specifico al progetto. Oltre ai saluti delle autorit\u00e0 e alla presentazione dei risultati, verranno illustrati i\u00a0<strong>progetti nati dalla partecipazione e dal coinvolgimento dei cittadini e ideati per contrastare la solitudine<\/strong>. Tra questi il progetto\u00a0<strong>\u201cVicini-Vicini\u201d.<\/strong><\/p>\n<p>\u201cCon questa giornata finale, si conclude un grandissimo lavoro che ha scavato a fondo nella nostra comunit\u00e0 e che ha permesso di far emergere situazioni ancora non conosciute e su cui ora abbiamo mezzi con cui lavorare. I cittadini sono stati protagonisti. La nostra comunit\u00e0 ha riscoperto la sua forza, la fondamentale opera che deve svolgere per aggregare e aiutare anche le persone pi\u00f9 in difficolt\u00e0. Solo cos\u00ec tutti assieme cresciamo come comune\u201d, dichiara il sindaco di Ruda,\u00a0<strong>Franco Lenarduzzi<\/strong>.<\/p>\n<p>Sempre il 14 gennaio,\u00a0<strong>dalle 19.30 alle 21<\/strong>, \u00e8 prevista l\u2019inaugurazione\u00a0<strong>di \u201cRacContare La mostra\u201d,<\/strong>\u00a0dedicata a tutte quelle immagini fotografiche di persone e luoghi cari agli abitanti di Ruda. Dopo l\u2019inaugurazione \u00e8 previsto un momento conviviale per tutti i presenti.<\/p>\n<p>L\u2019esposizione fotografica trover\u00e0 sede sia nel Palazzo Municipale che\u00a0<strong>in quindici tra bar ed esercizi commerciali dell\u2019intero territorio comunale<\/strong>.\u00a0<strong>Dal 15 al 31 gennaio<\/strong>\u00a0sar\u00e0 infatti possibile ammirare le foto raccolte, in questi luoghi: Enobar (p.zza Repubblica, 5 Ruda), Bar Arci (via Mosettig, 18 Ruda), Bar Trattoria Commercio (p.zza Libert\u00e0, 4 Ruda), Pizzeria da Vittorio (via Redipuglia, 1 Ruda), Agriturismo Pelos (via Udine, 38 Ruda), Farmacia Moneghini (via Roma, 15 Ruda), Ambulatori medici (via Roma, 8-12 Ruda), Macelleria da Primo (p.zza Repubblica, 3 Ruda), Biblioteca Comunale (p.zza Repubblica, 10 Ruda), Frasca (via della resistenza, 2 Mortesins), Az. Agr. Morsut (via della mondina, 4 San Nicol\u00f2), SOS Bar (ex Acli &#8211; via Cavour, 5 Perteole), Osteria da Daniela (via Garibaldi, 8 Perteole), Parrucchiere Luca Style (via Verdi, 1 Perteole) e Salone Fornasin Daniela (via Verdi, 26 Perteole).<\/p>\n<p><strong>Marco Giordani<\/strong>, coordinatore del progetto e Presidente della Cooperativa Co.S.M.O.: \u201cSiamo giunti a concludere questo grande progetto, durato 15 mesi, restituendo alla comunit\u00e0 il frutto del lavoro svolto assieme alle istituzioni e a tutti i soggetti coinvolti a vario titolo nel progetto. Di questo impegno rimarr\u00e0 tangibile testimonianza nelle persone che vi hanno partecipato, rimarranno i progetti gi\u00e0 attivi e quelli che lo saranno, rimarr\u00e0 una comunit\u00e0 pi\u00f9 matura e consapevole, rimarranno le foto presenti nella mostra itinerante e rimarr\u00e0 una progettualit\u00e0 di sviluppo futura che potr\u00e0 veder ancora crescere il progetto\u201d.\u00a0<\/p>\n<p><a href=\"http:\/\/imagazinevideotruck.it\/outlet\/relink.html\" target=\"_top\" rel=\"noopener\"><img loading=\"lazy\" decoding=\"async\" align=\"LEFT\" height=\"250\" src=\"http:\/\/imagazinevideotruck.it\/outlet\/outlet30.gif\" width=\"300\" alt=\"\" title=\"\"><\/a><\/p>\n<p>\u00a0<\/p>\n<p>\u00a0<\/p>\n<p>\u00a0<\/p>\n<p>\u00a0<\/p>\n<p>\u00a0<\/p>\n<p>\u00a0<\/p>\n<p>\u00a0<\/p>\n<p>\u00a0<\/p>\n<p>\u00a0<\/p>\n<p>ViviRuda non \u00e8 solo un progetto sperimentale che vuole\u00a0<strong>analizzare e prevenire problematiche legate alla solitudine e all\u2019isolamento sociale<\/strong>. Nasce anche per capire come migliorare la vita dei cittadini, aumentare le relazioni d&#39;aiuto e il dialogo degli stessi con le istituzioni. Attraverso la raccolta di informazioni, la costruzione di un piano di lavoro, la realizzazione di eventi mirati e gli incontri con associazioni e cittadini, ha lavorato per favorire il benessere della popolazione comunicando con le persone che si sentono sole o hanno bisogno di aiuto.<\/p>\n<p>Si struttura in un ecosistema informativo e partecipativo che parte dallo Sportello fisico in Municipio e arriva agli strumenti di condivisione online, passando per una fitta rete di contatti, il coinvolgimento di persone e associazioni, la realizzazione di un logo identificativo, l\u2019affissione e distribuzione di materiali informativi cartacei.\u00a0<\/p>\n<p><strong>Un lavoro ideato dal Comune di Ruda e coordinato dalla Cooperativa Co.S.M.O.,<\/strong>\u00a0ViviRuda \u00e8 un progetto di rete, fatto da professionisti, amministratori, operatori di comunit\u00e0, che deve la partecipazione attiva dell\u2019Azienda per l\u2019Assistenza Sanitaria, AUSER e Ambito Socio Assistenziale, oltre che dell\u2019amministrazione comunale. Tutte le informazioni sul progetto si trovano sul sito\u00a0<u><strong><a href=\"http:\/\/www.viviruda.com\/\" target=\"_blank\" rel=\"noopener\">www.viviruda.com<\/a><\/strong><\/u><\/p>\n","protected":false},"excerpt":{"rendered":"<p>Evento conclusivo marted\u00ec 14 gennaio<\/p>\n","protected":false},"author":28,"featured_media":32259,"comment_status":"closed","ping_status":"closed","sticky":false,"template":"","format":"standard","meta":{"dwc-title":[],"dwc-content":[],"footnotes":""},"categories":[5],"tags":[],"class_list":["post-32258","post","type-post","status-publish","format-standard","has-post-thumbnail","hentry","category-attualita"],"rttpg_featured_image_url":{"full":["https:\/\/imagazine.it\/wp-content\/uploads\/2024\/01\/32261-1.webp",750,520,false],"landscape":["https:\/\/imagazine.it\/wp-content\/uploads\/2024\/01\/32261-1.webp",750,520,false],"portraits":["https:\/\/imagazine.it\/wp-content\/uploads\/2024\/01\/32261-1.webp",750,520,false],"thumbnail":["https:\/\/imagazine.it\/wp-content\/uploads\/2024\/01\/32261-1-150x150.webp",150,150,true],"medium":["https:\/\/imagazine.it\/wp-content\/uploads\/2024\/01\/32261-1-300x208.webp",300,208,true],"large":["https:\/\/imagazine.it\/wp-content\/uploads\/2024\/01\/32261-1.webp",640,444,false],"thumblist":["https:\/\/imagazine.it\/wp-content\/uploads\/2024\/01\/32261-1.webp",300,208,false],"thumbrelated":["https:\/\/imagazine.it\/wp-content\/uploads\/2024\/01\/32261-1.webp",500,347,false],"meccarouselthumb":["https:\/\/imagazine.it\/wp-content\/uploads\/2024\/01\/32261-1.webp",467,324,false],"gridsquare":["https:\/\/imagazine.it\/wp-content\/uploads\/2024\/01\/32261-1.webp",375,260,false],"tileview":["https:\/\/imagazine.it\/wp-content\/uploads\/2024\/01\/32261-1.webp",300,208,false],"1536x1536":["https:\/\/imagazine.it\/wp-content\/uploads\/2024\/01\/32261-1.webp",750,520,false],"2048x2048":["https:\/\/imagazine.it\/wp-content\/uploads\/2024\/01\/32261-1.webp",750,520,false],"newsup-slider-full":["https:\/\/imagazine.it\/wp-content\/uploads\/2024\/01\/32261-1.webp",750,520,false],"newsup-featured":["https:\/\/imagazine.it\/wp-content\/uploads\/2024\/01\/32261-1.webp",750,520,false],"newsup-medium":["https:\/\/imagazine.it\/wp-content\/uploads\/2024\/01\/32261-1-720x380.webp",720,380,true],"tptn_thumbnail":["https:\/\/imagazine.it\/wp-content\/uploads\/2024\/01\/32261-1.webp",250,173,false],"sow-carousel-default":["https:\/\/imagazine.it\/wp-content\/uploads\/2024\/01\/32261-1-272x182.webp",272,182,true]},"rttpg_author":{"display_name":"redazione","author_link":"https:\/\/imagazine.it\/home_desk\/author\/redazione\/"},"rttpg_comment":0,"rttpg_category":"<a href=\"https:\/\/imagazine.it\/home_desk\/category\/attualita\/\" rel=\"category tag\">ATTUALIT\u00c0<\/a>","rttpg_excerpt":"Evento conclusivo marted\u00ec 14 gennaio","_links":{"self":[{"href":"https:\/\/imagazine.it\/home_desk\/wp-json\/wp\/v2\/posts\/32258","targetHints":{"allow":["GET"]}}],"collection":[{"href":"https:\/\/imagazine.it\/home_desk\/wp-json\/wp\/v2\/posts"}],"about":[{"href":"https:\/\/imagazine.it\/home_desk\/wp-json\/wp\/v2\/types\/post"}],"author":[{"embeddable":true,"href":"https:\/\/imagazine.it\/home_desk\/wp-json\/wp\/v2\/users\/28"}],"replies":[{"embeddable":true,"href":"https:\/\/imagazine.it\/home_desk\/wp-json\/wp\/v2\/comments?post=32258"}],"version-history":[{"count":0,"href":"https:\/\/imagazine.it\/home_desk\/wp-json\/wp\/v2\/posts\/32258\/revisions"}],"wp:featuredmedia":[{"embeddable":true,"href":"https:\/\/imagazine.it\/home_desk\/wp-json\/wp\/v2\/media\/32259"}],"wp:attachment":[{"href":"https:\/\/imagazine.it\/home_desk\/wp-json\/wp\/v2\/media?parent=32258"}],"wp:term":[{"taxonomy":"category","embeddable":true,"href":"https:\/\/imagazine.it\/home_desk\/wp-json\/wp\/v2\/categories?post=32258"},{"taxonomy":"post_tag","embeddable":true,"href":"https:\/\/imagazine.it\/home_desk\/wp-json\/wp\/v2\/tags?post=32258"}],"curies":[{"name":"wp","href":"https:\/\/api.w.org\/{rel}","templated":true}]}}