{"id":30540,"date":"2019-12-20T00:00:00","date_gmt":"2019-12-19T23:00:00","guid":{"rendered":"https:\/\/imagazine.it\/?p=30540"},"modified":"2019-12-20T00:00:00","modified_gmt":"2019-12-19T23:00:00","slug":"gorizia-sgarbi-stregato-da-palazzo-coronini","status":"publish","type":"post","link":"https:\/\/imagazine.it\/home_desk\/gorizia-sgarbi-stregato-da-palazzo-coronini\/","title":{"rendered":"Gorizia, Sgarbi stregato da Palazzo Coronini"},"content":{"rendered":"<p><strong>Palazzo Coronini\u00a0a Gorizia <\/strong>ha avuto un ospite d\u2019eccezione ieri pomeriggio:\u00a0<strong>Vittorio Sgarbi<\/strong>, prima di portare in scena al Teatro Verdi il suo \u201cLeonardo\u201d, ha fatto tappa nella storica dimora di viale XX Settembre per visitare la mostra \u201c<strong>L\u2019indispensabile superfluo<\/strong>\u201d, dedicata agli accessori di moda dei secoli passati.<\/p>\n<p>Ad accompagnarlo sono stati la curatrice e il direttore della Fondazione Coronini, <strong>Cristina Bragaglia<\/strong> ed <strong>Enrico Graziano<\/strong>, e il sindaco di Gorizia, <strong>Rodolfo Ziberna<\/strong>, in qualit\u00e0 di presidente della Fondazione.<\/p>\n<p>La mostra, allestita dalla Fondazione Coronini nelle Scuderie e nel Palazzo, si propone di approfondire il ruolo degli accessori di moda nei secoli passati attingendo dalle ricche\u00a0collezioni Coronini, che essendo legate alle vicende di un\u2019antica famiglia aristocratica offrono un osservatorio privilegiato per scoprire come ogni epoca ebbe le sue \u201cicone di stile\u201d, con regole e cerimoniali che ne disciplinavano l\u2019uso e condizionavano le abitudini della vita quotidiana. Dai ventagli ai cappelli, dai bastoni da passeggio alle \u201cgalanterie\u201d, senza dimenticare guanti e borsette, gli accessori incisero su gusti, stile e comportamenti.<\/p>\n<p>Il critico e storico dell\u2019arte ha ammirato gli oggetti in mostra e le opere d\u2019arte e gli arredi del Palazzo, scattando foto soprattutto ai quadri per fare degli approfondimenti\u00a0su autori e provenienza e rimanendo affascinato di fronte allo spazio allestito per le teste di carattere di Messerschmidt. Sgarbi, che \u00e8 gi\u00e0 stato pi\u00f9 volte a Palazzo e conosce bene il patrimonio lasciato dal conte Coronini, ha avuto parole di grande apprezzamento per l\u2019attenzione con cui \u00e8 portato avanti il lavoro di conservazione del suo lascito, definendo la dimora un luogo pieno di poesia.\u00a0<\/p>\n<p>Il Palazzo Coronini e la mostra \u201cL&#39;indispensabile superfluo\u201d durante il periodo delle feste saranno aperti domani 21 dicembre e domenica 22, da venerd\u00ec 27 a domenica 29 dicembre e da gioved\u00ec 2 a luned\u00ec 6 gennaio dalle 10 alle 13 e dalle 14 alle 18.<\/p>\n","protected":false},"excerpt":{"rendered":"<p>In citt\u00e0 per lo spettacolo al Verdi<\/p>\n","protected":false},"author":28,"featured_media":30541,"comment_status":"closed","ping_status":"closed","sticky":false,"template":"","format":"standard","meta":{"dwc-title":[],"dwc-content":[],"footnotes":""},"categories":[37],"tags":[],"class_list":["post-30540","post","type-post","status-publish","format-standard","has-post-thumbnail","hentry","category-cultura-e-spettacolo"],"rttpg_featured_image_url":{"full":["https:\/\/imagazine.it\/wp-content\/uploads\/2024\/01\/32085-1.webp",750,486,false],"landscape":["https:\/\/imagazine.it\/wp-content\/uploads\/2024\/01\/32085-1.webp",750,486,false],"portraits":["https:\/\/imagazine.it\/wp-content\/uploads\/2024\/01\/32085-1.webp",750,486,false],"thumbnail":["https:\/\/imagazine.it\/wp-content\/uploads\/2024\/01\/32085-1-150x150.webp",150,150,true],"medium":["https:\/\/imagazine.it\/wp-content\/uploads\/2024\/01\/32085-1-300x194.webp",300,194,true],"large":["https:\/\/imagazine.it\/wp-content\/uploads\/2024\/01\/32085-1.webp",640,415,false],"thumblist":["https:\/\/imagazine.it\/wp-content\/uploads\/2024\/01\/32085-1.webp",300,194,false],"thumbrelated":["https:\/\/imagazine.it\/wp-content\/uploads\/2024\/01\/32085-1.webp",500,324,false],"meccarouselthumb":["https:\/\/imagazine.it\/wp-content\/uploads\/2024\/01\/32085-1.webp",474,307,false],"gridsquare":["https:\/\/imagazine.it\/wp-content\/uploads\/2024\/01\/32085-1.webp",391,253,false],"tileview":["https:\/\/imagazine.it\/wp-content\/uploads\/2024\/01\/32085-1.webp",300,194,false],"1536x1536":["https:\/\/imagazine.it\/wp-content\/uploads\/2024\/01\/32085-1.webp",750,486,false],"2048x2048":["https:\/\/imagazine.it\/wp-content\/uploads\/2024\/01\/32085-1.webp",750,486,false],"newsup-slider-full":["https:\/\/imagazine.it\/wp-content\/uploads\/2024\/01\/32085-1.webp",750,486,false],"newsup-featured":["https:\/\/imagazine.it\/wp-content\/uploads\/2024\/01\/32085-1.webp",750,486,false],"newsup-medium":["https:\/\/imagazine.it\/wp-content\/uploads\/2024\/01\/32085-1-720x380.webp",720,380,true],"tptn_thumbnail":["https:\/\/imagazine.it\/wp-content\/uploads\/2024\/01\/32085-1.webp",250,162,false],"sow-carousel-default":["https:\/\/imagazine.it\/wp-content\/uploads\/2024\/01\/32085-1-272x182.webp",272,182,true]},"rttpg_author":{"display_name":"redazione","author_link":"https:\/\/imagazine.it\/home_desk\/author\/redazione\/"},"rttpg_comment":0,"rttpg_category":"<a href=\"https:\/\/imagazine.it\/home_desk\/category\/cultura-e-spettacolo\/\" rel=\"category tag\">CULTURA&amp;SPETTACOLO<\/a>","rttpg_excerpt":"In citt\u00e0 per lo spettacolo al Verdi","_links":{"self":[{"href":"https:\/\/imagazine.it\/home_desk\/wp-json\/wp\/v2\/posts\/30540","targetHints":{"allow":["GET"]}}],"collection":[{"href":"https:\/\/imagazine.it\/home_desk\/wp-json\/wp\/v2\/posts"}],"about":[{"href":"https:\/\/imagazine.it\/home_desk\/wp-json\/wp\/v2\/types\/post"}],"author":[{"embeddable":true,"href":"https:\/\/imagazine.it\/home_desk\/wp-json\/wp\/v2\/users\/28"}],"replies":[{"embeddable":true,"href":"https:\/\/imagazine.it\/home_desk\/wp-json\/wp\/v2\/comments?post=30540"}],"version-history":[{"count":0,"href":"https:\/\/imagazine.it\/home_desk\/wp-json\/wp\/v2\/posts\/30540\/revisions"}],"wp:featuredmedia":[{"embeddable":true,"href":"https:\/\/imagazine.it\/home_desk\/wp-json\/wp\/v2\/media\/30541"}],"wp:attachment":[{"href":"https:\/\/imagazine.it\/home_desk\/wp-json\/wp\/v2\/media?parent=30540"}],"wp:term":[{"taxonomy":"category","embeddable":true,"href":"https:\/\/imagazine.it\/home_desk\/wp-json\/wp\/v2\/categories?post=30540"},{"taxonomy":"post_tag","embeddable":true,"href":"https:\/\/imagazine.it\/home_desk\/wp-json\/wp\/v2\/tags?post=30540"}],"curies":[{"name":"wp","href":"https:\/\/api.w.org\/{rel}","templated":true}]}}