{"id":30526,"date":"2019-12-18T00:00:00","date_gmt":"2019-12-17T23:00:00","guid":{"rendered":"https:\/\/imagazine.it\/?p=30526"},"modified":"2019-12-18T00:00:00","modified_gmt":"2019-12-17T23:00:00","slug":"trieste-firmato-il-cronoprogramma-per-porto-vecchio","status":"publish","type":"post","link":"https:\/\/imagazine.it\/home_desk\/trieste-firmato-il-cronoprogramma-per-porto-vecchio\/","title":{"rendered":"Trieste, firmato il cronoprogramma per Porto Vecchio"},"content":{"rendered":"<p>Siglato in municipio a Trieste l\u2019avvio dell\u2019accordo di programma su Porto Vecchio con l\u2019approvazione dello Statuto del Consorzio e il cronoprogramma.<\/p>\n<p>\u201cLa giornata odierna \u2013 ha spiegato il sindaco di Trieste, <strong>Roberto Dipiazza<\/strong> \u2013 d\u00e0 l\u2019avvio a una serie di iniziative con tappe ben precise coordinate da Comune, Regione e Autorit\u00e0 Portuale. Sono molto soddisfatto di questo sodalizio di tre enti che corrono verso lo stesso obiettivo\u201d.<\/p>\n<p>Ad affiancare il primo cittadino c\u2019erano il presidente della Regione Friuli Venezia Giulia <strong>Massimiliano Fedriga<\/strong> e il presidente presidente dell\u2019Autorit\u00e0 di Sistema Portuale del Mare Adriatico Orientale <strong>Zeno D\u2019Agostino<\/strong><em>.<\/em><\/p>\n<p>Ecco il testo integrale dell\u2019accordo sottoscritto dalle tre realt\u00e0:<\/p>\n<p><em>Il Porto Vecchio di Trieste si estende su un\u2019area di circa 66 ettari sul fronte mare della citt\u00e0 di Trieste, estendendosi dallo sbocco del Canale di Ponte Rosso all\u2019area di Barcola e si sviluppa in un susseguirsi di grandi volumi edilizi, originariamente adibiti a magazzino o deposito per le merci in transito in regime di Punto Franco, per lo pi\u00f9 risalenti alla fine del XIX Secolo.\u00a0Comprende cinque moli (molo 0, I, II, III, IV), ventitr\u00e9 grandi edifici tra hangars, magazzini ed altre strutture, racchiusi sul fronte nord dalla ferrovia e dal Viale Miramare.<\/em><\/p>\n<p><em>L\u2019importante processo di riqualificazione di un\u2019area vasta e fondamentale per la citt\u00e0 come il Porto Vecchio deve attuarsi mediante un percorso di adeguamento della strumentazione di pianificazione urbanistica, di adeguata progettazione degli spazi pubblici e di contestuale coordinamento del processo di trasformazione attraverso un organico processo di ristrutturazione urbanistica delle aree.<\/em><\/p>\n<p><em>Affinch\u00e9 tale trasformazione risponda appieno alle esigenze della citt\u00e0, del Porto, della Regione e di tutti gli attori pubblici coinvolti deve poter contare su un monitoraggio e un\u2019attenzione dedicata, attraverso una struttura all\u2019uopo dedicata che possa curarne la trasformazione, valorizzazione e gestione nel tempo.<\/em><\/p>\n<p><em>L&#39;approntamento della variante urbanistica sin dalle fasi preliminari sar\u00e0 accompagnata dal processo di Valutazione Ambientale Strategica che garantir\u00e0 le verifiche di sostenibilit\u00e0 ambientale, accompagner\u00e0 le successive fasi, prevedendone anche il monitoraggio post opere.\u00a0In particolare gli interventi dovranno essere improntati alla sostenibilit\u00e0 ambientale, anche con riferimento all&#39;efficientamento energetico, alla mobilit\u00e0 e all&#39;edilizia.<\/em><\/p>\n<p><a href=\"http:\/\/imagazinevideotruck.it\/outlet\/relink.html\" target=\"_top\" rel=\"noopener\"><img loading=\"lazy\" decoding=\"async\" align=\"LEFT\" height=\"250\" src=\"http:\/\/imagazinevideotruck.it\/outlet\/outlet30.gif\" width=\"300\" alt=\"\" title=\"\"><\/a><\/p>\n<p>\u00a0<\/p>\n<p>\u00a0<\/p>\n<p>\u00a0<\/p>\n<p>\u00a0<\/p>\n<p>\u00a0<\/p>\n<p>\u00a0<\/p>\n<p>\u00a0<\/p>\n<p>\u00a0<\/p>\n<p>\u00a0<\/p>\n<p><em>ATTIVIT\u00c0 e DATE<\/em><\/p>\n<p><em>Avvio del processo di Valutazione Ambientale Strategica\u00a0SETTEMBRE 2019<\/em><\/p>\n<p><em>Concertazione avvio dell&#39;Accordo di Programma\u00a0DICEMBRE 2019<\/em><\/p>\n<p><em>Predisposizione Rapporto Ambientale e messa a disposizione del pubblico\u00a0FEBBRAIO 2020<\/em><\/p>\n<p><em>Definizione della variante al PRGC\u00a0FEBBRAIO 2020<\/em><\/p>\n<p><em>Stipula Accordo di Programma\u00a0APRILE 2020<\/em><\/p>\n<p><em>Entrata in vigore della Variante al PRGC\u00a0MAGGIO 2020<\/em><\/p>\n<p><em>Costituzione del Consorzio di Gestione\u00a0GIUGNO 2020<\/em><\/p>\n<p><em>Avvio processo di valorizzazione dei beni da parte del Consorzio\u00a0GIUGNO 2020<\/em><\/p>\n<p><em>Monitoraggio del processo di trasformazione, eventuali azioni correttive\u00a0CONTINUO<\/em><\/p>\n<p><em>Conclusione attivit\u00e0 del Consorzio\u00a0GIUGNO 2030<\/em><\/p>\n","protected":false},"excerpt":{"rendered":"<p>Siglato da Comune, Regione a Autorit\u00e0 portuale<\/p>\n","protected":false},"author":28,"featured_media":30527,"comment_status":"closed","ping_status":"closed","sticky":false,"template":"","format":"standard","meta":{"dwc-title":[],"dwc-content":[],"footnotes":""},"categories":[5],"tags":[],"class_list":["post-30526","post","type-post","status-publish","format-standard","has-post-thumbnail","hentry","category-attualita"],"rttpg_featured_image_url":{"full":["https:\/\/imagazine.it\/wp-content\/uploads\/2024\/01\/32065-1.webp",750,500,false],"landscape":["https:\/\/imagazine.it\/wp-content\/uploads\/2024\/01\/32065-1.webp",750,500,false],"portraits":["https:\/\/imagazine.it\/wp-content\/uploads\/2024\/01\/32065-1.webp",750,500,false],"thumbnail":["https:\/\/imagazine.it\/wp-content\/uploads\/2024\/01\/32065-1-150x150.webp",150,150,true],"medium":["https:\/\/imagazine.it\/wp-content\/uploads\/2024\/01\/32065-1-300x200.webp",300,200,true],"large":["https:\/\/imagazine.it\/wp-content\/uploads\/2024\/01\/32065-1.webp",640,427,false],"thumblist":["https:\/\/imagazine.it\/wp-content\/uploads\/2024\/01\/32065-1.webp",300,200,false],"thumbrelated":["https:\/\/imagazine.it\/wp-content\/uploads\/2024\/01\/32065-1.webp",500,333,false],"meccarouselthumb":["https:\/\/imagazine.it\/wp-content\/uploads\/2024\/01\/32065-1.webp",474,316,false],"gridsquare":["https:\/\/imagazine.it\/wp-content\/uploads\/2024\/01\/32065-1.webp",391,260,false],"tileview":["https:\/\/imagazine.it\/wp-content\/uploads\/2024\/01\/32065-1.webp",300,200,false],"1536x1536":["https:\/\/imagazine.it\/wp-content\/uploads\/2024\/01\/32065-1.webp",750,500,false],"2048x2048":["https:\/\/imagazine.it\/wp-content\/uploads\/2024\/01\/32065-1.webp",750,500,false],"newsup-slider-full":["https:\/\/imagazine.it\/wp-content\/uploads\/2024\/01\/32065-1.webp",750,500,false],"newsup-featured":["https:\/\/imagazine.it\/wp-content\/uploads\/2024\/01\/32065-1.webp",750,500,false],"newsup-medium":["https:\/\/imagazine.it\/wp-content\/uploads\/2024\/01\/32065-1-720x380.webp",720,380,true],"tptn_thumbnail":["https:\/\/imagazine.it\/wp-content\/uploads\/2024\/01\/32065-1.webp",250,167,false],"sow-carousel-default":["https:\/\/imagazine.it\/wp-content\/uploads\/2024\/01\/32065-1-272x182.webp",272,182,true]},"rttpg_author":{"display_name":"redazione","author_link":"https:\/\/imagazine.it\/home_desk\/author\/redazione\/"},"rttpg_comment":0,"rttpg_category":"<a href=\"https:\/\/imagazine.it\/home_desk\/category\/attualita\/\" rel=\"category tag\">ATTUALIT\u00c0<\/a>","rttpg_excerpt":"Siglato da Comune, Regione a Autorit\u00e0 portuale","_links":{"self":[{"href":"https:\/\/imagazine.it\/home_desk\/wp-json\/wp\/v2\/posts\/30526","targetHints":{"allow":["GET"]}}],"collection":[{"href":"https:\/\/imagazine.it\/home_desk\/wp-json\/wp\/v2\/posts"}],"about":[{"href":"https:\/\/imagazine.it\/home_desk\/wp-json\/wp\/v2\/types\/post"}],"author":[{"embeddable":true,"href":"https:\/\/imagazine.it\/home_desk\/wp-json\/wp\/v2\/users\/28"}],"replies":[{"embeddable":true,"href":"https:\/\/imagazine.it\/home_desk\/wp-json\/wp\/v2\/comments?post=30526"}],"version-history":[{"count":0,"href":"https:\/\/imagazine.it\/home_desk\/wp-json\/wp\/v2\/posts\/30526\/revisions"}],"wp:featuredmedia":[{"embeddable":true,"href":"https:\/\/imagazine.it\/home_desk\/wp-json\/wp\/v2\/media\/30527"}],"wp:attachment":[{"href":"https:\/\/imagazine.it\/home_desk\/wp-json\/wp\/v2\/media?parent=30526"}],"wp:term":[{"taxonomy":"category","embeddable":true,"href":"https:\/\/imagazine.it\/home_desk\/wp-json\/wp\/v2\/categories?post=30526"},{"taxonomy":"post_tag","embeddable":true,"href":"https:\/\/imagazine.it\/home_desk\/wp-json\/wp\/v2\/tags?post=30526"}],"curies":[{"name":"wp","href":"https:\/\/api.w.org\/{rel}","templated":true}]}}