{"id":30522,"date":"2019-12-18T00:00:00","date_gmt":"2019-12-17T23:00:00","guid":{"rendered":"https:\/\/imagazine.it\/?p=30522"},"modified":"2019-12-18T00:00:00","modified_gmt":"2019-12-17T23:00:00","slug":"panettoni-solidali-per-sostenere-i-libri-in-corsia","status":"publish","type":"post","link":"https:\/\/imagazine.it\/home_desk\/panettoni-solidali-per-sostenere-i-libri-in-corsia\/","title":{"rendered":"Panettoni solidali per sostenere i &#8220;libri in corsia&#8221;"},"content":{"rendered":"<p>Anche quest\u2019anno il Consorzio NIP di Maniago si \u00e8 fatto promotore di un\u2019iniziativa benefica che ha interessato pi\u00f9 di venti imprese del territorio. L&#39;idea \u00e8 stata quella di proporre alle aziende la possibilit\u00e0 di acquistare e donare panettoni &#8220;solidali&#8221;, dove parte del ricavato possa andare a beneficio di un\u2019associazione locale di volontari.<\/p>\n<p>E cos\u00ec, dopo\u00a0il successo delle raccolte per AIL nel 2015, ADMO nel 2016, Fondazione Bambini e Autismo nel 2017 e Cooperativa San Mauro di Maniago per il 2018, nel 2019 \u00e8 stata coinvolta \u201cLa Biblioteca di Sara\u201d, Associazione dedicata a Sara Moranduzzo, giornalista maniaghese appassionata di libri, cinema e arte, che \u00e8 venuta a mancare nel 2012.<\/p>\n<p>I suoi volumi, via via implementati con altri ricevuti in dono, hanno dato vita a un servizio di prestito libri in corsia nell\u2019Ospedale di Pordenone. Inoltre, i volontari de \u201cLa Biblioteca\u201d portano avanti iniziative legate alla lettura ad alta voce come momento di distrazione e sollievo nelle stanze di degenza e nelle case di riposo.\u00a0<\/p>\n<p>Non sorprende quindi che la risposta delle aziende del maniaghese sia stata calorosa, con 800 panettoni gi\u00e0 ordinati a diversi giorni dal termine dell\u2019iniziativa, per il cui successo \u00e8 stata fondamentale la collaborazione del panificio Bortolin di Porcia, che si \u00e8 occupato di produrre, impacchettare e consegnare i panettoni.<\/p>\n<p>\u201cSiamo lieti \u2013 ha commentato il presidente del NIP <strong>Stefano Dametto<\/strong> \u2013 di come ogni anno il Consorzio riesca a dare un supporto tangibile a un\u2019associazione locale che si impegna per il bene della comunit\u00e0 e della sensibilit\u00e0 dimostrata dalle aziende, che lavorano con noi per uno sviluppo condiviso\u201d.\u00a0<\/p>\n<p><a href=\"http:\/\/imagazinevideotruck.it\/outlet\/relink.html\" target=\"_top\" rel=\"noopener\"><img loading=\"lazy\" decoding=\"async\" align=\"LEFT\" height=\"250\" src=\"http:\/\/imagazinevideotruck.it\/outlet\/outlet30.gif\" width=\"300\" alt=\"\" title=\"\"><\/a><\/p>\n<p>\u00a0<\/p>\n<p>\u00a0<\/p>\n<p>\u00a0<\/p>\n<p>\u00a0<\/p>\n<p>\u00a0<\/p>\n<p>\u00a0<\/p>\n<p>\u00a0<\/p>\n<p>\u00a0<\/p>\n<p>\u00a0<\/p>\n<p>\u201cSiamo molto grati al Nip, alle aziende che hanno accolto con tanta partecipazione il suo invito e al panificio Bortolin\u201d, ha dichiarato la presidente della Biblioteca di Sara, <strong>Cristina Savi<\/strong>. \u201cLa nostra associazione si sostiene esclusivamente con le donazioni e questo grande dono ha per noi un doppio valore: ci consente di dare linfa alle tante attivit\u00e0 che portiamo avanti e di ricordare Sara con un\u2019iniziativa che viene da Maniago, la citt\u00e0 in cui era nata e per la quale si \u00e8 sempre spesa, in particolare attraverso l\u2019impegno culturale\u201d.<\/p>\n","protected":false},"excerpt":{"rendered":"<p>A sostegno di &#8220;La biblioteca di Sara&#8221;<\/p>\n","protected":false},"author":28,"featured_media":30523,"comment_status":"closed","ping_status":"closed","sticky":false,"template":"","format":"standard","meta":{"dwc-title":[],"dwc-content":[],"footnotes":""},"categories":[6],"tags":[],"class_list":["post-30522","post","type-post","status-publish","format-standard","has-post-thumbnail","hentry","category-societa"],"rttpg_featured_image_url":{"full":["https:\/\/imagazine.it\/wp-content\/uploads\/2024\/01\/32059-1.webp",750,505,false],"landscape":["https:\/\/imagazine.it\/wp-content\/uploads\/2024\/01\/32059-1.webp",750,505,false],"portraits":["https:\/\/imagazine.it\/wp-content\/uploads\/2024\/01\/32059-1.webp",750,505,false],"thumbnail":["https:\/\/imagazine.it\/wp-content\/uploads\/2024\/01\/32059-1-150x150.webp",150,150,true],"medium":["https:\/\/imagazine.it\/wp-content\/uploads\/2024\/01\/32059-1-300x202.webp",300,202,true],"large":["https:\/\/imagazine.it\/wp-content\/uploads\/2024\/01\/32059-1.webp",640,431,false],"thumblist":["https:\/\/imagazine.it\/wp-content\/uploads\/2024\/01\/32059-1.webp",300,202,false],"thumbrelated":["https:\/\/imagazine.it\/wp-content\/uploads\/2024\/01\/32059-1.webp",500,337,false],"meccarouselthumb":["https:\/\/imagazine.it\/wp-content\/uploads\/2024\/01\/32059-1.webp",474,319,false],"gridsquare":["https:\/\/imagazine.it\/wp-content\/uploads\/2024\/01\/32059-1.webp",386,260,false],"tileview":["https:\/\/imagazine.it\/wp-content\/uploads\/2024\/01\/32059-1.webp",300,202,false],"1536x1536":["https:\/\/imagazine.it\/wp-content\/uploads\/2024\/01\/32059-1.webp",750,505,false],"2048x2048":["https:\/\/imagazine.it\/wp-content\/uploads\/2024\/01\/32059-1.webp",750,505,false],"newsup-slider-full":["https:\/\/imagazine.it\/wp-content\/uploads\/2024\/01\/32059-1.webp",750,505,false],"newsup-featured":["https:\/\/imagazine.it\/wp-content\/uploads\/2024\/01\/32059-1.webp",750,505,false],"newsup-medium":["https:\/\/imagazine.it\/wp-content\/uploads\/2024\/01\/32059-1-720x380.webp",720,380,true],"tptn_thumbnail":["https:\/\/imagazine.it\/wp-content\/uploads\/2024\/01\/32059-1.webp",250,168,false],"sow-carousel-default":["https:\/\/imagazine.it\/wp-content\/uploads\/2024\/01\/32059-1-272x182.webp",272,182,true]},"rttpg_author":{"display_name":"redazione","author_link":"https:\/\/imagazine.it\/home_desk\/author\/redazione\/"},"rttpg_comment":0,"rttpg_category":"<a href=\"https:\/\/imagazine.it\/home_desk\/category\/societa\/\" rel=\"category tag\">SOCIET\u00c0<\/a>","rttpg_excerpt":"A sostegno di \"La biblioteca di Sara\"","_links":{"self":[{"href":"https:\/\/imagazine.it\/home_desk\/wp-json\/wp\/v2\/posts\/30522","targetHints":{"allow":["GET"]}}],"collection":[{"href":"https:\/\/imagazine.it\/home_desk\/wp-json\/wp\/v2\/posts"}],"about":[{"href":"https:\/\/imagazine.it\/home_desk\/wp-json\/wp\/v2\/types\/post"}],"author":[{"embeddable":true,"href":"https:\/\/imagazine.it\/home_desk\/wp-json\/wp\/v2\/users\/28"}],"replies":[{"embeddable":true,"href":"https:\/\/imagazine.it\/home_desk\/wp-json\/wp\/v2\/comments?post=30522"}],"version-history":[{"count":0,"href":"https:\/\/imagazine.it\/home_desk\/wp-json\/wp\/v2\/posts\/30522\/revisions"}],"wp:featuredmedia":[{"embeddable":true,"href":"https:\/\/imagazine.it\/home_desk\/wp-json\/wp\/v2\/media\/30523"}],"wp:attachment":[{"href":"https:\/\/imagazine.it\/home_desk\/wp-json\/wp\/v2\/media?parent=30522"}],"wp:term":[{"taxonomy":"category","embeddable":true,"href":"https:\/\/imagazine.it\/home_desk\/wp-json\/wp\/v2\/categories?post=30522"},{"taxonomy":"post_tag","embeddable":true,"href":"https:\/\/imagazine.it\/home_desk\/wp-json\/wp\/v2\/tags?post=30522"}],"curies":[{"name":"wp","href":"https:\/\/api.w.org\/{rel}","templated":true}]}}