{"id":30514,"date":"2019-12-17T00:00:00","date_gmt":"2019-12-16T23:00:00","guid":{"rendered":"https:\/\/imagazine.it\/?p=30514"},"modified":"2019-12-17T00:00:00","modified_gmt":"2019-12-16T23:00:00","slug":"doc-friuli-nasce-il-consorzio-di-tutela","status":"publish","type":"post","link":"https:\/\/imagazine.it\/home_desk\/doc-friuli-nasce-il-consorzio-di-tutela\/","title":{"rendered":"Doc Friuli: nasce il Consorzio di tutela"},"content":{"rendered":"<p>\u00c8 nato il Consorzio volontario per la Tutela dei vini della Doc Friuli. Sono stati 22 i vignaioli di tutta la regione che si sono dati appuntamento a San Vito al Tagliamento, presso il notaio Luca Sioni, per sottoscrivere l\u2019atto costitutivo.<\/p>\n<p>Tutte le Doc sono rappresentate (a esclusione della Friuli Isonzo e Friuli Annia) e le adesioni sono ancora aperte: la volont\u00e0 dei \u201cfondatori\u201d \u00e8 quella di essere inclusivi. Il Consiglio \u00e8 composto da 9 membri e alla presidenza \u00e8 stato nominato <strong>Giuseppe Crovato<\/strong>, amministratore delegato della Cantina Cabert Spa di Bertiolo. Ad affiancarlo, in questa fase transitoria, saranno i due vicepresidenti: <strong>Flavio Bellomo<\/strong> (presidente della cantina cooperativa Viticoltori friulani La Delizia, di Casarsa) e <strong>Roberto Marcolini<\/strong> dell\u2019azienda C\u00e0 Bolani (Zonin) di Cervignano del Friuli.\u00a0<\/p>\n<p>\u00abLa cooperazione \u2013 \u00e8 il primo commento di <strong>Venanzio Francescutti<\/strong>, presidente di Fedagripesca Fvg \u2013 ha lavorato alacremente per raggiungere questo risultato che \u00e8 figlio di una coesione maturata tra i tanti attori della filiera vitivinicola regionale. Si \u00e8 fatto un passo avanti importante che deve rappresentare un punto di partenza per progettare, tutti assieme, il futuro della vitivinicoltura regionale\u00bb.<\/p>\n<p>Una volta terminati gli espletamenti burocratici, partir\u00e0 la raccolta delle firme della filiera per raggiungere il nuovo traguardo del riconoscimento ministeriale, pur restando in attesa di quello europeo che ancora manca per la Doc. L\u2019obiettivo dichiarato \u00e8 quello di essere operativi (nuovo Consorzio compreso), entro la vendemmia 2020.<\/p>\n","protected":false},"excerpt":{"rendered":"<p>Giuseppe Crovato nominato presidente<\/p>\n","protected":false},"author":28,"featured_media":30515,"comment_status":"closed","ping_status":"closed","sticky":false,"template":"","format":"standard","meta":{"dwc-title":[],"dwc-content":[],"footnotes":""},"categories":[5],"tags":[],"class_list":["post-30514","post","type-post","status-publish","format-standard","has-post-thumbnail","hentry","category-attualita"],"rttpg_featured_image_url":{"full":["https:\/\/imagazine.it\/wp-content\/uploads\/2024\/01\/32042-1.webp",750,561,false],"landscape":["https:\/\/imagazine.it\/wp-content\/uploads\/2024\/01\/32042-1.webp",750,561,false],"portraits":["https:\/\/imagazine.it\/wp-content\/uploads\/2024\/01\/32042-1.webp",750,561,false],"thumbnail":["https:\/\/imagazine.it\/wp-content\/uploads\/2024\/01\/32042-1-150x150.webp",150,150,true],"medium":["https:\/\/imagazine.it\/wp-content\/uploads\/2024\/01\/32042-1-300x224.webp",300,224,true],"large":["https:\/\/imagazine.it\/wp-content\/uploads\/2024\/01\/32042-1.webp",640,479,false],"thumblist":["https:\/\/imagazine.it\/wp-content\/uploads\/2024\/01\/32042-1.webp",300,224,false],"thumbrelated":["https:\/\/imagazine.it\/wp-content\/uploads\/2024\/01\/32042-1.webp",500,374,false],"meccarouselthumb":["https:\/\/imagazine.it\/wp-content\/uploads\/2024\/01\/32042-1.webp",433,324,false],"gridsquare":["https:\/\/imagazine.it\/wp-content\/uploads\/2024\/01\/32042-1.webp",348,260,false],"tileview":["https:\/\/imagazine.it\/wp-content\/uploads\/2024\/01\/32042-1.webp",300,224,false],"1536x1536":["https:\/\/imagazine.it\/wp-content\/uploads\/2024\/01\/32042-1.webp",750,561,false],"2048x2048":["https:\/\/imagazine.it\/wp-content\/uploads\/2024\/01\/32042-1.webp",750,561,false],"newsup-slider-full":["https:\/\/imagazine.it\/wp-content\/uploads\/2024\/01\/32042-1.webp",750,561,false],"newsup-featured":["https:\/\/imagazine.it\/wp-content\/uploads\/2024\/01\/32042-1.webp",750,561,false],"newsup-medium":["https:\/\/imagazine.it\/wp-content\/uploads\/2024\/01\/32042-1-720x380.webp",720,380,true],"tptn_thumbnail":["https:\/\/imagazine.it\/wp-content\/uploads\/2024\/01\/32042-1.webp",250,187,false],"sow-carousel-default":["https:\/\/imagazine.it\/wp-content\/uploads\/2024\/01\/32042-1-272x182.webp",272,182,true]},"rttpg_author":{"display_name":"redazione","author_link":"https:\/\/imagazine.it\/home_desk\/author\/redazione\/"},"rttpg_comment":0,"rttpg_category":"<a href=\"https:\/\/imagazine.it\/home_desk\/category\/attualita\/\" rel=\"category tag\">ATTUALIT\u00c0<\/a>","rttpg_excerpt":"Giuseppe Crovato nominato presidente","_links":{"self":[{"href":"https:\/\/imagazine.it\/home_desk\/wp-json\/wp\/v2\/posts\/30514","targetHints":{"allow":["GET"]}}],"collection":[{"href":"https:\/\/imagazine.it\/home_desk\/wp-json\/wp\/v2\/posts"}],"about":[{"href":"https:\/\/imagazine.it\/home_desk\/wp-json\/wp\/v2\/types\/post"}],"author":[{"embeddable":true,"href":"https:\/\/imagazine.it\/home_desk\/wp-json\/wp\/v2\/users\/28"}],"replies":[{"embeddable":true,"href":"https:\/\/imagazine.it\/home_desk\/wp-json\/wp\/v2\/comments?post=30514"}],"version-history":[{"count":0,"href":"https:\/\/imagazine.it\/home_desk\/wp-json\/wp\/v2\/posts\/30514\/revisions"}],"wp:featuredmedia":[{"embeddable":true,"href":"https:\/\/imagazine.it\/home_desk\/wp-json\/wp\/v2\/media\/30515"}],"wp:attachment":[{"href":"https:\/\/imagazine.it\/home_desk\/wp-json\/wp\/v2\/media?parent=30514"}],"wp:term":[{"taxonomy":"category","embeddable":true,"href":"https:\/\/imagazine.it\/home_desk\/wp-json\/wp\/v2\/categories?post=30514"},{"taxonomy":"post_tag","embeddable":true,"href":"https:\/\/imagazine.it\/home_desk\/wp-json\/wp\/v2\/tags?post=30514"}],"curies":[{"name":"wp","href":"https:\/\/api.w.org\/{rel}","templated":true}]}}