{"id":30508,"date":"2019-12-16T00:00:00","date_gmt":"2019-12-15T23:00:00","guid":{"rendered":"https:\/\/imagazine.it\/?p=30508"},"modified":"2019-12-16T00:00:00","modified_gmt":"2019-12-15T23:00:00","slug":"a-trieste-si-potra-sciare-anche-dinverno","status":"publish","type":"post","link":"https:\/\/imagazine.it\/home_desk\/a-trieste-si-potra-sciare-anche-dinverno\/","title":{"rendered":"A Trieste si potr\u00e0 sciare anche d&#8217;inverno"},"content":{"rendered":"<p>Lo Sci club 70 ha deciso di prolungare la stagione dell&#39;apertura del centro federale FISI di avviamento agli sport invernali di Aurisina. Una novit\u00e0 assoluta per l&#39;impianto carsolino che ha sempre terminato le proprie attivit\u00e0 alla fine dell&#39;autunno.<\/p>\n<p>Anche quest&#39;anno, da settembre a dicembre, centinaia di bambini hanno avuto l&#39;opportunit\u00e0 di frequentare il centro NEVESOLE, grazie ai corsi e alle attivit\u00e0 organizzate in collaborazione con i Comuni di Trieste e Duino Aurisina, la FISI ed il CONI Friuli Venezia Giulia.<\/p>\n<p>\u201c<em>Nel 2019 \u2013 <\/em>afferma il presidente dello Sci Club 70,\u00a0<strong>Roberto Andreassich<\/strong><em> \u2013 abbiamo ottenuto da parte della Federsci il riconoscimento di centro federale di avviamento agli sport invernali<\/em>,\u00a0<em>dopo aver totalmente rinnovato la pista artificiale da discesa, nel 2018, grazie al contributo dell&#39;assessorato alle attivit\u00e0 produttive e turismo della Regione Friuli Venezia Giulia. I nostri corsi autunnali, negli ultimi anni, hanno fatto registrare il tutto esaurito e ci siamo accorti che le potenzialit\u00e0 della struttura sono tali da poter aprire,\u00a0<strong>per la prima volta nella storia del nostro club e della pista di plastica<\/strong><\/em>\u00a0<em>(<\/em>come \u00e8 conosciuta a Trieste<em>) anche durante la stagione invernale, ampliando cos\u00ec l&#39;offerta turistica della citt\u00e0 e dell&#39;intero territorio circostante. Desidero ringraziare<\/em>\u00a0<em>la locale scuola di sci di Aurisina che si \u00e8 dimostrata entusiasta e disponibile all&#39;iniziativa\u201d.<\/em><\/p>\n<p><a href=\"http:\/\/imagazinevideotruck.it\/outlet\/relink.html\" target=\"_top\" rel=\"noopener\"><img loading=\"lazy\" decoding=\"async\" align=\"LEFT\" height=\"250\" src=\"http:\/\/imagazinevideotruck.it\/outlet\/outlet30.gif\" width=\"300\" alt=\"\" title=\"\"><\/a><\/p>\n<p>\u00a0<\/p>\n<p>\u00a0<\/p>\n<p>\u00a0<\/p>\n<p>\u00a0<\/p>\n<p>\u00a0<\/p>\n<p>\u00a0<\/p>\n<p>\u00a0<\/p>\n<p>\u00a0<\/p>\n<p>\u00a0<\/p>\n<p>Il centro, caratterizzato da una pista da discesa, servita da un tapis roulant per sci alpino e snowboard della lunghezza di 180 metri, con una larghezza media di 40 metri e con una pendenza che va dal 18 al 33% e da un tracciato di sci nordico della lunghezza di 1.060 metri e con un dislivello di 35 metri, \u00e8 attrezzato di tutto con noleggio materiali, assistenza e Maestri federali a disposizione, dal luned\u00ec al venerd\u00ec. A completare l&#39;offerta anche lo \u201cChalet 70\u201d per pranzi, cene e ristori e un parcheggio.<\/p>\n","protected":false},"excerpt":{"rendered":"<p>Ampliata l&#8217;apertura della &#8220;pista di plastica&#8221;<\/p>\n","protected":false},"author":28,"featured_media":30509,"comment_status":"closed","ping_status":"closed","sticky":false,"template":"","format":"standard","meta":{"dwc-title":[],"dwc-content":[],"footnotes":""},"categories":[38],"tags":[],"class_list":["post-30508","post","type-post","status-publish","format-standard","has-post-thumbnail","hentry","category-sport"],"rttpg_featured_image_url":{"full":["https:\/\/imagazine.it\/wp-content\/uploads\/2024\/01\/32011-1.webp",750,493,false],"landscape":["https:\/\/imagazine.it\/wp-content\/uploads\/2024\/01\/32011-1.webp",750,493,false],"portraits":["https:\/\/imagazine.it\/wp-content\/uploads\/2024\/01\/32011-1.webp",750,493,false],"thumbnail":["https:\/\/imagazine.it\/wp-content\/uploads\/2024\/01\/32011-1-150x150.webp",150,150,true],"medium":["https:\/\/imagazine.it\/wp-content\/uploads\/2024\/01\/32011-1-300x197.webp",300,197,true],"large":["https:\/\/imagazine.it\/wp-content\/uploads\/2024\/01\/32011-1.webp",640,421,false],"thumblist":["https:\/\/imagazine.it\/wp-content\/uploads\/2024\/01\/32011-1.webp",300,197,false],"thumbrelated":["https:\/\/imagazine.it\/wp-content\/uploads\/2024\/01\/32011-1.webp",500,329,false],"meccarouselthumb":["https:\/\/imagazine.it\/wp-content\/uploads\/2024\/01\/32011-1.webp",474,312,false],"gridsquare":["https:\/\/imagazine.it\/wp-content\/uploads\/2024\/01\/32011-1.webp",391,257,false],"tileview":["https:\/\/imagazine.it\/wp-content\/uploads\/2024\/01\/32011-1.webp",300,197,false],"1536x1536":["https:\/\/imagazine.it\/wp-content\/uploads\/2024\/01\/32011-1.webp",750,493,false],"2048x2048":["https:\/\/imagazine.it\/wp-content\/uploads\/2024\/01\/32011-1.webp",750,493,false],"newsup-slider-full":["https:\/\/imagazine.it\/wp-content\/uploads\/2024\/01\/32011-1.webp",750,493,false],"newsup-featured":["https:\/\/imagazine.it\/wp-content\/uploads\/2024\/01\/32011-1.webp",750,493,false],"newsup-medium":["https:\/\/imagazine.it\/wp-content\/uploads\/2024\/01\/32011-1-720x380.webp",720,380,true],"tptn_thumbnail":["https:\/\/imagazine.it\/wp-content\/uploads\/2024\/01\/32011-1.webp",250,164,false],"sow-carousel-default":["https:\/\/imagazine.it\/wp-content\/uploads\/2024\/01\/32011-1-272x182.webp",272,182,true]},"rttpg_author":{"display_name":"redazione","author_link":"https:\/\/imagazine.it\/home_desk\/author\/redazione\/"},"rttpg_comment":0,"rttpg_category":"<a href=\"https:\/\/imagazine.it\/home_desk\/category\/sport\/\" rel=\"category tag\">SPORT<\/a>","rttpg_excerpt":"Ampliata l'apertura della \"pista di plastica\"","_links":{"self":[{"href":"https:\/\/imagazine.it\/home_desk\/wp-json\/wp\/v2\/posts\/30508","targetHints":{"allow":["GET"]}}],"collection":[{"href":"https:\/\/imagazine.it\/home_desk\/wp-json\/wp\/v2\/posts"}],"about":[{"href":"https:\/\/imagazine.it\/home_desk\/wp-json\/wp\/v2\/types\/post"}],"author":[{"embeddable":true,"href":"https:\/\/imagazine.it\/home_desk\/wp-json\/wp\/v2\/users\/28"}],"replies":[{"embeddable":true,"href":"https:\/\/imagazine.it\/home_desk\/wp-json\/wp\/v2\/comments?post=30508"}],"version-history":[{"count":0,"href":"https:\/\/imagazine.it\/home_desk\/wp-json\/wp\/v2\/posts\/30508\/revisions"}],"wp:featuredmedia":[{"embeddable":true,"href":"https:\/\/imagazine.it\/home_desk\/wp-json\/wp\/v2\/media\/30509"}],"wp:attachment":[{"href":"https:\/\/imagazine.it\/home_desk\/wp-json\/wp\/v2\/media?parent=30508"}],"wp:term":[{"taxonomy":"category","embeddable":true,"href":"https:\/\/imagazine.it\/home_desk\/wp-json\/wp\/v2\/categories?post=30508"},{"taxonomy":"post_tag","embeddable":true,"href":"https:\/\/imagazine.it\/home_desk\/wp-json\/wp\/v2\/tags?post=30508"}],"curies":[{"name":"wp","href":"https:\/\/api.w.org\/{rel}","templated":true}]}}