{"id":30486,"date":"2019-12-13T00:00:00","date_gmt":"2019-12-12T23:00:00","guid":{"rendered":"https:\/\/imagazine.it\/?p=30486"},"modified":"2019-12-13T00:00:00","modified_gmt":"2019-12-12T23:00:00","slug":"allitalia-piace-il-prosciutto-di-san-daniele","status":"publish","type":"post","link":"https:\/\/imagazine.it\/home_desk\/allitalia-piace-il-prosciutto-di-san-daniele\/","title":{"rendered":"All&#8217;Italia piace il prosciutto di San Daniele"},"content":{"rendered":"<p>Conclusa la terza edizione di <em>Aria di San Daniele<\/em>, il format itinerante della manifestazione che ogni anno anima a giugno San Daniele del Friuli.<\/p>\n<p>Un viaggio gastronomico che ha attraversato l\u2019Italia alla scoperta dell\u2019eccellenza del Prosciutto di San Daniele DOP e del territorio peculiare del Friuli Venezia Giulia. Da aprile a dicembre, la kermesse gastronomica ha trasportato la bont\u00e0 e la convivialit\u00e0 del Prosciutto San Daniele in 12 citt\u00e0 italiane. Il percorso itinerante \u00e8 partito da Milano per poi proseguire nei mesi successivi con tappe al Lago di Garda, Torino, Firenze, Verona. Dopo la pausa estiva la manifestazione friulana ha proseguito il calendario di appuntamenti coinvolgendo le citt\u00e0 di Pescara, Roma, Bari, Matera, Napoli, Catania, Cortina d\u2019Ampezzo con l\u2019obiettivo di far scoprire uno dei prodotti simbolo del made in Italy nel mondo.<\/p>\n<p>I 47 eventi esclusivi organizzati in 47 locali selezionati hanno visto il Prosciutto di San Daniele DOP diventare protagonista di gustosi abbinamenti e men\u00f9 gourmet ideati appositamente per esaltarne il gusto.<\/p>\n<p>Durante le 8.800 degustazioni servite, oltre 12.300 persone hanno assaporato il prosciutto San Daniele affettato al momento. A rendere questi appuntamenti ancora pi\u00f9 speciali, la presenza di un oste esperto che ha accompagnato gli ospiti di ciascun evento alla scoperta delle caratteristiche organolettiche del prodotto, raccontando qualit\u00e0 e peculiarit\u00e0 del prosciutto di San Daniele.<\/p>\n<p>Un percorso all\u2019insegna del gusto e della tradizione: <em>Aria di San Daniele<\/em> ha consentito alle persone presenti alla kermesse di vivere non solo un\u2019esperienza gastronomica unica nel suo genere, ma anche di condividere la cultura della propria terra di origine, il comune di San Daniele del Friuli. Il comune friulano \u00e8 un luogo unico del nostro Paese in cui i venti freddi alpini e la brezza tiepida dell\u2019Adriatico si incontrano al fine di creare un microclima perfetto per la stagionatura e la conservazione del prosciutto di San Daniele, un prodotto d\u2019eccellenza italiano realizzato senza l\u2019uso di alcun additivo.<\/p>\n","protected":false},"excerpt":{"rendered":"<p>Successo per l&#8217;evento itinerante<\/p>\n","protected":false},"author":28,"featured_media":30487,"comment_status":"closed","ping_status":"closed","sticky":false,"template":"","format":"standard","meta":{"dwc-title":[],"dwc-content":[],"footnotes":""},"categories":[6],"tags":[],"class_list":["post-30486","post","type-post","status-publish","format-standard","has-post-thumbnail","hentry","category-societa"],"rttpg_featured_image_url":{"full":["https:\/\/imagazine.it\/wp-content\/uploads\/2024\/01\/31946-1.webp",750,501,false],"landscape":["https:\/\/imagazine.it\/wp-content\/uploads\/2024\/01\/31946-1.webp",750,501,false],"portraits":["https:\/\/imagazine.it\/wp-content\/uploads\/2024\/01\/31946-1.webp",750,501,false],"thumbnail":["https:\/\/imagazine.it\/wp-content\/uploads\/2024\/01\/31946-1-150x150.webp",150,150,true],"medium":["https:\/\/imagazine.it\/wp-content\/uploads\/2024\/01\/31946-1-300x200.webp",300,200,true],"large":["https:\/\/imagazine.it\/wp-content\/uploads\/2024\/01\/31946-1.webp",640,428,false],"thumblist":["https:\/\/imagazine.it\/wp-content\/uploads\/2024\/01\/31946-1.webp",300,200,false],"thumbrelated":["https:\/\/imagazine.it\/wp-content\/uploads\/2024\/01\/31946-1.webp",500,334,false],"meccarouselthumb":["https:\/\/imagazine.it\/wp-content\/uploads\/2024\/01\/31946-1.webp",474,317,false],"gridsquare":["https:\/\/imagazine.it\/wp-content\/uploads\/2024\/01\/31946-1.webp",389,260,false],"tileview":["https:\/\/imagazine.it\/wp-content\/uploads\/2024\/01\/31946-1.webp",300,200,false],"1536x1536":["https:\/\/imagazine.it\/wp-content\/uploads\/2024\/01\/31946-1.webp",750,501,false],"2048x2048":["https:\/\/imagazine.it\/wp-content\/uploads\/2024\/01\/31946-1.webp",750,501,false],"newsup-slider-full":["https:\/\/imagazine.it\/wp-content\/uploads\/2024\/01\/31946-1.webp",750,501,false],"newsup-featured":["https:\/\/imagazine.it\/wp-content\/uploads\/2024\/01\/31946-1.webp",750,501,false],"newsup-medium":["https:\/\/imagazine.it\/wp-content\/uploads\/2024\/01\/31946-1-720x380.webp",720,380,true],"tptn_thumbnail":["https:\/\/imagazine.it\/wp-content\/uploads\/2024\/01\/31946-1.webp",250,167,false],"sow-carousel-default":["https:\/\/imagazine.it\/wp-content\/uploads\/2024\/01\/31946-1-272x182.webp",272,182,true]},"rttpg_author":{"display_name":"redazione","author_link":"https:\/\/imagazine.it\/home_desk\/author\/redazione\/"},"rttpg_comment":0,"rttpg_category":"<a href=\"https:\/\/imagazine.it\/home_desk\/category\/societa\/\" rel=\"category tag\">SOCIET\u00c0<\/a>","rttpg_excerpt":"Successo per l'evento itinerante","_links":{"self":[{"href":"https:\/\/imagazine.it\/home_desk\/wp-json\/wp\/v2\/posts\/30486","targetHints":{"allow":["GET"]}}],"collection":[{"href":"https:\/\/imagazine.it\/home_desk\/wp-json\/wp\/v2\/posts"}],"about":[{"href":"https:\/\/imagazine.it\/home_desk\/wp-json\/wp\/v2\/types\/post"}],"author":[{"embeddable":true,"href":"https:\/\/imagazine.it\/home_desk\/wp-json\/wp\/v2\/users\/28"}],"replies":[{"embeddable":true,"href":"https:\/\/imagazine.it\/home_desk\/wp-json\/wp\/v2\/comments?post=30486"}],"version-history":[{"count":0,"href":"https:\/\/imagazine.it\/home_desk\/wp-json\/wp\/v2\/posts\/30486\/revisions"}],"wp:featuredmedia":[{"embeddable":true,"href":"https:\/\/imagazine.it\/home_desk\/wp-json\/wp\/v2\/media\/30487"}],"wp:attachment":[{"href":"https:\/\/imagazine.it\/home_desk\/wp-json\/wp\/v2\/media?parent=30486"}],"wp:term":[{"taxonomy":"category","embeddable":true,"href":"https:\/\/imagazine.it\/home_desk\/wp-json\/wp\/v2\/categories?post=30486"},{"taxonomy":"post_tag","embeddable":true,"href":"https:\/\/imagazine.it\/home_desk\/wp-json\/wp\/v2\/tags?post=30486"}],"curies":[{"name":"wp","href":"https:\/\/api.w.org\/{rel}","templated":true}]}}