{"id":30484,"date":"2019-12-06T00:00:00","date_gmt":"2019-12-05T23:00:00","guid":{"rendered":"https:\/\/imagazine.it\/?p=30484"},"modified":"2019-12-06T00:00:00","modified_gmt":"2019-12-05T23:00:00","slug":"torna-a-ruda-il-tesoro-di-perteole","status":"publish","type":"post","link":"https:\/\/imagazine.it\/home_desk\/torna-a-ruda-il-tesoro-di-perteole\/","title":{"rendered":"Torna a Ruda il &#8220;Tesoro di Perteole&#8221;"},"content":{"rendered":"<p>Torna a Ruda il\u00a0<strong>Tesoro di Perteole<\/strong>. Una selezione delle 1.164 monete d\u2019argento, scoperte 30 anni fa nella chiesetta dei Santi Andrea e Anna, e conservate finora a Cividale, torna in mostra nella Sala del Consiglio del Comune di Ruda.<\/p>\n<p>L\u2019esposizione \u00e8 visitabile\u00a0<strong>dal 6 dicembre al 6 gennaio<\/strong>, dal luned\u00ec alla domenica, dalle 10.30 alle 12.30 e luned\u00ec e mercoled\u00ec anche dalle 16 alle 18 (chiusa il 25 dicembre e l\u20191 gennaio). L&#39;appuntamento fa parte del ricco programma della IV edizione di &#8220;San Nicol\u00f2 e la Strada di Levata &#8211; Lungo il Cammino Celeste 2019&#8221;.<\/p>\n<p>\u201cAbbiamo fortemente voluto questa mostra e ce l\u2019abbiamo fatta. Dopo tanti anni, torna a Ruda questo straordinario ritrovamento. Per tutto questo mese di festivit\u00e0, i cittadini potranno nuovamente vederle dal vivo, riprendere coscienza di questo patrimonio della comunit\u00e0. Ruda \u00e8 fatta di queste unicit\u00e0 assolute e vogliamo dare la giusta visibilit\u00e0 al loro valore\u201d, commenta il sindaco di Ruda\u00a0<strong>Franco Lenarduzzi<\/strong>.<\/p>\n<p>Le monete provengono dal Museo Archeologico Nazionale di Cividale a cui vennero affidate dopo il loro rinvenimento, avvenuto nel 1989 nella chiesetta dei Santi Andrea e Anna a Perteole. A seguito dei lavori di recupero della pieve<strong>, durante un sondaggio, sotto il pavimento, furono scoperti, custoditi in una pentola di terracotta<\/strong>, 681 denari del patriarca di Aquileia Bertoldo di Andechs (1218-1251), 480 dei vescovi di Trieste Leonardo (1231-1233) e Volrico (1233-1254) e 3 del duca di Carinzia Bernardo II Spanheim (1201-1256).<\/p>\n<p>\u201cNon si sa chi le abbia raccolte e chi le abbia nascoste dentro le fondamenta del piccolo campanile e tanto mento perch\u00e9 siano state nascoste. Certamente \u2013 spiega <strong>Luca Villa<\/strong>, archeologo e curatore della mostra \u2013 risalgono a una data anteriore all&#39;incendio del paese di Perteole del 1297. Si potrebbe ipotizzare che qualcuno abbia nascosto questo piccolo tesoro per salvarlo da quella razzia e che questo qualcuno sia morto senza rivelarne il luogo\u201d.<\/p>\n<p>\u201cNel mondo, di questa tipologia di monete, ne sono conservati pochissimi esemplari. La maggior parte \u2013 aggiunge il numismatico\u00a0<strong>Lorenzo Passera<\/strong>\u00a0\u2013 \u00e8 stata ritrovata qui a Perteole. Monete uniche, anche perch\u00e8 molto ben conservate, realizzate nelle zecche di Aquileia, Trieste e Lubiana. Monete molto particolari, scodellate, cos\u00ec realizzate per migliorarne l\u2019impilamento\u201d.<\/p>\n<p>La mostra \u00e8 stata realizzata grazie alla collaborazione\u00a0<strong>tra Comune di Ruda, Polo museale del FVG e Museo Archeologico di Cividale del Friuli<\/strong>\u00a0con il sostegno dell\u2019Associazione Nazionale Aquileia, della Cassa Rurale FVG e di Palmanova Outlet Village e con il patrocinio della Fondazione Aquileia.<\/p>\n<p>\u201cA 30 anni da questa scoperta, abbiamo intenzione di valorizzare questo tesoro, anche con una futura esposizione a Cividale, assieme ad altre monete di epoca romana e longobarda\u201d, conclude\u00a0<strong>Angela Borzacconi<\/strong>,\u00a0direttrice del Museo Archeologico di Cividale del Friuli.<\/p>\n","protected":false},"excerpt":{"rendered":"<p>In mostra per tutto dicembre<\/p>\n","protected":false},"author":28,"featured_media":30485,"comment_status":"closed","ping_status":"closed","sticky":false,"template":"","format":"standard","meta":{"dwc-title":[],"dwc-content":[],"footnotes":""},"categories":[37],"tags":[],"class_list":["post-30484","post","type-post","status-publish","format-standard","has-post-thumbnail","hentry","category-cultura-e-spettacolo"],"rttpg_featured_image_url":{"full":["https:\/\/imagazine.it\/wp-content\/uploads\/2024\/01\/31934-1.webp",750,447,false],"landscape":["https:\/\/imagazine.it\/wp-content\/uploads\/2024\/01\/31934-1.webp",750,447,false],"portraits":["https:\/\/imagazine.it\/wp-content\/uploads\/2024\/01\/31934-1.webp",750,447,false],"thumbnail":["https:\/\/imagazine.it\/wp-content\/uploads\/2024\/01\/31934-1-150x150.webp",150,150,true],"medium":["https:\/\/imagazine.it\/wp-content\/uploads\/2024\/01\/31934-1-300x179.webp",300,179,true],"large":["https:\/\/imagazine.it\/wp-content\/uploads\/2024\/01\/31934-1.webp",640,381,false],"thumblist":["https:\/\/imagazine.it\/wp-content\/uploads\/2024\/01\/31934-1.webp",300,179,false],"thumbrelated":["https:\/\/imagazine.it\/wp-content\/uploads\/2024\/01\/31934-1.webp",500,298,false],"meccarouselthumb":["https:\/\/imagazine.it\/wp-content\/uploads\/2024\/01\/31934-1.webp",474,283,false],"gridsquare":["https:\/\/imagazine.it\/wp-content\/uploads\/2024\/01\/31934-1.webp",391,233,false],"tileview":["https:\/\/imagazine.it\/wp-content\/uploads\/2024\/01\/31934-1.webp",300,179,false],"1536x1536":["https:\/\/imagazine.it\/wp-content\/uploads\/2024\/01\/31934-1.webp",750,447,false],"2048x2048":["https:\/\/imagazine.it\/wp-content\/uploads\/2024\/01\/31934-1.webp",750,447,false],"newsup-slider-full":["https:\/\/imagazine.it\/wp-content\/uploads\/2024\/01\/31934-1.webp",750,447,false],"newsup-featured":["https:\/\/imagazine.it\/wp-content\/uploads\/2024\/01\/31934-1.webp",750,447,false],"newsup-medium":["https:\/\/imagazine.it\/wp-content\/uploads\/2024\/01\/31934-1-720x380.webp",720,380,true],"tptn_thumbnail":["https:\/\/imagazine.it\/wp-content\/uploads\/2024\/01\/31934-1.webp",250,149,false],"sow-carousel-default":["https:\/\/imagazine.it\/wp-content\/uploads\/2024\/01\/31934-1-272x182.webp",272,182,true]},"rttpg_author":{"display_name":"redazione","author_link":"https:\/\/imagazine.it\/home_desk\/author\/redazione\/"},"rttpg_comment":0,"rttpg_category":"<a href=\"https:\/\/imagazine.it\/home_desk\/category\/cultura-e-spettacolo\/\" rel=\"category tag\">CULTURA&amp;SPETTACOLO<\/a>","rttpg_excerpt":"In mostra per tutto dicembre","_links":{"self":[{"href":"https:\/\/imagazine.it\/home_desk\/wp-json\/wp\/v2\/posts\/30484","targetHints":{"allow":["GET"]}}],"collection":[{"href":"https:\/\/imagazine.it\/home_desk\/wp-json\/wp\/v2\/posts"}],"about":[{"href":"https:\/\/imagazine.it\/home_desk\/wp-json\/wp\/v2\/types\/post"}],"author":[{"embeddable":true,"href":"https:\/\/imagazine.it\/home_desk\/wp-json\/wp\/v2\/users\/28"}],"replies":[{"embeddable":true,"href":"https:\/\/imagazine.it\/home_desk\/wp-json\/wp\/v2\/comments?post=30484"}],"version-history":[{"count":0,"href":"https:\/\/imagazine.it\/home_desk\/wp-json\/wp\/v2\/posts\/30484\/revisions"}],"wp:featuredmedia":[{"embeddable":true,"href":"https:\/\/imagazine.it\/home_desk\/wp-json\/wp\/v2\/media\/30485"}],"wp:attachment":[{"href":"https:\/\/imagazine.it\/home_desk\/wp-json\/wp\/v2\/media?parent=30484"}],"wp:term":[{"taxonomy":"category","embeddable":true,"href":"https:\/\/imagazine.it\/home_desk\/wp-json\/wp\/v2\/categories?post=30484"},{"taxonomy":"post_tag","embeddable":true,"href":"https:\/\/imagazine.it\/home_desk\/wp-json\/wp\/v2\/tags?post=30484"}],"curies":[{"name":"wp","href":"https:\/\/api.w.org\/{rel}","templated":true}]}}