{"id":30482,"date":"2019-12-06T00:00:00","date_gmt":"2019-12-05T23:00:00","guid":{"rendered":"https:\/\/imagazine.it\/?p=30482"},"modified":"2019-12-06T00:00:00","modified_gmt":"2019-12-05T23:00:00","slug":"il-fvg-e-la-magia-del-presepe","status":"publish","type":"post","link":"https:\/\/imagazine.it\/home_desk\/il-fvg-e-la-magia-del-presepe\/","title":{"rendered":"Il FVG e la magia del presepe"},"content":{"rendered":"<p>Fino al 12 gennaio, grazie all\u2019organizzazione del Comitato Regionale del Friuli Venezia Giulia dell\u2019Unione Nazionale Pro Loco d\u2019Italia e il sostegno della Fondazione Friuli, della Regione Friuli Venezia Giulia e di CiviBank, torna la rassegna \u201cPresepi FVG &#8211; La tradizione che prende forma\u201d, viaggio regionale in una delle pi\u00f9 preziose tradizioni italiane.<\/p>\n<p>Si potranno ammirare oltre 4 mila Nativit\u00e0 realizzate artigianalmente nei materiali pi\u00f9 vari e in diverse dimensioni, tutte accomunate dalla sapienza e passione di coloro che le hanno create.<\/p>\n<p>Presepi che saranno esposti a Villa Manin di Passariano con la mostra \u201cPresepi in Villa\u201d, a Trieste nelle sedi del Consiglio e Giunta regionale, a Udine in Galleria Modotti, nelle 12 aree geografiche della \u201cmappa\u201d del Giro Presepi e, novit\u00e0 di quest\u2019anno, l\u2019esposizione anche nella sede della Fondazione Friuli a Udine e nel Municipio di Codroipo.<\/p>\n<p>\u201cSi tratta &#8211; spiega <strong>Valter Pezzarini<\/strong> presidente del Comitato regionale Pro Loco &#8211; della pi\u00f9 grande mostra di Presepi allestita in regione, resa possibile dalle istituzioni e sponsor che ci sostengono e dai volontari coinvolti insieme alla nostra segreteria organizzativa che coordina gli eventi. Saranno tanti i modi, uno per ogni Nativit\u00e0 allestita per questo Natale, che permetteranno di vivere questo grande viaggio alle radici della nostra cultura cristiana, grazie a una tradizione religiosa, come quella del Presepe, che ha anche un valore laico, in quanto portatrice di un messaggio di pace e fratellanza. Un simbolo, quindi, davvero aperto alla condivisione da parte di tutte le persone di buona volont\u00e0. Vi aspettiamo anche noi sotto la stella cometa\u201d.<\/p>\n<p>Alla presentazione a Udine nella sede della Fondazione Friuli, insieme a Pezzarini sono intervenuti il presidente della Fondazione Friuli, <strong>Giuseppe Morandini<\/strong> (firmata pure la nuova convenzione triennale con le Pro Loco), che ha lodato la maestria dei presepisti De Lucchi, Ranieri e Gentilini le cui opere saranno esposte nella sede della Fondazione; l&#39;assessore alla cultura di Codroipo, <strong>Tiziana Cividini<\/strong>, che ha sottolineato l&#39;importanza di tramandare le tradizioni; <strong>Sergio Paroni<\/strong>, responsabile relazioni esterne Civibank e il vicepresidente della Societ\u00e0 Filologica Friulana, <strong>Carlo Venuti<\/strong>, che hanno ricordato il concorso dedicato alle scuole dell&#39;infanzia e primarie (record con 55 classi iscritte) e per la Regione FVG l&#39;assessore al turismo <strong>Sergio Emidio Bini<\/strong> che ha lodato il richiamo dell&#39;iniziativa (lo scorso anno 130 mila visitatori sul territorio, con molti dall&#39;Austria e Germania attratti anche dai pacchetti turistici preparati insieme a PromoTurismoFVG e 30 mila invece alla mostra di Villa Manin) e il presidente del consiglio regionale, <strong>Piero Mauro Zanin<\/strong>, che ha sottolineato come le Pro Loco contribuiscano alla coesione sociale delle comunit\u00e0.\u00a0<\/p>\n<p>Ecco nel dettaglio gli appuntamenti del periodo natalizio<\/p>\n<p>PRESEPI IN VILLA &#8211; Rassegna dell\u2019Arte Presepiale in Friuli Venezia Giulia \u00e8 la parte centrale del progetto: nell\u2019Esedra di Levante di Villa Manin dal 7 dicembre 2019, con taglio del nastro alle ore 16, fino al 12 gennaio 2020 si potranno ammirare oltre cento opere artigianali provenienti da tutto il Friuli Venezia Giulia, da fuori regione e dall\u2019estero. Ci sar\u00e0 un presepe all\u2019esterno dell\u2019Esedra e all\u2019interno si potranno ammirare opere provenienti, oltre che dal Friuli Venezia Giulia, pure da fuori regione (Veneto, Puglia e Toscana) nonch\u00e9 internazionali (Austria e Tanzania). Oltre a maestri presepisti che hanno realizzato la propria opera con svariati materiali, ci sono i contributi di quattro rassegne presepiali collaboratrici (Polcenigo, Moggio Udinese, Natale a Premariacco, Museo del Presepio di Trieste), di altrettante Pro Loco (Risorgive Medio Friuli Bertiolo, Pro Loco Suzzolins, Pro Loco Moggese, Pro Loco Alta Val Malina Attimis), sei scuole vincitrici del Concorso Presepi dello scorso anno e 14 tra associazioni, fondazioni e realt\u00e0 che operano nel sociale. Durante l\u2019intero periodo di apertura della mostra si potr\u00e0 votare elettronicamente il presepe preferito tra gli oltre cento in esposizione.<\/p>\n<p><a href=\"http:\/\/imagazinevideotruck.it\/outlet\/relink.html\" target=\"_top\" rel=\"noopener\"><img loading=\"lazy\" decoding=\"async\" align=\"LEFT\" height=\"250\" src=\"http:\/\/imagazinevideotruck.it\/outlet\/outlet30.gif\" width=\"300\" alt=\"\" title=\"\"><\/a><\/p>\n<p>\u00a0<\/p>\n<p>\u00a0<\/p>\n<p>\u00a0<\/p>\n<p>\u00a0<\/p>\n<p>\u00a0<\/p>\n<p>\u00a0<\/p>\n<p>\u00a0<\/p>\n<p>\u00a0<\/p>\n<p>\u00a0<\/p>\n<p>La mostra sar\u00e0 aperta da marted\u00ec a venerd\u00ec dalle ore 10 alle 13 e dalle ore 14 alle 18.30; sabato, domenica e festivi dalle ore 10 alle 18.30 con orario continuato. Rimarr\u00e0 chiusa il 25 dicembre mentre il 24 e 31 dicembre (dalle ore 10 alle 16) e il 1\u00b0 gennaio (dalle ore 14 alle 18.30) sar\u00e0 aperta con orario ridotto. Si effettueranno visite guidate in italiano e tedesco per gruppi dalle 15 alle 25 persone negli orari di apertura della mostra previa prenotazione telefonica (0432-900908).<\/p>\n<p>GIRO PRESEPI. Il Giro Presepi \u00e8 la parte itinerante su tutto il territorio regionale, che vede la presenza di quasi 4 mila opere esposte, da quelle monumentali a quelle che stanno dentro a una bottiglia, da quelle nelle chiese a quelle inserite in contesti naturali di grande pregio ambientale. I presepi sono sparsi in 181 tra capoluoghi comunali, frazioni e localit\u00e0, suddivisi nelle 12 aree geografiche di Carnia, Tarvisiano, Piancavallo e Dolomiti Friulane, Gemonese, Friuli Collinare e San Daniele del Friuli, Pordenone e dintorni, Udine e dintorni, Cividale del Friuli e Valli del Natisone, Lignano Sabbiadoro e dintorni, Grado, Aquileia, Palmanova e dintorni, Gorizia e Collio, Trieste e Carso. Da questa edizione i presepi sono classificati secondo otto tipologie diverse: Rassegne Presepi, Presepi nelle Chiese, Presepi all\u2019aperto, Presepi statici, Presepi in movimento, Presepi subacquei, Rappresentazioni viventi e Presepi in museo. Oltre venti tra siti e iniziative sono da quest\u2019anno contraddistinti dal nuovo simbolo rosso \u201cVisita adatta ai gruppi\u201d, che li identifica quali siti aderenti al progetto di turismo presepiale \u201cLa magia del Natale in Friuli Venezia Giulia\u201d coordinato da PromoTurismoFVG e volto alla promozione internazionale di pacchetti turistici rivolti a gruppi e comitive. Tutte le informazioni sull\u2019aggiornato sito\u00a0<a data-saferedirecturl=\"https:\/\/www.google.com\/url?q=http:\/\/www.presepifvg.it&#038;source=gmail&#038;ust=1575735881468000&#038;usg=AFQjCNGY7jbFl5SnlSz3QaQ1kChN_6j1kA\" href=\"http:\/\/www.presepifvg.it\/\" target=\"_blank\" rel=\"noopener\">www.presepifvg.it<\/a><\/p>\n<p>A TRIESTE. La mostra Presepi a Trieste \u00e8 realizzata grazie a una stretta collaborazione con la Presidenza del Consiglio e della Giunta regionale, nelle cui rispettive sedi saranno esposte 19 tra le migliori Nativit\u00e0 realizzate da artisti del Friuli Venezia Giulia.<\/p>\n<p>A UDINE. Anche quest\u2019anno esposizione di oltre 30 presepi in Galleria Tina Modotti (via Paolo Sarpi) a Udine, dove dal 13 dicembre (inaugurazione alle ore 17) al 6 gennaio si potranno ammirare alcune tra le pi\u00f9 belle opere selezionate appositamente per questo importante spazio culturale. Un\u2019iniziativa a cura del Comune di Udine insieme al Comitato Regionale Pro Loco.<\/p>\n<p>NOVIT\u00c0. Quest\u2019anno l\u2019esposizione si allarga in un altro prestigioso palazzo udinese, ovvero la sede della Fondazione Friuli, in via Manin 15, dove per tutto il periodo delle festivit\u00e0 si potranno ammirare tre opere presepiali. Altrettante Nativit\u00e0 in mostra pure nel Municipio di Codroipo.<\/p>\n<p>TURISMO PRESEPIALE. Tutte queste iniziative sono al centro del progetto \u201cTurismo presepiale\u201d avviato per il quarto anno da parte di PromoTurismoFVG, con risultati positivi anche per quanto riguarda le presenze di visitatori dall\u2019estero, a partire dagli appassionati dell\u2019area di lingua tedesca. Per i turisti pacchetti speciali anche in questo Natale 2019-20: tutte le informazioni su\u00a0<u><a data-saferedirecturl=\"https:\/\/www.google.com\/url?q=http:\/\/www.turismofvg.it\/Presepi-in-Friuli-Venezia-Giulia&#038;source=gmail&#038;ust=1575735881468000&#038;usg=AFQjCNE1qQAQ87-OvWGZA589meJmjhC-tg\" href=\"http:\/\/www.turismofvg.it\/Presepi-in-Friuli-Venezia-Giulia\" target=\"_blank\" rel=\"noopener\">www.turismofvg.it\/Presepi-in-<wbr \/>Friuli-Venezia-Giulia<\/a><\/u>\u00a0e all\u2019indirizzo mail\u00a0<a href=\"mailto:promotion@promoturismo.fvg.it\" target=\"_blank\" rel=\"noopener\">promotion@promoturismo.fvg.it<\/a><\/p>\n<p>CONCORSO SCUOLE. I presepi allestiti in oltre cinquanta istituti scolastici saranno valutati invece dalla giuria del \u201cConcorso Presepi nelle Scuole Primarie e dell\u2019Infanzia del Friuli Venezia Giulia\u201d, che dopo il periodo natalizio proclamer\u00e0 le opere migliori.\u00a0<\/p>\n<p>LA COMUNICAZIONE. Accanto al catalogo di Presepi in Villa e al depliant del Giro Presepi, ci sar\u00e0 anche il sito web\u00a0<u><a data-saferedirecturl=\"https:\/\/www.google.com\/url?q=http:\/\/www.presepifvg.it&#038;source=gmail&#038;ust=1575735881469000&#038;usg=AFQjCNH7tRHO5OjQepsHyLURjYY521jsLA\" href=\"http:\/\/www.presepifvg.it\/\" target=\"_blank\" rel=\"noopener\">www.presepifvg.it<\/a><\/u>. Uno strumento per far conoscere ancora di pi\u00f9 la bellezza delle Nativit\u00e0 del Friuli Venezia Giulia, facilmente consultabile pure in mobilit\u00e0. Anche quest\u2019anno saranno infine curati i social network della rassegna (seguiteli tramite l\u2019hashtag #presepifvg), a partire dalla pagina Facebook Presepi in Friuli Venezia Giulia.<\/p>\n","protected":false},"excerpt":{"rendered":"<p>Presentata la rassegna<\/p>\n","protected":false},"author":28,"featured_media":30483,"comment_status":"closed","ping_status":"closed","sticky":false,"template":"","format":"standard","meta":{"dwc-title":[],"dwc-content":[],"footnotes":""},"categories":[8],"tags":[],"class_list":["post-30482","post","type-post","status-publish","format-standard","has-post-thumbnail","hentry","category-turismo"],"rttpg_featured_image_url":{"full":["https:\/\/imagazine.it\/wp-content\/uploads\/2024\/01\/31931-1.webp",750,546,false],"landscape":["https:\/\/imagazine.it\/wp-content\/uploads\/2024\/01\/31931-1.webp",750,546,false],"portraits":["https:\/\/imagazine.it\/wp-content\/uploads\/2024\/01\/31931-1.webp",750,546,false],"thumbnail":["https:\/\/imagazine.it\/wp-content\/uploads\/2024\/01\/31931-1-150x150.webp",150,150,true],"medium":["https:\/\/imagazine.it\/wp-content\/uploads\/2024\/01\/31931-1-300x218.webp",300,218,true],"large":["https:\/\/imagazine.it\/wp-content\/uploads\/2024\/01\/31931-1.webp",640,466,false],"thumblist":["https:\/\/imagazine.it\/wp-content\/uploads\/2024\/01\/31931-1.webp",300,218,false],"thumbrelated":["https:\/\/imagazine.it\/wp-content\/uploads\/2024\/01\/31931-1.webp",500,364,false],"meccarouselthumb":["https:\/\/imagazine.it\/wp-content\/uploads\/2024\/01\/31931-1.webp",445,324,false],"gridsquare":["https:\/\/imagazine.it\/wp-content\/uploads\/2024\/01\/31931-1.webp",357,260,false],"tileview":["https:\/\/imagazine.it\/wp-content\/uploads\/2024\/01\/31931-1.webp",300,218,false],"1536x1536":["https:\/\/imagazine.it\/wp-content\/uploads\/2024\/01\/31931-1.webp",750,546,false],"2048x2048":["https:\/\/imagazine.it\/wp-content\/uploads\/2024\/01\/31931-1.webp",750,546,false],"newsup-slider-full":["https:\/\/imagazine.it\/wp-content\/uploads\/2024\/01\/31931-1.webp",750,546,false],"newsup-featured":["https:\/\/imagazine.it\/wp-content\/uploads\/2024\/01\/31931-1.webp",750,546,false],"newsup-medium":["https:\/\/imagazine.it\/wp-content\/uploads\/2024\/01\/31931-1-720x380.webp",720,380,true],"tptn_thumbnail":["https:\/\/imagazine.it\/wp-content\/uploads\/2024\/01\/31931-1.webp",250,182,false],"sow-carousel-default":["https:\/\/imagazine.it\/wp-content\/uploads\/2024\/01\/31931-1-272x182.webp",272,182,true]},"rttpg_author":{"display_name":"redazione","author_link":"https:\/\/imagazine.it\/home_desk\/author\/redazione\/"},"rttpg_comment":0,"rttpg_category":"<a href=\"https:\/\/imagazine.it\/home_desk\/category\/turismo\/\" rel=\"category tag\">TURISMO<\/a>","rttpg_excerpt":"Presentata la rassegna","_links":{"self":[{"href":"https:\/\/imagazine.it\/home_desk\/wp-json\/wp\/v2\/posts\/30482","targetHints":{"allow":["GET"]}}],"collection":[{"href":"https:\/\/imagazine.it\/home_desk\/wp-json\/wp\/v2\/posts"}],"about":[{"href":"https:\/\/imagazine.it\/home_desk\/wp-json\/wp\/v2\/types\/post"}],"author":[{"embeddable":true,"href":"https:\/\/imagazine.it\/home_desk\/wp-json\/wp\/v2\/users\/28"}],"replies":[{"embeddable":true,"href":"https:\/\/imagazine.it\/home_desk\/wp-json\/wp\/v2\/comments?post=30482"}],"version-history":[{"count":0,"href":"https:\/\/imagazine.it\/home_desk\/wp-json\/wp\/v2\/posts\/30482\/revisions"}],"wp:featuredmedia":[{"embeddable":true,"href":"https:\/\/imagazine.it\/home_desk\/wp-json\/wp\/v2\/media\/30483"}],"wp:attachment":[{"href":"https:\/\/imagazine.it\/home_desk\/wp-json\/wp\/v2\/media?parent=30482"}],"wp:term":[{"taxonomy":"category","embeddable":true,"href":"https:\/\/imagazine.it\/home_desk\/wp-json\/wp\/v2\/categories?post=30482"},{"taxonomy":"post_tag","embeddable":true,"href":"https:\/\/imagazine.it\/home_desk\/wp-json\/wp\/v2\/tags?post=30482"}],"curies":[{"name":"wp","href":"https:\/\/api.w.org\/{rel}","templated":true}]}}