{"id":30480,"date":"2019-12-06T00:00:00","date_gmt":"2019-12-05T23:00:00","guid":{"rendered":"https:\/\/imagazine.it\/?p=30480"},"modified":"2019-12-06T00:00:00","modified_gmt":"2019-12-05T23:00:00","slug":"monfalcone-nuovo-macchinario-per-bambini-con-difficolta-respiratorie","status":"publish","type":"post","link":"https:\/\/imagazine.it\/home_desk\/monfalcone-nuovo-macchinario-per-bambini-con-difficolta-respiratorie\/","title":{"rendered":"Monfalcone, nuovo macchinario per bambini con difficolt\u00e0 respiratorie"},"content":{"rendered":"<p>L\u2019associazione \u201cVanessa &#8211; Un ponte per la vita e la solidariet\u00e0\u201d, anche per quest\u2019anno, si impegna con un nuovo progetto denominato \u201c<strong>Vanessa per la Pediatria dell\u2019ospedale San Polo di Monfalcone<\/strong>\u201d.<\/p>\n<p>Tutto \u00e8 nato dopo un incontro con la direttrice della pediatria dell\u2019ospedale San Polo di Monfalcone, <strong>Danica<\/strong> <strong>Dragovic<\/strong>, la quale ha informato del bisogno di un nuovo macchinario per la ventilazione per i neonati con problematiche respiratorie che il reparto necessita, avendo attualmente dispositivi sanitari obsoleti.<\/p>\n<p>L\u2019associazione Onlus Vanessa si \u00e8 cos\u00ec fatta carico dell\u2019acquisto, non appena raggiunger\u00e0 la somma necessaria all\u2019acquisto del macchinario sanitario \u201c<strong>BUBBLE CPAP<\/strong>\u201d. Il Bubble CPAP \u00e8 un sistema unico nel suo genere in grado di erogare elevati flussi d&#39;aria o ossigeno.<\/p>\n<p>Studi clinici hanno dimostrato l&#39;utilit\u00e0 di un elevato flusso di gas riscaldato a temperatura corporea, umidificato fino al 99-100% di umidit\u00e0 relativa e distribuito attraverso la cannula nasale. Il calore e l&#39;umidit\u00e0 previene la perdita d&#39;acqua delle vie aeree, il raffreddamento delle vie aeree, l&#39;ispessimento delle secrezioni, l&#39;irritazione nasale e il sanguinamento. Il Bubble CPAP permette di erogare gas respiratori riscaldati a temperatura corporea e con un&#39;umidit\u00e0 relativa di quasi il 100% mediante cannula nasale, senza asciugare o raffreddare le vie aeree, cosa che non era possibile con gli umidificatori a bolla convenzionali.<\/p>\n<p><a href=\"http:\/\/imagazinevideotruck.it\/outlet\/relink.html\" target=\"_top\" rel=\"noopener\"><img loading=\"lazy\" decoding=\"async\" align=\"LEFT\" height=\"250\" src=\"http:\/\/imagazinevideotruck.it\/outlet\/outlet30.gif\" width=\"300\" alt=\"\" title=\"\"><\/a><\/p>\n<p>\u00a0<\/p>\n<p>\u00a0<\/p>\n<p>\u00a0<\/p>\n<p>\u00a0<\/p>\n<p>\u00a0<\/p>\n<p>\u00a0<\/p>\n<p>\u00a0<\/p>\n<p>\u00a0<\/p>\n<p>\u00a0<\/p>\n<p>Nei casi problematici, il sistema respiratorio \u00e8 sottosviluppato e l&#39;adeguato scambio di gas non avviene naturalmente: da qui la necessit\u00e0 di fornire un supporto respiratorio esterno.<\/p>\n<p>Diversi i benefici dell&#39;uso di Bubble CPAP: il ripristino della salute mantiene efficacemente la <strong>FRC<\/strong> (<strong>Capacit\u00e0 Funzionale Residua<\/strong>); la maggior parte delle malattie polmonari che portano all&#39;insufficienza respiratoria sono comunemente associate a una ridotta FRC; il mantenimento della FRC \u00e8 molto importante per i \u00a0neonati prematuri che hanno una maggiore tendenza alla chiusura delle vie aeree quando la FRC scende al di sotto del volume di chiusura.<\/p>\n<p>Il progetto \u00e8 stato subito accolto favorevolmente sia dal Comune di Staranzano che dalla B.C.C. di Staranzano e Villesse che sostiene\u00a0il progetto dell\u2019associazione Vanessa con un sostanziale contributo. Ha aderito al progetto con entusiasmo un altro gruppo storico che collabora con l\u2019associazione, il gruppo Bikers Punishers Law Enforcement Motorycle Club Chapter 6 Udine, con il quale lo scorso anno sono stati protagonisti per la campagna di sensibilizzazione alla donazione del midollo osseo, con la staffetta motociclistica dal Friuli Venezia Giulia alla Sicilia.<\/p>\n<p>Altri gruppi si stanno organizzando al fine di creare eventi per sostenere il progetto che \u00e8\u00a0 patrocinato dai Comuni di Monfalcone e Staranzano.\u00a0<\/p>\n","protected":false},"excerpt":{"rendered":"<p>Grazie all&#8217;associazione \u201cVanessa &#8211; Un ponte per la vita e la solidariet\u00e0\u201d<\/p>\n","protected":false},"author":22,"featured_media":30481,"comment_status":"closed","ping_status":"closed","sticky":false,"template":"","format":"standard","meta":{"dwc-title":[],"dwc-content":[],"footnotes":""},"categories":[5],"tags":[],"class_list":["post-30480","post","type-post","status-publish","format-standard","has-post-thumbnail","hentry","category-attualita"],"rttpg_featured_image_url":{"full":["https:\/\/imagazine.it\/wp-content\/uploads\/2024\/01\/31925-1.webp",750,500,false],"landscape":["https:\/\/imagazine.it\/wp-content\/uploads\/2024\/01\/31925-1.webp",750,500,false],"portraits":["https:\/\/imagazine.it\/wp-content\/uploads\/2024\/01\/31925-1.webp",750,500,false],"thumbnail":["https:\/\/imagazine.it\/wp-content\/uploads\/2024\/01\/31925-1-150x150.webp",150,150,true],"medium":["https:\/\/imagazine.it\/wp-content\/uploads\/2024\/01\/31925-1-300x200.webp",300,200,true],"large":["https:\/\/imagazine.it\/wp-content\/uploads\/2024\/01\/31925-1.webp",640,427,false],"thumblist":["https:\/\/imagazine.it\/wp-content\/uploads\/2024\/01\/31925-1.webp",300,200,false],"thumbrelated":["https:\/\/imagazine.it\/wp-content\/uploads\/2024\/01\/31925-1.webp",500,333,false],"meccarouselthumb":["https:\/\/imagazine.it\/wp-content\/uploads\/2024\/01\/31925-1.webp",474,316,false],"gridsquare":["https:\/\/imagazine.it\/wp-content\/uploads\/2024\/01\/31925-1.webp",391,260,false],"tileview":["https:\/\/imagazine.it\/wp-content\/uploads\/2024\/01\/31925-1.webp",300,200,false],"1536x1536":["https:\/\/imagazine.it\/wp-content\/uploads\/2024\/01\/31925-1.webp",750,500,false],"2048x2048":["https:\/\/imagazine.it\/wp-content\/uploads\/2024\/01\/31925-1.webp",750,500,false],"newsup-slider-full":["https:\/\/imagazine.it\/wp-content\/uploads\/2024\/01\/31925-1.webp",750,500,false],"newsup-featured":["https:\/\/imagazine.it\/wp-content\/uploads\/2024\/01\/31925-1.webp",750,500,false],"newsup-medium":["https:\/\/imagazine.it\/wp-content\/uploads\/2024\/01\/31925-1-720x380.webp",720,380,true],"tptn_thumbnail":["https:\/\/imagazine.it\/wp-content\/uploads\/2024\/01\/31925-1.webp",250,167,false],"sow-carousel-default":["https:\/\/imagazine.it\/wp-content\/uploads\/2024\/01\/31925-1-272x182.webp",272,182,true]},"rttpg_author":{"display_name":"Livio Nonis","author_link":"https:\/\/imagazine.it\/home_desk\/author\/nonis\/"},"rttpg_comment":0,"rttpg_category":"<a href=\"https:\/\/imagazine.it\/home_desk\/category\/attualita\/\" rel=\"category tag\">ATTUALIT\u00c0<\/a>","rttpg_excerpt":"Grazie all'associazione \u201cVanessa - Un ponte per la vita e la solidariet\u00e0\u201d","_links":{"self":[{"href":"https:\/\/imagazine.it\/home_desk\/wp-json\/wp\/v2\/posts\/30480","targetHints":{"allow":["GET"]}}],"collection":[{"href":"https:\/\/imagazine.it\/home_desk\/wp-json\/wp\/v2\/posts"}],"about":[{"href":"https:\/\/imagazine.it\/home_desk\/wp-json\/wp\/v2\/types\/post"}],"author":[{"embeddable":true,"href":"https:\/\/imagazine.it\/home_desk\/wp-json\/wp\/v2\/users\/22"}],"replies":[{"embeddable":true,"href":"https:\/\/imagazine.it\/home_desk\/wp-json\/wp\/v2\/comments?post=30480"}],"version-history":[{"count":0,"href":"https:\/\/imagazine.it\/home_desk\/wp-json\/wp\/v2\/posts\/30480\/revisions"}],"wp:featuredmedia":[{"embeddable":true,"href":"https:\/\/imagazine.it\/home_desk\/wp-json\/wp\/v2\/media\/30481"}],"wp:attachment":[{"href":"https:\/\/imagazine.it\/home_desk\/wp-json\/wp\/v2\/media?parent=30480"}],"wp:term":[{"taxonomy":"category","embeddable":true,"href":"https:\/\/imagazine.it\/home_desk\/wp-json\/wp\/v2\/categories?post=30480"},{"taxonomy":"post_tag","embeddable":true,"href":"https:\/\/imagazine.it\/home_desk\/wp-json\/wp\/v2\/tags?post=30480"}],"curies":[{"name":"wp","href":"https:\/\/api.w.org\/{rel}","templated":true}]}}