{"id":30476,"date":"2019-12-05T00:00:00","date_gmt":"2019-12-04T23:00:00","guid":{"rendered":"https:\/\/imagazine.it\/?p=30476"},"modified":"2019-12-05T00:00:00","modified_gmt":"2019-12-04T23:00:00","slug":"cervignano-canzone-di-natale-per-beneficenza","status":"publish","type":"post","link":"https:\/\/imagazine.it\/home_desk\/cervignano-canzone-di-natale-per-beneficenza\/","title":{"rendered":"Cervignano, canzone di Natale per beneficenza"},"content":{"rendered":"<p>Si intitola \u201cA Little Tiny Christmas\u201d la canzone di Natale realizzata dagli allievi della Supersonic Music School di Cervignano del Friuli e ascoltabile on line su <u><a href=\"https:\/\/open.spotify.com\/track\/75GDo47KscjNL7YAoxWX5G?si=jBIrcKSDQL-1KOzWK5RCyw&#038;fbclid=IwAR2slGFLEalDhAOH9gBxaCNM6dodYHokZZAw33mhr9izB0inbig8q0hi_-Q\" target=\"_blank\" rel=\"noopener\">Spotify<\/a><\/u>, <u><a href=\"https:\/\/music.apple.com\/it\/album\/a-little-tiny-christmas-single\/1488588651?fbclid=IwAR0G0-lOTa-WfLGVUHh8ZS6K_2VSHhFjKa5k8kRA5gyS9LVxNGz_HPeAJBY\" target=\"_blank\" rel=\"noopener\">iTunes <\/a><\/u>e tutti i digital stores.\u00a0Il ricavato degli streaming e dei download, spiega il responsabile della Supersonic, <strong>Francesco Contadini<\/strong>, verr\u00e0 donato all\u2019<u><a href=\"https:\/\/www.facebook.com\/luca.onlus\/?__tn__=K-R&#038;eid=ARBhv3otG09nhE18LG35t1jWnMnrS-ukdRTD7x5aTVwtzUAKLXmz2lx7xy_pjMNRaUrPPMdySZUoA8tl&#038;fref=mentions&#038;__xts__%5B0%5D=68.ARA95bEFFkuuAKSEyC53F_6GSuUhmY3IcChQCSzR7jQwTPbhQ9nJR76GQ5rF-LLKFln8hpxqTcIk5gRNk9Q327KYzC8uJWudDEIba8Y_nxFfSVaaM2uk4bMju3nfqSuW4jI0Ca-VZaFllX4Pa6CPokeNiD7foyvcnb5-lyB6LXL9QnXS2jtM4_0cYMOn2wNmel3nuyxtakgF8ymSwaF7h-alodwjYsn237VjblfnuW4VxfBFrpEdAVoqffg_IQFpKLYivWK1OUsjVkLS-Dstejr9dG-hod2KrzK_y2oj7BHbt99qkrewZHPeKeO_sL5ebj8LOU1VfpjGl8qxfA\" target=\"_blank\" rel=\"noopener\">Associazione Luca Onlus<\/a><\/u>.<\/p>\n<p><strong>Francesco Contadini, com&#39;\u00e8 nata l&#39;idea del progetto?<\/strong><\/p>\n<p>\u201cL&#39;idea \u00e8 nata lo scorso agosto da Jacopo Moratto, un nostro allievo di canto e pianoforte moderno, molto creativo, che scrive molte canzoni e che ha proposto di realizzare una canzone di Natale originale per la nostra scuola di musica. A settembre Jacopo ha portato a scuola la prima bozza della canzone, con il testo in inglese; quindi abbiamo coinvolto un altro nostro allievo, Giacomo Moretti, anche lui molto creativo, che ha scritto le strofe in italiano. Nel nostro studio abbiamo successivamente iniziato a realizzare l&#39;arrangiamento musicale e a registrare la base, coinvolgendo tutti i nostri giovani allievi di canto. Ci sono voluti 2 mesi abbondanti di lavoro per realizzarla\u201d.<\/p>\n<p><strong>Come \u00e8 stata scelta l&#39;associazione a cui destinare il ricavato?<\/strong><\/p>\n<p>\u201cDa molti anni durante i nostri saggi di Natale e di fine anno scolastico facciamo sempre una raccolta donazioni per l\u2019Associazione Luca Onlus che aiuta le famiglie dei bambini ammalati: abbiamo pensato di aiutarli anche con questo progetto, sperando di avere tramite i social una buona visibilit\u00e0 e quindi un buon risultato di ascolti e di download. Tutto il ricavato lo daremo a questa associazione\u201d.<\/p>\n<p><strong>Com\u2019\u00e8 stata la partecipazione degli allievi a questa iniziativa?<\/strong><\/p>\n<p>\u201cTutti hanno partecipato con grande entusiasmo e ora che la sentono finita e pubblicata sui vari digital stores sono molto felici e orgogliosi del lavoro che abbiamo fatto\u201d.<\/p>\n<p><strong>Un lavoro non ancora ultimato, poich\u00e9 prossimamente uscir\u00e0 anche un video\u2026<\/strong><\/p>\n<p>\u201cIl video lo stiamo registrando in questi giorni in varie location di Cervignano: dalla Casa della Musica a Piazza Indipendenza, dove nei prossimi giorni ci sar\u00e0 la pista di pattinaggio su ghiaccio. L&#39;8 dicembre effettueremo delle riprese durante l&#39;inaugurazione dell&#39;albero di Natale, contesto nel quale i nostri allievi canteranno questa canzone in pubblico. Senza scordare che sabato 7 dicembre, al Palazzo dei congressi a Grado, saremo ospiti all&#39;evento <em>Voci di Natale<\/em> e faremo qualche ripresa anche l\u00ec&#8230; Il video sar\u00e0 pronto verso met\u00e0 dicembre\u201d.<\/p>\n<p><a href=\"http:\/\/imagazinevideotruck.it\/outlet\/relink.html\" target=\"_top\" rel=\"noopener\"><img loading=\"lazy\" decoding=\"async\" align=\"LEFT\" height=\"250\" src=\"http:\/\/imagazinevideotruck.it\/outlet\/outlet30.gif\" width=\"300\" alt=\"\" title=\"\"><\/a><\/p>\n<p>\u00a0<\/p>\n<p>\u00a0<\/p>\n<p>\u00a0<\/p>\n<p>\u00a0<\/p>\n<p>\u00a0<\/p>\n<p>\u00a0<\/p>\n<p>\u00a0<\/p>\n<p>\u00a0<\/p>\n<p>\u00a0<\/p>\n<p><strong>Sono previste iniziative simili anche in futuro?<\/strong><\/p>\n<p>\u201cAbbiamo gi\u00e0 l\u2019intenzione di realizzare, per il prossimo Natale, una canzone nuova con uno stile diverso da questa. Ma altre idee potrebbero nascere durante l&#39;anno scolastico: nel 2020, infatti, la nostra scuola festegger\u00e0 i 20 anni di attivit\u00e0 e organizzeremo sicuramente qualcosa di speciale\u201d.<\/p>\n","protected":false},"excerpt":{"rendered":"<p>\u201cA Little Tiny Christmas\u201d<\/p>\n","protected":false},"author":28,"featured_media":30477,"comment_status":"closed","ping_status":"closed","sticky":false,"template":"","format":"standard","meta":{"dwc-title":[],"dwc-content":[],"footnotes":""},"categories":[37],"tags":[],"class_list":["post-30476","post","type-post","status-publish","format-standard","has-post-thumbnail","hentry","category-cultura-e-spettacolo"],"rttpg_featured_image_url":{"full":["https:\/\/imagazine.it\/wp-content\/uploads\/2024\/01\/31917-1.webp",750,496,false],"landscape":["https:\/\/imagazine.it\/wp-content\/uploads\/2024\/01\/31917-1.webp",750,496,false],"portraits":["https:\/\/imagazine.it\/wp-content\/uploads\/2024\/01\/31917-1.webp",750,496,false],"thumbnail":["https:\/\/imagazine.it\/wp-content\/uploads\/2024\/01\/31917-1-150x150.webp",150,150,true],"medium":["https:\/\/imagazine.it\/wp-content\/uploads\/2024\/01\/31917-1-300x198.webp",300,198,true],"large":["https:\/\/imagazine.it\/wp-content\/uploads\/2024\/01\/31917-1.webp",640,423,false],"thumblist":["https:\/\/imagazine.it\/wp-content\/uploads\/2024\/01\/31917-1.webp",300,198,false],"thumbrelated":["https:\/\/imagazine.it\/wp-content\/uploads\/2024\/01\/31917-1.webp",500,331,false],"meccarouselthumb":["https:\/\/imagazine.it\/wp-content\/uploads\/2024\/01\/31917-1.webp",474,313,false],"gridsquare":["https:\/\/imagazine.it\/wp-content\/uploads\/2024\/01\/31917-1.webp",391,260,false],"tileview":["https:\/\/imagazine.it\/wp-content\/uploads\/2024\/01\/31917-1.webp",300,198,false],"1536x1536":["https:\/\/imagazine.it\/wp-content\/uploads\/2024\/01\/31917-1.webp",750,496,false],"2048x2048":["https:\/\/imagazine.it\/wp-content\/uploads\/2024\/01\/31917-1.webp",750,496,false],"newsup-slider-full":["https:\/\/imagazine.it\/wp-content\/uploads\/2024\/01\/31917-1.webp",750,496,false],"newsup-featured":["https:\/\/imagazine.it\/wp-content\/uploads\/2024\/01\/31917-1.webp",750,496,false],"newsup-medium":["https:\/\/imagazine.it\/wp-content\/uploads\/2024\/01\/31917-1-720x380.webp",720,380,true],"tptn_thumbnail":["https:\/\/imagazine.it\/wp-content\/uploads\/2024\/01\/31917-1.webp",250,165,false],"sow-carousel-default":["https:\/\/imagazine.it\/wp-content\/uploads\/2024\/01\/31917-1-272x182.webp",272,182,true]},"rttpg_author":{"display_name":"redazione","author_link":"https:\/\/imagazine.it\/home_desk\/author\/redazione\/"},"rttpg_comment":0,"rttpg_category":"<a href=\"https:\/\/imagazine.it\/home_desk\/category\/cultura-e-spettacolo\/\" rel=\"category tag\">CULTURA&amp;SPETTACOLO<\/a>","rttpg_excerpt":"\u201cA Little Tiny Christmas\u201d","_links":{"self":[{"href":"https:\/\/imagazine.it\/home_desk\/wp-json\/wp\/v2\/posts\/30476","targetHints":{"allow":["GET"]}}],"collection":[{"href":"https:\/\/imagazine.it\/home_desk\/wp-json\/wp\/v2\/posts"}],"about":[{"href":"https:\/\/imagazine.it\/home_desk\/wp-json\/wp\/v2\/types\/post"}],"author":[{"embeddable":true,"href":"https:\/\/imagazine.it\/home_desk\/wp-json\/wp\/v2\/users\/28"}],"replies":[{"embeddable":true,"href":"https:\/\/imagazine.it\/home_desk\/wp-json\/wp\/v2\/comments?post=30476"}],"version-history":[{"count":0,"href":"https:\/\/imagazine.it\/home_desk\/wp-json\/wp\/v2\/posts\/30476\/revisions"}],"wp:featuredmedia":[{"embeddable":true,"href":"https:\/\/imagazine.it\/home_desk\/wp-json\/wp\/v2\/media\/30477"}],"wp:attachment":[{"href":"https:\/\/imagazine.it\/home_desk\/wp-json\/wp\/v2\/media?parent=30476"}],"wp:term":[{"taxonomy":"category","embeddable":true,"href":"https:\/\/imagazine.it\/home_desk\/wp-json\/wp\/v2\/categories?post=30476"},{"taxonomy":"post_tag","embeddable":true,"href":"https:\/\/imagazine.it\/home_desk\/wp-json\/wp\/v2\/tags?post=30476"}],"curies":[{"name":"wp","href":"https:\/\/api.w.org\/{rel}","templated":true}]}}