{"id":30450,"date":"2019-12-02T00:00:00","date_gmt":"2019-12-01T23:00:00","guid":{"rendered":"https:\/\/imagazine.it\/?p=30450"},"modified":"2019-12-02T00:00:00","modified_gmt":"2019-12-01T23:00:00","slug":"piero-petrucco-vice-presidente-della-fiec","status":"publish","type":"post","link":"https:\/\/imagazine.it\/home_desk\/piero-petrucco-vice-presidente-della-fiec\/","title":{"rendered":"Piero Petrucco vice presidente della FIEC"},"content":{"rendered":"<p><strong>Piero Petrucco<\/strong> \u00e8 stato designato <strong>vice presidente di FIEC<\/strong>, la <strong>Federazione europea dell\u2019industria delle costruzioni<\/strong>. \u00c8 la prima volta che un rappresentante friulano raggiunge una simile posizione negli organismi associativi di categoria. Creata nel 1905, FIEC rappresenta \u2013 attraverso le sue 31 Federazioni nazionali di 27 Paesi \u2013 imprese edili di tutte le dimensioni, dalle Pmi ai player globali.<\/p>\n<p>L\u2019ingegner Petrucco, vice presidente e amministratore delegato della I.CO.P. Spa di Basiliano, gi\u00e0 presidente della Consulta nazionale delle specializzazioni e vice presidente di Ance nazionale, approda ora nell\u2019organismo europeo di rappresentanza di categoria.<\/p>\n<p>A lui due deleghe di rilievo, quelle alla competitivit\u00e0 e alla sostenibilit\u00e0, anche alla luce del programma europeo del Green New Deal annunciato dalla neo insediata presidente della Commissione europea <strong>Ursula Von der Leyen<\/strong>. E proprio di questo si \u00e8 discusso il 30 novembre a Parigi nel corso di una conferenza dal titolo \u201c<em>The new EU Green Deal &#8211; Opportunities and challenges for the construction sector<\/em>\u201d, che ha segnato il debutto ufficiale di Petrucco \u2013 relatore al panel di discussione \u2013 nel nuovo incarico di rappresentanza della categoria a livello continentale.<\/p>\n<p><a href=\"http:\/\/imagazinevideotruck.it\/outlet\/relink.html\" target=\"_top\" rel=\"noopener\"><img loading=\"lazy\" decoding=\"async\" align=\"LEFT\" height=\"250\" src=\"http:\/\/imagazinevideotruck.it\/outlet\/outlet30.gif\" width=\"300\" alt=\"\" title=\"\"><\/a><\/p>\n<p>\u00a0<\/p>\n<p>\u00a0<\/p>\n<p>\u00a0<\/p>\n<p>\u00a0<\/p>\n<p>\u00a0<\/p>\n<p>\u00a0<\/p>\n<p>\u00a0<\/p>\n<p>\u00a0<\/p>\n<p>\u00a0<\/p>\n<p>\u201cSono doppiamente soddisfatto \u2013 commenta Piero Petrucco, di rientro dalla capitale francese \u2013 perch\u00e9 questa nomina, che segue all\u2019incarico di rappresentanza gi\u00e0 assunto a livello nazionale, rappresenta un riconoscimento importante a quella parte del nostro mondo associativo molto specializzata, che si distingue per gli investimenti in tecnologie, risorse umane e organizzazione. Caratteristiche imprescindibili per essere competitivi oggi, soprattutto sui mercati esteri\u201d.<\/p>\n<p>\u201cIn secondo luogo \u2013 prosegue Petrucco \u2013, al di l\u00e0 della mia persona, mi piace pensare che questo sia anche un riconoscimento significativo al nostro territorio e alla sua capacit\u00e0 di esprimere imprese industrialmente strutturate e innovative. Di grande interesse, infine, \u00e8 la delega alla sostenibilit\u00e0, un impegno cruciale e una grande sfida, che possiamo vincere se promuoviamo un cambiamento culturale di cittadini e imprese e se sapremo sfruttare le opportunit\u00e0 che l\u2019innovazione tecnologica, anche nel settore delle costruzioni, \u00e8 in grado di offrirci\u201d.<\/p>\n<p>\u201cNoi imprenditori dell\u2019edilizia e della lunga filiera delle costruzioni che coinvolge numerosi altri settori produttivi, della manifattura, dei servizi e delle professioni \u2013 conclude \u2013 possiamo e dobbiamo essere gli attori del cambiamento e di una vera svolta verso il futuro. Per farlo serve prima di tutto un impianto normativo a sua volta sostenibile, che faccia da cornice a un settore necessariamente rinnovato dal punto di vista delle competenze delle risorse umane e delle tecnologie applicate\u201d.<\/p>\n","protected":false},"excerpt":{"rendered":"<p>Nuovo nomina per la Federazione europea dell\u2019industria delle costruzioni<\/p>\n","protected":false},"author":28,"featured_media":30451,"comment_status":"closed","ping_status":"closed","sticky":false,"template":"","format":"standard","meta":{"dwc-title":[],"dwc-content":[],"footnotes":""},"categories":[5],"tags":[],"class_list":["post-30450","post","type-post","status-publish","format-standard","has-post-thumbnail","hentry","category-attualita"],"rttpg_featured_image_url":{"full":["https:\/\/imagazine.it\/wp-content\/uploads\/2024\/01\/31855-1.webp",750,517,false],"landscape":["https:\/\/imagazine.it\/wp-content\/uploads\/2024\/01\/31855-1.webp",750,517,false],"portraits":["https:\/\/imagazine.it\/wp-content\/uploads\/2024\/01\/31855-1.webp",750,517,false],"thumbnail":["https:\/\/imagazine.it\/wp-content\/uploads\/2024\/01\/31855-1-150x150.webp",150,150,true],"medium":["https:\/\/imagazine.it\/wp-content\/uploads\/2024\/01\/31855-1-300x207.webp",300,207,true],"large":["https:\/\/imagazine.it\/wp-content\/uploads\/2024\/01\/31855-1.webp",640,441,false],"thumblist":["https:\/\/imagazine.it\/wp-content\/uploads\/2024\/01\/31855-1.webp",300,207,false],"thumbrelated":["https:\/\/imagazine.it\/wp-content\/uploads\/2024\/01\/31855-1.webp",500,345,false],"meccarouselthumb":["https:\/\/imagazine.it\/wp-content\/uploads\/2024\/01\/31855-1.webp",470,324,false],"gridsquare":["https:\/\/imagazine.it\/wp-content\/uploads\/2024\/01\/31855-1.webp",377,260,false],"tileview":["https:\/\/imagazine.it\/wp-content\/uploads\/2024\/01\/31855-1.webp",300,207,false],"1536x1536":["https:\/\/imagazine.it\/wp-content\/uploads\/2024\/01\/31855-1.webp",750,517,false],"2048x2048":["https:\/\/imagazine.it\/wp-content\/uploads\/2024\/01\/31855-1.webp",750,517,false],"newsup-slider-full":["https:\/\/imagazine.it\/wp-content\/uploads\/2024\/01\/31855-1.webp",750,517,false],"newsup-featured":["https:\/\/imagazine.it\/wp-content\/uploads\/2024\/01\/31855-1.webp",750,517,false],"newsup-medium":["https:\/\/imagazine.it\/wp-content\/uploads\/2024\/01\/31855-1-720x380.webp",720,380,true],"tptn_thumbnail":["https:\/\/imagazine.it\/wp-content\/uploads\/2024\/01\/31855-1.webp",250,172,false],"sow-carousel-default":["https:\/\/imagazine.it\/wp-content\/uploads\/2024\/01\/31855-1-272x182.webp",272,182,true]},"rttpg_author":{"display_name":"redazione","author_link":"https:\/\/imagazine.it\/home_desk\/author\/redazione\/"},"rttpg_comment":0,"rttpg_category":"<a href=\"https:\/\/imagazine.it\/home_desk\/category\/attualita\/\" rel=\"category tag\">ATTUALIT\u00c0<\/a>","rttpg_excerpt":"Nuovo nomina per la Federazione europea dell\u2019industria delle costruzioni","_links":{"self":[{"href":"https:\/\/imagazine.it\/home_desk\/wp-json\/wp\/v2\/posts\/30450","targetHints":{"allow":["GET"]}}],"collection":[{"href":"https:\/\/imagazine.it\/home_desk\/wp-json\/wp\/v2\/posts"}],"about":[{"href":"https:\/\/imagazine.it\/home_desk\/wp-json\/wp\/v2\/types\/post"}],"author":[{"embeddable":true,"href":"https:\/\/imagazine.it\/home_desk\/wp-json\/wp\/v2\/users\/28"}],"replies":[{"embeddable":true,"href":"https:\/\/imagazine.it\/home_desk\/wp-json\/wp\/v2\/comments?post=30450"}],"version-history":[{"count":0,"href":"https:\/\/imagazine.it\/home_desk\/wp-json\/wp\/v2\/posts\/30450\/revisions"}],"wp:featuredmedia":[{"embeddable":true,"href":"https:\/\/imagazine.it\/home_desk\/wp-json\/wp\/v2\/media\/30451"}],"wp:attachment":[{"href":"https:\/\/imagazine.it\/home_desk\/wp-json\/wp\/v2\/media?parent=30450"}],"wp:term":[{"taxonomy":"category","embeddable":true,"href":"https:\/\/imagazine.it\/home_desk\/wp-json\/wp\/v2\/categories?post=30450"},{"taxonomy":"post_tag","embeddable":true,"href":"https:\/\/imagazine.it\/home_desk\/wp-json\/wp\/v2\/tags?post=30450"}],"curies":[{"name":"wp","href":"https:\/\/api.w.org\/{rel}","templated":true}]}}