{"id":30448,"date":"2019-12-02T00:00:00","date_gmt":"2019-12-01T23:00:00","guid":{"rendered":"https:\/\/imagazine.it\/?p=30448"},"modified":"2019-12-02T00:00:00","modified_gmt":"2019-12-01T23:00:00","slug":"ginnastica-ritmica-tara-dragas-campionessa-italiana","status":"publish","type":"post","link":"https:\/\/imagazine.it\/home_desk\/ginnastica-ritmica-tara-dragas-campionessa-italiana\/","title":{"rendered":"Ginnastica ritmica, Tara Draga\u0161 campionessa italiana"},"content":{"rendered":"<p><strong>Tara Draga\u0161<\/strong> \u00e8 campionessa italiana di ginnastica ritmica. La giovane promessa dell\u2019Associazione Sportiva Udinese ha fatto l\u2019en plein al campionato nazionale allieve, che si \u00e8 svolto al palaghiaccio di Catania. La dodicenne farfalla bianconera ha spodestato la campionessa in carica, Alice Taglietti, e conquistato l\u2019oro in tutti gli attrezzi: alla fune (17.150 punti), alla palla (17.950), alle clavette (18.950, personal best) e al nastro (15.400).<\/p>\n<p>Oltre a questo risultato, \u00e8 salita sul gradino pi\u00f9 alto del podio anche nell\u2019all around (69.450, record personale).<\/p>\n<p>\u00ab<em>Tara \u00e8 stata bravissima<\/em> \u2013 ha commentato <strong>Nicola Di Benedetto<\/strong>, direttore generale di Asu in trasferta in Sicilia \u2013. <em>L\u2019appuntamento era molto importante e noi tutti credevamo fortemente che, dopo i secondi posti nelle passate edizioni, Tara ce l\u2019avrebbe fatta ad arrivare sul gradino pi\u00f9 alto del podio. Per questo risultato e quelli del pi\u00f9 recente passato, i miei complimenti vanno senza dubbio a lei, ma anche alle allenatrici e a tutto lo staff della ritmica Asu. Senza un gruppo cos\u00ec affiatato e coeso, che lavora in un&#39;unica direzione, ogni cosa sarebbe pi\u00f9 complicata. Quindi grazie a tutti<\/em>\u00bb.<\/p>\n<p><a href=\"http:\/\/imagazinevideotruck.it\/outlet\/relink.html\" target=\"_top\" rel=\"noopener\"><img loading=\"lazy\" decoding=\"async\" align=\"LEFT\" height=\"250\" src=\"http:\/\/imagazinevideotruck.it\/outlet\/outlet30.gif\" width=\"300\" alt=\"\" title=\"\"><\/a><\/p>\n<p>\u00a0<\/p>\n<p>\u00a0<\/p>\n<p>\u00a0<\/p>\n<p>\u00a0<\/p>\n<p>\u00a0<\/p>\n<p>\u00a0<\/p>\n<p>\u00a0<\/p>\n<p>\u00a0<\/p>\n<p>\u00a0<\/p>\n<p><strong>LE MEDAGLIE D\u2019ORO<\/strong> &#8211; \u00ab<em>\u00c8 stata una gara dura<\/em>\u00bb, hanno ricordato le allenatrici, <strong>\u0160pela Draga\u0161 e Magda Pigano<\/strong>. La categoria in cui ha gareggiato Tara (la 4^ fascia, per le atlete nate nel 2007), insieme alle altre due promesse di Asu, <strong>Isabelle Tavano<\/strong> e <strong>Miriam Marina<\/strong>, era la pi\u00f9 numerosa di tutto il campionato. Tavano e Marina sono entrate in finale, ma hanno commesso diversi errori (Isabelle, suo malgrado, si \u00e8 ritrovata influenzata proprio il giorno della gara). L\u2019atleta friulana, che frequenta la seconda media a Martignacco, ha invece subito \u201ctirato fuori le unghie\u201d tenendo a debita distanza Taglietti che \u00e8 si \u00e8 classificata seconda: \u00ab<em>Come ormai avveniva da alcuni anni <\/em>\u2013 hanno spiegato Draga\u0161 e Pigano \u2013<em>, tutti si aspettavano di vedere un duello all\u2019ultimo respiro, invece, Tara \u00e8 stata da subito superiore<\/em>\u00bb, questo perch\u00e9, va detto, \u00ab<em>aveva un programma pi\u00f9 competitivo, con valore nella difficolt\u00e0 quasi due punti pi\u00f9 alto rispetto all\u2019avversaria che, invece, ha puntato su esecuzioni pi\u00f9 pulite<\/em>\u00bb<em>. <\/em><\/p>\n<p>Nonostante questo, la farfallina dell\u2019Asu ha avuto la meglio, guadagnandosi cinque medaglie d\u2019oro e due \u201cpersonal best\u201d.<\/p>\n<p>Altra bella novit\u00e0 targata Associazione Sportiva Udinese \u00e8 stata <strong>Nicole Bianchi<\/strong>, un anno pi\u00f9 piccola delle altre tre ginnaste. \u00ab<em>\u00c8 stato il suo primo appuntamento nazionale, ed \u00e8 entrata subito in finale, facendo un risultato oltre ogni aspettativa, ne siamo felicissim<\/em>e\u00bb, hanno concluso le tecniche.<\/p>\n","protected":false},"excerpt":{"rendered":"<p>Exploit a Catania<\/p>\n","protected":false},"author":28,"featured_media":30449,"comment_status":"closed","ping_status":"closed","sticky":false,"template":"","format":"standard","meta":{"dwc-title":[],"dwc-content":[],"footnotes":""},"categories":[38],"tags":[],"class_list":["post-30448","post","type-post","status-publish","format-standard","has-post-thumbnail","hentry","category-sport"],"rttpg_featured_image_url":{"full":["https:\/\/imagazine.it\/wp-content\/uploads\/2024\/01\/31853-1.webp",750,521,false],"landscape":["https:\/\/imagazine.it\/wp-content\/uploads\/2024\/01\/31853-1.webp",750,521,false],"portraits":["https:\/\/imagazine.it\/wp-content\/uploads\/2024\/01\/31853-1.webp",750,521,false],"thumbnail":["https:\/\/imagazine.it\/wp-content\/uploads\/2024\/01\/31853-1-150x150.webp",150,150,true],"medium":["https:\/\/imagazine.it\/wp-content\/uploads\/2024\/01\/31853-1-300x208.webp",300,208,true],"large":["https:\/\/imagazine.it\/wp-content\/uploads\/2024\/01\/31853-1.webp",640,445,false],"thumblist":["https:\/\/imagazine.it\/wp-content\/uploads\/2024\/01\/31853-1.webp",300,208,false],"thumbrelated":["https:\/\/imagazine.it\/wp-content\/uploads\/2024\/01\/31853-1.webp",500,347,false],"meccarouselthumb":["https:\/\/imagazine.it\/wp-content\/uploads\/2024\/01\/31853-1.webp",466,324,false],"gridsquare":["https:\/\/imagazine.it\/wp-content\/uploads\/2024\/01\/31853-1.webp",374,260,false],"tileview":["https:\/\/imagazine.it\/wp-content\/uploads\/2024\/01\/31853-1.webp",300,208,false],"1536x1536":["https:\/\/imagazine.it\/wp-content\/uploads\/2024\/01\/31853-1.webp",750,521,false],"2048x2048":["https:\/\/imagazine.it\/wp-content\/uploads\/2024\/01\/31853-1.webp",750,521,false],"newsup-slider-full":["https:\/\/imagazine.it\/wp-content\/uploads\/2024\/01\/31853-1.webp",750,521,false],"newsup-featured":["https:\/\/imagazine.it\/wp-content\/uploads\/2024\/01\/31853-1.webp",750,521,false],"newsup-medium":["https:\/\/imagazine.it\/wp-content\/uploads\/2024\/01\/31853-1-720x380.webp",720,380,true],"tptn_thumbnail":["https:\/\/imagazine.it\/wp-content\/uploads\/2024\/01\/31853-1.webp",250,174,false],"sow-carousel-default":["https:\/\/imagazine.it\/wp-content\/uploads\/2024\/01\/31853-1-272x182.webp",272,182,true]},"rttpg_author":{"display_name":"redazione","author_link":"https:\/\/imagazine.it\/home_desk\/author\/redazione\/"},"rttpg_comment":0,"rttpg_category":"<a href=\"https:\/\/imagazine.it\/home_desk\/category\/sport\/\" rel=\"category tag\">SPORT<\/a>","rttpg_excerpt":"Exploit a Catania","_links":{"self":[{"href":"https:\/\/imagazine.it\/home_desk\/wp-json\/wp\/v2\/posts\/30448","targetHints":{"allow":["GET"]}}],"collection":[{"href":"https:\/\/imagazine.it\/home_desk\/wp-json\/wp\/v2\/posts"}],"about":[{"href":"https:\/\/imagazine.it\/home_desk\/wp-json\/wp\/v2\/types\/post"}],"author":[{"embeddable":true,"href":"https:\/\/imagazine.it\/home_desk\/wp-json\/wp\/v2\/users\/28"}],"replies":[{"embeddable":true,"href":"https:\/\/imagazine.it\/home_desk\/wp-json\/wp\/v2\/comments?post=30448"}],"version-history":[{"count":0,"href":"https:\/\/imagazine.it\/home_desk\/wp-json\/wp\/v2\/posts\/30448\/revisions"}],"wp:featuredmedia":[{"embeddable":true,"href":"https:\/\/imagazine.it\/home_desk\/wp-json\/wp\/v2\/media\/30449"}],"wp:attachment":[{"href":"https:\/\/imagazine.it\/home_desk\/wp-json\/wp\/v2\/media?parent=30448"}],"wp:term":[{"taxonomy":"category","embeddable":true,"href":"https:\/\/imagazine.it\/home_desk\/wp-json\/wp\/v2\/categories?post=30448"},{"taxonomy":"post_tag","embeddable":true,"href":"https:\/\/imagazine.it\/home_desk\/wp-json\/wp\/v2\/tags?post=30448"}],"curies":[{"name":"wp","href":"https:\/\/api.w.org\/{rel}","templated":true}]}}