{"id":30432,"date":"2019-11-27T00:00:00","date_gmt":"2019-11-26T23:00:00","guid":{"rendered":"https:\/\/imagazine.it\/?p=30432"},"modified":"2019-11-27T00:00:00","modified_gmt":"2019-11-26T23:00:00","slug":"promozione-culturale-e-navale-accordo-tra-monfalcone-e-venezia","status":"publish","type":"post","link":"https:\/\/imagazine.it\/home_desk\/promozione-culturale-e-navale-accordo-tra-monfalcone-e-venezia\/","title":{"rendered":"Promozione culturale e navale, accordo tra Monfalcone e Venezia"},"content":{"rendered":"<p>Il protocollo d\u2019intesa\u00a0con la Fondazione Musei Civici di Venezia \u00e8 stato firmato oggi dal sindaco di Monfalcone, <strong>Anna Maria Cisint<\/strong>, e dalla presidente della Fondazione, <strong>Mariacristina Gribaudi<\/strong>.<\/p>\n<p>\u201cL&#39;obiettivo \u2013 ha sottolineato il sindaco <strong>Cisint<\/strong> \u2013 \u00e8 quello della valorizzazione del\u00a0Museo della Cantieristica e della Galleria Comunale d\u2019Arte Contemporanea, sedi espositive dinamiche in cui si respira l\u2019emozione e il senso di appartenenza e vicinanza alla produzione di grandi navi che veicolano il nome di Monfalcone nel mondo. L&#39;iniziativa si colloca nell&#39;ambito del rilancio culturale della citt\u00e0 di Monfalcone che vede la promozione di grandi eventi espositivi che hanno permesso di arricchire le dotazioni artistiche museali della citt\u00e0 con opere di particolare valore&#8221;.<\/p>\n<p>&#8220;<u><a href=\"http:\/\/www.imagazine.it\/notizie-trieste-gorizia-udine-friuli\/7322\" target=\"_blank\" rel=\"noopener\">Monfalcone e Venezia, due citt\u00e0 affacciate sullo stesso mare<\/a><\/u>, sono legate da una storia antica \u2013 ha aggiunto la presidente<strong> Gribaudi <\/strong>\u2013 e oggi da un intenso dialogo, grazie alla volont\u00e0 delle rispettive Amministrazioni comunali. La nostra collaborazione sapr\u00e0 guardare alla storia custodita dai nostri musei, ma anche al contemporaneo, e a quell&#39;ambito comune che \u00e8 la produzione industriale, in particolare navalmeccanica, elemento simbolo di entrambe le citt\u00e0. La Fondazione persegue come sempre l&#39;apertura al territorio dei Musei, compresi il Museo Storico Navale e le sedi espositive a Mestre, Centro Candiani e Forte Marghera, con connessioni virtuose che producano occasioni di sviluppo e studio, anche oltre i confini regionali\u201d.<\/p>\n<p>\u00a0\u201cNel triennio 2020-2022 \u2013 ha aggiunto l\u2019assessore alla Cultura del Comune di Monfalcone, <strong>Luca Fasan<\/strong> si intende promuovere un\u2019attivit\u00e0 espositiva caratterizzata da grandi mostre. Fra i temi specifici il richiamo iniziale e di grande valore sar\u00e0 dato proprio alla collaborazione con la Fondazione Musei Civici di Venezia, con l\u2019intenzione di realizzare una mostra annuale in stretto legame con le tematiche artistiche e\/o storiche prescelte. La volont\u00e0 \u00e8 quella di intessere fin da subito un rapporto di stretto partenariato con la citt\u00e0 veneziana al fine di portare nelle sedi espositive monfalconesi grandi artisti ed esposizioni itineranti\u201d.<\/p>\n<p>L&#39;accordo di durata quadriennale, finalizzato a promuovere le rispettive sedi museali delle due citt\u00e0, prevede inoltre lo scambio di materiali pertinenti ai rispettivi patrimoni storico-artistici e vedr\u00e0 coinvolte direttamente entrambe le sedi della rete culturale monfalconese: la Galleria e il Museo della Cantieristica.<\/p>\n","protected":false},"excerpt":{"rendered":"<p>Siglato il Protocollo d&#8217;Intesa<\/p>\n","protected":false},"author":22,"featured_media":30433,"comment_status":"closed","ping_status":"closed","sticky":false,"template":"","format":"standard","meta":{"dwc-title":[],"dwc-content":[],"footnotes":""},"categories":[37],"tags":[],"class_list":["post-30432","post","type-post","status-publish","format-standard","has-post-thumbnail","hentry","category-cultura-e-spettacolo"],"rttpg_featured_image_url":{"full":["https:\/\/imagazine.it\/wp-content\/uploads\/2024\/01\/31809-1.webp",750,520,false],"landscape":["https:\/\/imagazine.it\/wp-content\/uploads\/2024\/01\/31809-1.webp",750,520,false],"portraits":["https:\/\/imagazine.it\/wp-content\/uploads\/2024\/01\/31809-1.webp",750,520,false],"thumbnail":["https:\/\/imagazine.it\/wp-content\/uploads\/2024\/01\/31809-1-150x150.webp",150,150,true],"medium":["https:\/\/imagazine.it\/wp-content\/uploads\/2024\/01\/31809-1-300x208.webp",300,208,true],"large":["https:\/\/imagazine.it\/wp-content\/uploads\/2024\/01\/31809-1.webp",640,444,false],"thumblist":["https:\/\/imagazine.it\/wp-content\/uploads\/2024\/01\/31809-1.webp",300,208,false],"thumbrelated":["https:\/\/imagazine.it\/wp-content\/uploads\/2024\/01\/31809-1.webp",500,347,false],"meccarouselthumb":["https:\/\/imagazine.it\/wp-content\/uploads\/2024\/01\/31809-1.webp",467,324,false],"gridsquare":["https:\/\/imagazine.it\/wp-content\/uploads\/2024\/01\/31809-1.webp",375,260,false],"tileview":["https:\/\/imagazine.it\/wp-content\/uploads\/2024\/01\/31809-1.webp",300,208,false],"1536x1536":["https:\/\/imagazine.it\/wp-content\/uploads\/2024\/01\/31809-1.webp",750,520,false],"2048x2048":["https:\/\/imagazine.it\/wp-content\/uploads\/2024\/01\/31809-1.webp",750,520,false],"newsup-slider-full":["https:\/\/imagazine.it\/wp-content\/uploads\/2024\/01\/31809-1.webp",750,520,false],"newsup-featured":["https:\/\/imagazine.it\/wp-content\/uploads\/2024\/01\/31809-1.webp",750,520,false],"newsup-medium":["https:\/\/imagazine.it\/wp-content\/uploads\/2024\/01\/31809-1-720x380.webp",720,380,true],"tptn_thumbnail":["https:\/\/imagazine.it\/wp-content\/uploads\/2024\/01\/31809-1.webp",250,173,false],"sow-carousel-default":["https:\/\/imagazine.it\/wp-content\/uploads\/2024\/01\/31809-1-272x182.webp",272,182,true]},"rttpg_author":{"display_name":"Livio Nonis","author_link":"https:\/\/imagazine.it\/home_desk\/author\/nonis\/"},"rttpg_comment":0,"rttpg_category":"<a href=\"https:\/\/imagazine.it\/home_desk\/category\/cultura-e-spettacolo\/\" rel=\"category tag\">CULTURA&amp;SPETTACOLO<\/a>","rttpg_excerpt":"Siglato il Protocollo d'Intesa","_links":{"self":[{"href":"https:\/\/imagazine.it\/home_desk\/wp-json\/wp\/v2\/posts\/30432","targetHints":{"allow":["GET"]}}],"collection":[{"href":"https:\/\/imagazine.it\/home_desk\/wp-json\/wp\/v2\/posts"}],"about":[{"href":"https:\/\/imagazine.it\/home_desk\/wp-json\/wp\/v2\/types\/post"}],"author":[{"embeddable":true,"href":"https:\/\/imagazine.it\/home_desk\/wp-json\/wp\/v2\/users\/22"}],"replies":[{"embeddable":true,"href":"https:\/\/imagazine.it\/home_desk\/wp-json\/wp\/v2\/comments?post=30432"}],"version-history":[{"count":0,"href":"https:\/\/imagazine.it\/home_desk\/wp-json\/wp\/v2\/posts\/30432\/revisions"}],"wp:featuredmedia":[{"embeddable":true,"href":"https:\/\/imagazine.it\/home_desk\/wp-json\/wp\/v2\/media\/30433"}],"wp:attachment":[{"href":"https:\/\/imagazine.it\/home_desk\/wp-json\/wp\/v2\/media?parent=30432"}],"wp:term":[{"taxonomy":"category","embeddable":true,"href":"https:\/\/imagazine.it\/home_desk\/wp-json\/wp\/v2\/categories?post=30432"},{"taxonomy":"post_tag","embeddable":true,"href":"https:\/\/imagazine.it\/home_desk\/wp-json\/wp\/v2\/tags?post=30432"}],"curies":[{"name":"wp","href":"https:\/\/api.w.org\/{rel}","templated":true}]}}