{"id":30424,"date":"2019-11-26T00:00:00","date_gmt":"2019-11-25T23:00:00","guid":{"rendered":"https:\/\/imagazine.it\/?p=30424"},"modified":"2019-11-26T00:00:00","modified_gmt":"2019-11-25T23:00:00","slug":"le-telecamere-rai-su-elicotteri-friulani","status":"publish","type":"post","link":"https:\/\/imagazine.it\/home_desk\/le-telecamere-rai-su-elicotteri-friulani\/","title":{"rendered":"Le telecamere RAI su elicotteri friulani"},"content":{"rendered":"<p>Una vetrina di prestigio per <strong>Helica<\/strong>. L&#39;azienda di Amaro, specializzata nel telerilevamento aereo, sar\u00e0 tra le protagoniste della trasmissione <strong>Linea Verde Life<\/strong>, in programma su <strong><em>Rai Uno<\/em><\/strong>.<\/p>\n<p>Nella puntata del <strong>30 novembre, alle 12.20,<\/strong> la citt\u00e0 protagonista della settimana sar\u00e0 Udine, ma la troupe Rai ha deciso di deviare verso la Carnia proprio per documentare l&#39;attivit\u00e0 di Helica. Nonostante il tempo inclemente, dal piazzale sul retro dello stabilimento carnico si \u00e8 alzato in volo un elicottero As350 con a bordo il direttore generale di Helica, <strong>Stefano Adami<\/strong>, e il conduttore di Linea Verde Life, <strong>Marcello Masi<\/strong>, accompagnati dal pilota in forza all&#39;azienda amarese e ai tecnici televisivi.<\/p>\n<p>\u00abAbbiamo sorvolato parte del Tagliamento &#8211; anticipa il direttore &#8211; e ho parlato di telerilevamento aereo e green management. Un&#39;esperienza insolita e straordinaria\u00bb.<\/p>\n<p>Per l&#39;impresa carnica &#8211; detenuta oggi per il 49% dal <strong>Gruppo Riel<\/strong> di Tavagnacco, impegnato nell&#39;ambito delle infrastrutture legate a telecomunicazioni ed energia &#8211; un&#39;opportunit\u00e0 di visibilit\u00e0 notevole: \u00abPer noi &#8211; conclude Adami &#8211; \u00e8 una vetrina di rilievo, ma \u00e8 soprattutto un orgoglio essere stati scelti per un programma cos\u00ec seguito e apprezzato. Siamo fieri di aver raccontato una storia tutta friulana e di grande successo dal 2000 a oggi\u00bb.<\/p>\n<p>\u00abSiamo qua &#8211; ha aggiunto il conduttore <strong>Marcello Masi<\/strong> &#8211; perch\u00e9 con Linea Verde Life siamo alla ricerca in Italia di tutto ci\u00f2 che migliora la vita. Ci occupiamo non soltanto di sostenibilit\u00e0 ambientale, ma anche di tecnologie e innovazioni utili a un migliore controllo del territorio e dedicati alla prevenzione dei rischi legati, per esempio, al dissesto idrogeologico. Helica, in questo contesto, calza a pennello: \u00e8 una realt\u00e0 che ci ha subito incuriositi\u00bb.<\/p>\n<p><a href=\"http:\/\/imagazinevideotruck.it\/outlet\/relink.html\" target=\"_top\" rel=\"noopener\"><img loading=\"lazy\" decoding=\"async\" align=\"LEFT\" height=\"250\" src=\"http:\/\/imagazinevideotruck.it\/outlet\/outlet30.gif\" width=\"300\" alt=\"\" title=\"\"><\/a><\/p>\n<p>\u00a0<\/p>\n<p>\u00a0<\/p>\n<p>\u00a0<\/p>\n<p>\u00a0<\/p>\n<p>\u00a0<\/p>\n<p>\u00a0<\/p>\n<p>\u00a0<\/p>\n<p>\u00a0<\/p>\n<p>\u00a0<\/p>\n<p>Assieme a lui, ad Amaro \u00e8 giunta una troupe con oltre una decina di persone al seguito. Una giornata particolare, quella vissuta di recente, anche per lo staff di Helica che si \u00e8 messo a disposizione per supportare le esigenze televisive.<\/p>\n","protected":false},"excerpt":{"rendered":"<p>Riflettori accesi su Helica<\/p>\n","protected":false},"author":28,"featured_media":30425,"comment_status":"closed","ping_status":"closed","sticky":false,"template":"","format":"standard","meta":{"dwc-title":[],"dwc-content":[],"footnotes":""},"categories":[37],"tags":[],"class_list":["post-30424","post","type-post","status-publish","format-standard","has-post-thumbnail","hentry","category-cultura-e-spettacolo"],"rttpg_featured_image_url":{"full":["https:\/\/imagazine.it\/wp-content\/uploads\/2024\/01\/31796-1.webp",750,501,false],"landscape":["https:\/\/imagazine.it\/wp-content\/uploads\/2024\/01\/31796-1.webp",750,501,false],"portraits":["https:\/\/imagazine.it\/wp-content\/uploads\/2024\/01\/31796-1.webp",750,501,false],"thumbnail":["https:\/\/imagazine.it\/wp-content\/uploads\/2024\/01\/31796-1-150x150.webp",150,150,true],"medium":["https:\/\/imagazine.it\/wp-content\/uploads\/2024\/01\/31796-1-300x200.webp",300,200,true],"large":["https:\/\/imagazine.it\/wp-content\/uploads\/2024\/01\/31796-1.webp",640,428,false],"thumblist":["https:\/\/imagazine.it\/wp-content\/uploads\/2024\/01\/31796-1.webp",300,200,false],"thumbrelated":["https:\/\/imagazine.it\/wp-content\/uploads\/2024\/01\/31796-1.webp",500,334,false],"meccarouselthumb":["https:\/\/imagazine.it\/wp-content\/uploads\/2024\/01\/31796-1.webp",474,317,false],"gridsquare":["https:\/\/imagazine.it\/wp-content\/uploads\/2024\/01\/31796-1.webp",389,260,false],"tileview":["https:\/\/imagazine.it\/wp-content\/uploads\/2024\/01\/31796-1.webp",300,200,false],"1536x1536":["https:\/\/imagazine.it\/wp-content\/uploads\/2024\/01\/31796-1.webp",750,501,false],"2048x2048":["https:\/\/imagazine.it\/wp-content\/uploads\/2024\/01\/31796-1.webp",750,501,false],"newsup-slider-full":["https:\/\/imagazine.it\/wp-content\/uploads\/2024\/01\/31796-1.webp",750,501,false],"newsup-featured":["https:\/\/imagazine.it\/wp-content\/uploads\/2024\/01\/31796-1.webp",750,501,false],"newsup-medium":["https:\/\/imagazine.it\/wp-content\/uploads\/2024\/01\/31796-1-720x380.webp",720,380,true],"tptn_thumbnail":["https:\/\/imagazine.it\/wp-content\/uploads\/2024\/01\/31796-1.webp",250,167,false],"sow-carousel-default":["https:\/\/imagazine.it\/wp-content\/uploads\/2024\/01\/31796-1-272x182.webp",272,182,true]},"rttpg_author":{"display_name":"redazione","author_link":"https:\/\/imagazine.it\/home_desk\/author\/redazione\/"},"rttpg_comment":0,"rttpg_category":"<a href=\"https:\/\/imagazine.it\/home_desk\/category\/cultura-e-spettacolo\/\" rel=\"category tag\">CULTURA&amp;SPETTACOLO<\/a>","rttpg_excerpt":"Riflettori accesi su Helica","_links":{"self":[{"href":"https:\/\/imagazine.it\/home_desk\/wp-json\/wp\/v2\/posts\/30424","targetHints":{"allow":["GET"]}}],"collection":[{"href":"https:\/\/imagazine.it\/home_desk\/wp-json\/wp\/v2\/posts"}],"about":[{"href":"https:\/\/imagazine.it\/home_desk\/wp-json\/wp\/v2\/types\/post"}],"author":[{"embeddable":true,"href":"https:\/\/imagazine.it\/home_desk\/wp-json\/wp\/v2\/users\/28"}],"replies":[{"embeddable":true,"href":"https:\/\/imagazine.it\/home_desk\/wp-json\/wp\/v2\/comments?post=30424"}],"version-history":[{"count":0,"href":"https:\/\/imagazine.it\/home_desk\/wp-json\/wp\/v2\/posts\/30424\/revisions"}],"wp:featuredmedia":[{"embeddable":true,"href":"https:\/\/imagazine.it\/home_desk\/wp-json\/wp\/v2\/media\/30425"}],"wp:attachment":[{"href":"https:\/\/imagazine.it\/home_desk\/wp-json\/wp\/v2\/media?parent=30424"}],"wp:term":[{"taxonomy":"category","embeddable":true,"href":"https:\/\/imagazine.it\/home_desk\/wp-json\/wp\/v2\/categories?post=30424"},{"taxonomy":"post_tag","embeddable":true,"href":"https:\/\/imagazine.it\/home_desk\/wp-json\/wp\/v2\/tags?post=30424"}],"curies":[{"name":"wp","href":"https:\/\/api.w.org\/{rel}","templated":true}]}}