{"id":30410,"date":"2019-11-22T00:00:00","date_gmt":"2019-11-21T23:00:00","guid":{"rendered":"https:\/\/imagazine.it\/?p=30410"},"modified":"2019-11-22T00:00:00","modified_gmt":"2019-11-21T23:00:00","slug":"fvg-cresce-lexport-verso-lindia","status":"publish","type":"post","link":"https:\/\/imagazine.it\/home_desk\/fvg-cresce-lexport-verso-lindia\/","title":{"rendered":"FVG, cresce l&#8217;export verso l&#8217;India"},"content":{"rendered":"<p align=\"left\"><strong>Reenat<\/strong><strong> Sandhu<\/strong>, ambasciatrice d\u2019India in Italia, e <strong>Binoy George<\/strong>, console generale d\u2019India a Milano, sono stati ospiti oggi di Confindustria Udine, accolti dalla presidente <strong>Anna Mareschi Danieli<\/strong>.<\/p>\n<p align=\"left\">Al centro dell\u2019incontro istituzionale una panoramica sui rapporti economico-industriali tra Italia e India, con particolare riguardo anche agli interscambi commerciali del nostro territorio.<\/p>\n<p align=\"left\">Nel primo semestre 2019, <strong>l\u2019export del Friuli Venezia Giulia verso l\u2019India<\/strong>, che ammonta a 65 milioni 212 mila euro, \u00e8 <strong>cresciuto del 7,7%<\/strong> (media italiana +5,2%) rispetto ai primi due trimestri del 2018, trainato dalla <strong>vendita di macchinari e apparecchiature<\/strong> (37 milioni 430 mila euro, +0,8%) e da <strong>prodotti della metallurgia<\/strong> (12 milioni 219 mila euro, +11,6%).<\/p>\n<p><a href=\"http:\/\/imagazinevideotruck.it\/outlet\/relink.html\" target=\"_top\" rel=\"noopener\"><img loading=\"lazy\" decoding=\"async\" align=\"LEFT\" height=\"250\" src=\"http:\/\/imagazinevideotruck.it\/outlet\/outlet30.gif\" width=\"300\" alt=\"\" title=\"\"><\/a><\/p>\n<p align=\"left\">\u00a0<\/p>\n<p align=\"left\">\u00a0<\/p>\n<p align=\"left\">\u00a0<\/p>\n<p align=\"left\">\u00a0<\/p>\n<p align=\"left\">\u00a0<\/p>\n<p align=\"left\">\u00a0<\/p>\n<p align=\"left\">\u00a0<\/p>\n<p align=\"left\">\u00a0<\/p>\n<p align=\"left\">\u00a0<\/p>\n<p align=\"left\">\u201cL\u2019India \u2013 ha commentato la presidente Mareschi Danieli, dopo aver illustrato ai diplomatici le caratteristiche del sistema industriale e produttivo friulano \u2013 rappresenta un mercato dalle significative potenzialit\u00e0, per l\u2019ampiezza dei margini di inserimento che esso offre, e fa registrare una crescita per l\u2019export delle nostre imprese, pur in presenza di importanti criticit\u00e0. Carenza di connessioni infrastrutturali tra le citt\u00e0 e le aree industriali, sistema bancario rigido, difficolt\u00e0 ad ottenere garanzie sui crediti e complessit\u00e0 burocratica sono i principali ostacoli agli investimenti esteri in India. Al di l\u00e0 delle criticit\u00e0 del sistema Paese, al momento gli investimenti in India restano difficilmente approcciabili per le nostre imprese. Ci\u00f2 non toglie che le opportunit\u00e0 siano molte e importanti anche per il nostro sistema produttivo\u201d.<\/p>\n<p align=\"left\">Si stima che, attualmente, siano operative <strong>oltre 600 entit\u00e0 legali e stabilimenti italiani in India<\/strong>, presenti sotto tre forme principali: sussidiarie possedute al 100%, joint ventures o uffici commerciali di rappresentanza.<\/p>\n<p>Anche l\u2019interscambio commerciale tra Italia e India \u00e8 in continua crescita. L\u2019<strong>Italia<\/strong> \u00e8 il <strong>quinto partner commerciale <\/strong>di Nuova Delhi <strong>tra i Paesi UE<\/strong> (dopo Germania, Belgio, Regno Unito e Francia). Tra i settori strategici per <strong>l\u2019internazionalizzazione delle imprese italiane<\/strong> si segnalano le <strong>infrastrutture<\/strong>, la <strong>meccanica e meccatronica<\/strong>, le <strong>energie rinnovabili<\/strong>, il <strong>comparto automobilistico<\/strong>, il <strong>settore delle tecnologie agroalimentari<\/strong> e dell\u2019<strong>ICT<\/strong>. \u00a0Macchinari e apparecchi continuano a rappresentare la prima voce dell\u2019export italiano in India, con una quota attorno al 40%; oltre un quarto delle <strong>importazioni italiane<\/strong> dall\u2019India rientrano invece nella <strong>categoria tessile-abbigliamento-accessori in pelle<\/strong>.\u00a0<\/p>\n","protected":false},"excerpt":{"rendered":"<p>Incontro a Palazzo Torriani<\/p>\n","protected":false},"author":28,"featured_media":30411,"comment_status":"closed","ping_status":"closed","sticky":false,"template":"","format":"standard","meta":{"dwc-title":[],"dwc-content":[],"footnotes":""},"categories":[5],"tags":[],"class_list":["post-30410","post","type-post","status-publish","format-standard","has-post-thumbnail","hentry","category-attualita"],"rttpg_featured_image_url":{"full":["https:\/\/imagazine.it\/wp-content\/uploads\/2024\/01\/31761-1.webp",750,501,false],"landscape":["https:\/\/imagazine.it\/wp-content\/uploads\/2024\/01\/31761-1.webp",750,501,false],"portraits":["https:\/\/imagazine.it\/wp-content\/uploads\/2024\/01\/31761-1.webp",750,501,false],"thumbnail":["https:\/\/imagazine.it\/wp-content\/uploads\/2024\/01\/31761-1-150x150.webp",150,150,true],"medium":["https:\/\/imagazine.it\/wp-content\/uploads\/2024\/01\/31761-1-300x200.webp",300,200,true],"large":["https:\/\/imagazine.it\/wp-content\/uploads\/2024\/01\/31761-1.webp",640,428,false],"thumblist":["https:\/\/imagazine.it\/wp-content\/uploads\/2024\/01\/31761-1.webp",300,200,false],"thumbrelated":["https:\/\/imagazine.it\/wp-content\/uploads\/2024\/01\/31761-1.webp",500,334,false],"meccarouselthumb":["https:\/\/imagazine.it\/wp-content\/uploads\/2024\/01\/31761-1.webp",474,317,false],"gridsquare":["https:\/\/imagazine.it\/wp-content\/uploads\/2024\/01\/31761-1.webp",389,260,false],"tileview":["https:\/\/imagazine.it\/wp-content\/uploads\/2024\/01\/31761-1.webp",300,200,false],"1536x1536":["https:\/\/imagazine.it\/wp-content\/uploads\/2024\/01\/31761-1.webp",750,501,false],"2048x2048":["https:\/\/imagazine.it\/wp-content\/uploads\/2024\/01\/31761-1.webp",750,501,false],"newsup-slider-full":["https:\/\/imagazine.it\/wp-content\/uploads\/2024\/01\/31761-1.webp",750,501,false],"newsup-featured":["https:\/\/imagazine.it\/wp-content\/uploads\/2024\/01\/31761-1.webp",750,501,false],"newsup-medium":["https:\/\/imagazine.it\/wp-content\/uploads\/2024\/01\/31761-1-720x380.webp",720,380,true],"tptn_thumbnail":["https:\/\/imagazine.it\/wp-content\/uploads\/2024\/01\/31761-1.webp",250,167,false],"sow-carousel-default":["https:\/\/imagazine.it\/wp-content\/uploads\/2024\/01\/31761-1-272x182.webp",272,182,true]},"rttpg_author":{"display_name":"redazione","author_link":"https:\/\/imagazine.it\/home_desk\/author\/redazione\/"},"rttpg_comment":0,"rttpg_category":"<a href=\"https:\/\/imagazine.it\/home_desk\/category\/attualita\/\" rel=\"category tag\">ATTUALIT\u00c0<\/a>","rttpg_excerpt":"Incontro a Palazzo Torriani","_links":{"self":[{"href":"https:\/\/imagazine.it\/home_desk\/wp-json\/wp\/v2\/posts\/30410","targetHints":{"allow":["GET"]}}],"collection":[{"href":"https:\/\/imagazine.it\/home_desk\/wp-json\/wp\/v2\/posts"}],"about":[{"href":"https:\/\/imagazine.it\/home_desk\/wp-json\/wp\/v2\/types\/post"}],"author":[{"embeddable":true,"href":"https:\/\/imagazine.it\/home_desk\/wp-json\/wp\/v2\/users\/28"}],"replies":[{"embeddable":true,"href":"https:\/\/imagazine.it\/home_desk\/wp-json\/wp\/v2\/comments?post=30410"}],"version-history":[{"count":0,"href":"https:\/\/imagazine.it\/home_desk\/wp-json\/wp\/v2\/posts\/30410\/revisions"}],"wp:featuredmedia":[{"embeddable":true,"href":"https:\/\/imagazine.it\/home_desk\/wp-json\/wp\/v2\/media\/30411"}],"wp:attachment":[{"href":"https:\/\/imagazine.it\/home_desk\/wp-json\/wp\/v2\/media?parent=30410"}],"wp:term":[{"taxonomy":"category","embeddable":true,"href":"https:\/\/imagazine.it\/home_desk\/wp-json\/wp\/v2\/categories?post=30410"},{"taxonomy":"post_tag","embeddable":true,"href":"https:\/\/imagazine.it\/home_desk\/wp-json\/wp\/v2\/tags?post=30410"}],"curies":[{"name":"wp","href":"https:\/\/api.w.org\/{rel}","templated":true}]}}