{"id":30406,"date":"2019-11-22T00:00:00","date_gmt":"2019-11-21T23:00:00","guid":{"rendered":"https:\/\/imagazine.it\/?p=30406"},"modified":"2019-11-22T00:00:00","modified_gmt":"2019-11-21T23:00:00","slug":"gorizia-e-cormons-salutano-il-borgo-di-caselonghe","status":"publish","type":"post","link":"https:\/\/imagazine.it\/home_desk\/gorizia-e-cormons-salutano-il-borgo-di-caselonghe\/","title":{"rendered":"Gorizia e Corm\u00f2ns salutano il borgo di Caselonghe"},"content":{"rendered":"<p>\u00c8 stata la serie tv pi\u00f9 lunga mai girata in FVG, <u><a href=\"http:\/\/www.imagazine.it\/notizie-trieste-gorizia-udine-friuli\/6506\" target=\"_blank\" rel=\"noopener\">con riprese realizzate tra Gorizia, Corm\u00f2ns e la Slovenia, da settembre 2018 a febbraio 2019<\/a><\/u>. Pi\u00f9 di 120 giornate di shooting che hanno coinvolto maestranze, tecnici, attori e comparse di tutta la regione. Un successo di pubblico per Rai Due e Rai Play: \u00e8 la serie <strong><em>Volevo fare la rockstar<\/em><\/strong>, e il <strong>4 dicembre<\/strong> vorr\u00e0 rendere onore alle due localit\u00e0 &#8211; diventate sul piccolo schermo il borgo di <strong>Caselonghe &#8211;<\/strong> con due serate di gala al <strong>Kinemax <\/strong>di<strong> Gorizia <\/strong>e al<strong> Teatro Comunale <\/strong>di<strong> Corm\u00f2ns<\/strong>, organizzate da <strong>FVG Film Commission<\/strong>, <strong>Comune di Gorizia <\/strong>e<strong> Comune di Corm\u00f2ns<\/strong>, in collaborazione con <strong>Pepito Produzioni<\/strong>.<\/p>\n<p>In contemporanea alla messa in onda su Rai 2, il pubblico potr\u00e0 infatti godersi l\u2019ultima puntata della serie nella duplice proiezione goriziana e cormonese, con ospiti d\u2019eccezione: il regista <strong>Matteo Oleotto<\/strong> e gli interpreti <strong>Valentina Bell\u00e8 <\/strong>(Olivia),<strong> Emanuela Grimalda <\/strong>(Nadja),<strong> Caterina Baccicchetto<\/strong> e <strong>Viola Mestriner<\/strong> (Emma e Viola).<\/p>\n<p>Altre presenze del cast potrebbero essere annunciate nei prossimi giorni.<\/p>\n<p><a href=\"http:\/\/imagazinevideotruck.it\/outlet\/relink.html\" target=\"_top\" rel=\"noopener\"><img loading=\"lazy\" decoding=\"async\" align=\"LEFT\" height=\"250\" src=\"http:\/\/imagazinevideotruck.it\/outlet\/outlet30.gif\" width=\"300\" alt=\"\" title=\"\"><\/a><\/p>\n<p>\u00a0<\/p>\n<p>\u00a0<\/p>\n<p>\u00a0<\/p>\n<p>\u00a0<\/p>\n<p>\u00a0<\/p>\n<p>\u00a0<\/p>\n<p>\u00a0<\/p>\n<p>\u00a0<\/p>\n<p>\u00a0<\/p>\n<p>Il regista e il cast saluteranno il pubblico in apertura di serata a Corm\u00f2ns, per poi incontrare il pubblico di Gorizia a fine proiezione.<\/p>\n<p><strong><em>Volevo fare la rockstar<\/em><\/strong>, secondo le stime rese note da FVG Film Commission, ha portato sul territorio un indotto economico che sfiora i 4 milioni di euro, e ha impiegato continuativamente sul set 35 professionisti locali (pi\u00f9 di met\u00e0 della troupe totale), senza contare le decine di attori del Friuli Venezia Giulia e le 1.700 comparse.<\/p>\n<p>Al <strong>Kinemax di Gorizia<\/strong> la proiezione avr\u00e0 inizio alle ore 21.40, e i biglietti per la serata saranno in distribuzione <strong>gratuita<\/strong> (fino a esaurimento posti) a partire dal <strong>25 novembre<\/strong> presso la biglietteria del cinema (negli orari di normale apertura). La sala sar\u00e0 accessibile dalle ore 21.<\/p>\n<p>La serata aI <strong>Teatro Comunale di Corm\u00f2ns<\/strong>, che non prevede prevendita, avr\u00e0 inizio alle ore 21.15, ma l\u2019ingresso al teatro (gratuito fino a esaurimento posti) sar\u00e0 possibile dalle ore 20.30.<\/p>\n","protected":false},"excerpt":{"rendered":"<p>Il 4 dicembre doppio evento<\/p>\n","protected":false},"author":28,"featured_media":30407,"comment_status":"closed","ping_status":"closed","sticky":false,"template":"","format":"standard","meta":{"dwc-title":[],"dwc-content":[],"footnotes":""},"categories":[37],"tags":[],"class_list":["post-30406","post","type-post","status-publish","format-standard","has-post-thumbnail","hentry","category-cultura-e-spettacolo"],"rttpg_featured_image_url":{"full":["https:\/\/imagazine.it\/wp-content\/uploads\/2024\/01\/31758-1.webp",750,491,false],"landscape":["https:\/\/imagazine.it\/wp-content\/uploads\/2024\/01\/31758-1.webp",750,491,false],"portraits":["https:\/\/imagazine.it\/wp-content\/uploads\/2024\/01\/31758-1.webp",750,491,false],"thumbnail":["https:\/\/imagazine.it\/wp-content\/uploads\/2024\/01\/31758-1-150x150.webp",150,150,true],"medium":["https:\/\/imagazine.it\/wp-content\/uploads\/2024\/01\/31758-1-300x196.webp",300,196,true],"large":["https:\/\/imagazine.it\/wp-content\/uploads\/2024\/01\/31758-1.webp",640,419,false],"thumblist":["https:\/\/imagazine.it\/wp-content\/uploads\/2024\/01\/31758-1.webp",300,196,false],"thumbrelated":["https:\/\/imagazine.it\/wp-content\/uploads\/2024\/01\/31758-1.webp",500,327,false],"meccarouselthumb":["https:\/\/imagazine.it\/wp-content\/uploads\/2024\/01\/31758-1.webp",474,310,false],"gridsquare":["https:\/\/imagazine.it\/wp-content\/uploads\/2024\/01\/31758-1.webp",391,256,false],"tileview":["https:\/\/imagazine.it\/wp-content\/uploads\/2024\/01\/31758-1.webp",300,196,false],"1536x1536":["https:\/\/imagazine.it\/wp-content\/uploads\/2024\/01\/31758-1.webp",750,491,false],"2048x2048":["https:\/\/imagazine.it\/wp-content\/uploads\/2024\/01\/31758-1.webp",750,491,false],"newsup-slider-full":["https:\/\/imagazine.it\/wp-content\/uploads\/2024\/01\/31758-1.webp",750,491,false],"newsup-featured":["https:\/\/imagazine.it\/wp-content\/uploads\/2024\/01\/31758-1.webp",750,491,false],"newsup-medium":["https:\/\/imagazine.it\/wp-content\/uploads\/2024\/01\/31758-1-720x380.webp",720,380,true],"tptn_thumbnail":["https:\/\/imagazine.it\/wp-content\/uploads\/2024\/01\/31758-1.webp",250,164,false],"sow-carousel-default":["https:\/\/imagazine.it\/wp-content\/uploads\/2024\/01\/31758-1-272x182.webp",272,182,true]},"rttpg_author":{"display_name":"redazione","author_link":"https:\/\/imagazine.it\/home_desk\/author\/redazione\/"},"rttpg_comment":0,"rttpg_category":"<a href=\"https:\/\/imagazine.it\/home_desk\/category\/cultura-e-spettacolo\/\" rel=\"category tag\">CULTURA&amp;SPETTACOLO<\/a>","rttpg_excerpt":"Il 4 dicembre doppio evento","_links":{"self":[{"href":"https:\/\/imagazine.it\/home_desk\/wp-json\/wp\/v2\/posts\/30406","targetHints":{"allow":["GET"]}}],"collection":[{"href":"https:\/\/imagazine.it\/home_desk\/wp-json\/wp\/v2\/posts"}],"about":[{"href":"https:\/\/imagazine.it\/home_desk\/wp-json\/wp\/v2\/types\/post"}],"author":[{"embeddable":true,"href":"https:\/\/imagazine.it\/home_desk\/wp-json\/wp\/v2\/users\/28"}],"replies":[{"embeddable":true,"href":"https:\/\/imagazine.it\/home_desk\/wp-json\/wp\/v2\/comments?post=30406"}],"version-history":[{"count":0,"href":"https:\/\/imagazine.it\/home_desk\/wp-json\/wp\/v2\/posts\/30406\/revisions"}],"wp:featuredmedia":[{"embeddable":true,"href":"https:\/\/imagazine.it\/home_desk\/wp-json\/wp\/v2\/media\/30407"}],"wp:attachment":[{"href":"https:\/\/imagazine.it\/home_desk\/wp-json\/wp\/v2\/media?parent=30406"}],"wp:term":[{"taxonomy":"category","embeddable":true,"href":"https:\/\/imagazine.it\/home_desk\/wp-json\/wp\/v2\/categories?post=30406"},{"taxonomy":"post_tag","embeddable":true,"href":"https:\/\/imagazine.it\/home_desk\/wp-json\/wp\/v2\/tags?post=30406"}],"curies":[{"name":"wp","href":"https:\/\/api.w.org\/{rel}","templated":true}]}}