{"id":30404,"date":"2019-11-22T00:00:00","date_gmt":"2019-11-21T23:00:00","guid":{"rendered":"https:\/\/imagazine.it\/?p=30404"},"modified":"2019-11-22T00:00:00","modified_gmt":"2019-11-21T23:00:00","slug":"trieste-gli-studenti-diventano-amministratori","status":"publish","type":"post","link":"https:\/\/imagazine.it\/home_desk\/trieste-gli-studenti-diventano-amministratori\/","title":{"rendered":"Trieste, gli studenti diventano amministratori"},"content":{"rendered":"<p align=\"JUSTIFY\">Nella Sala consigliare \u00e8 avvenuta la proclamazione ufficiale e il via ai lavori del Quarto Consiglio Comunale delle Ragazze e dei Ragazzi del Comune di Trieste, alla presenza del sindaco <strong>Roberto Dipiazza<\/strong>, di <strong>Angela Brandi<\/strong>, assessore alla Scuola, Educazione, Universit\u00e0 e Ricerca, Decentramento e del presidente del Consiglio Comunale <strong>Francesco Di Paola Panteca<\/strong>.<\/p>\n<p align=\"JUSTIFY\">Il Consiglio Comunale delle Ragazze e dei Ragazzi (CCRR) \u00e8 un organo istituzionale del Comune di Trieste dal 2014. Nato da un percorso educativo che consente la partecipazione dei pi\u00f9 giovani alla vita politica della citt\u00e0, si ispira all\u2019articolo 12 della Convenzione Internazionale ONU sui Diritti dell\u2019Infanzia e dell\u2019Adolescenza, siglata a New York il 20 novembre 1989 e ratificata dall\u2019Italia con legge 176\/91.<\/p>\n<p><a href=\"http:\/\/imagazinevideotruck.it\/outlet\/relink.html\" target=\"_top\" rel=\"noopener\"><img loading=\"lazy\" decoding=\"async\" align=\"LEFT\" height=\"250\" src=\"http:\/\/imagazinevideotruck.it\/outlet\/outlet30.gif\" width=\"300\" alt=\"\" title=\"\"><\/a><\/p>\n<p align=\"JUSTIFY\">\u00a0<\/p>\n<p align=\"JUSTIFY\">\u00a0<\/p>\n<p align=\"JUSTIFY\">\u00a0<\/p>\n<p align=\"JUSTIFY\">\u00a0<\/p>\n<p align=\"JUSTIFY\">\u00a0<\/p>\n<p align=\"JUSTIFY\">\u00a0<\/p>\n<p align=\"JUSTIFY\">\u00a0<\/p>\n<p align=\"JUSTIFY\">\u00a0<\/p>\n<p align=\"JUSTIFY\">\u00a0<\/p>\n<p align=\"JUSTIFY\">Scopo del progetto \u00e8 quello di promuovere relazioni di scambio e confronto tra i bambini e i ragazzi stessi e fra loro e gli adulti, sulla base di problemi reali, per rendere i pi\u00f9 giovani protagonisti delle decisioni che li riguardano direttamente. \u00c8 un percorso educativo biennale per la costituzione di un organo di partecipazione alla vita pubblica delle ragazze e dei ragazzi dai 9 ai 14 anni, per proporre al sindaco e agli amministratori idee per migliorare la citt\u00e0 a misura di bambino e di ragazzo.<\/p>\n<p align=\"JUSTIFY\">Attraverso una serie di incontri, organizzati e moderati dalla SISSA Medialab \u2013 hanno spiegato <strong>Enrico Balli<\/strong> e <strong>Simona Cerrato<\/strong> di Sissa Medialab \u2013 i giovani Consiglieri si confronteranno tra loro discutendo idee, progetti e proposte concrete di miglioramento della citt\u00e0 su alcuni temi specifici, sviluppando in tale percorso il loro senso di appartenenza alla comunit\u00e0, il loro diritto di partecipazione e maturando il concetto di democrazia.<\/p>\n<p align=\"JUSTIFY\">Nel progetto sono coinvolti anche gli insegnanti che seguiranno le attivit\u00e0 supportando i consiglieri nel loro lavoro di comunicazione e confronto con gli studenti elettori e le scuole coinvolte nel progetto.<\/p>\n<p align=\"JUSTIFY\">I 21 neo-eletti Consiglieri e 4 vice in rappresentanza delle 7 scuole del Comune di Trieste (Corsi, Dante, Stuparich; Stock, Beata Vergine, Bergamas, Fonda Savio-Manzoni) che hanno aderito al progetto, guidati dai facilitatori della Sissa Medialab, inizieranno le sessioni il 6 dicembre con un incontro con le insegnanti responsabili e il 12 dicembre con la prima assemblea nella sede del CCRR, che per questo biennio \u00e8 stata individuata nello Spazio TCC (Trieste Citt\u00e0 della Conoscenza) di Piazza della Libert\u00e0 8.<\/p>\n<p align=\"JUSTIFY\">Info e aggiornamenti: <u><a href=\"http:\/\/ccrr.online.trieste.it\/\" target=\"_blank\" rel=\"noopener\">http:\/\/ccrr.online.trieste.it<\/a><\/u><\/p>\n","protected":false},"excerpt":{"rendered":"<p>Proclamazione ufficiale in municipio<\/p>\n","protected":false},"author":28,"featured_media":30405,"comment_status":"closed","ping_status":"closed","sticky":false,"template":"","format":"standard","meta":{"dwc-title":[],"dwc-content":[],"footnotes":""},"categories":[5],"tags":[],"class_list":["post-30404","post","type-post","status-publish","format-standard","has-post-thumbnail","hentry","category-attualita"],"rttpg_featured_image_url":{"full":["https:\/\/imagazine.it\/wp-content\/uploads\/2024\/01\/31756-1.webp",750,500,false],"landscape":["https:\/\/imagazine.it\/wp-content\/uploads\/2024\/01\/31756-1.webp",750,500,false],"portraits":["https:\/\/imagazine.it\/wp-content\/uploads\/2024\/01\/31756-1.webp",750,500,false],"thumbnail":["https:\/\/imagazine.it\/wp-content\/uploads\/2024\/01\/31756-1-150x150.webp",150,150,true],"medium":["https:\/\/imagazine.it\/wp-content\/uploads\/2024\/01\/31756-1-300x200.webp",300,200,true],"large":["https:\/\/imagazine.it\/wp-content\/uploads\/2024\/01\/31756-1.webp",640,427,false],"thumblist":["https:\/\/imagazine.it\/wp-content\/uploads\/2024\/01\/31756-1.webp",300,200,false],"thumbrelated":["https:\/\/imagazine.it\/wp-content\/uploads\/2024\/01\/31756-1.webp",500,333,false],"meccarouselthumb":["https:\/\/imagazine.it\/wp-content\/uploads\/2024\/01\/31756-1.webp",474,316,false],"gridsquare":["https:\/\/imagazine.it\/wp-content\/uploads\/2024\/01\/31756-1.webp",391,260,false],"tileview":["https:\/\/imagazine.it\/wp-content\/uploads\/2024\/01\/31756-1.webp",300,200,false],"1536x1536":["https:\/\/imagazine.it\/wp-content\/uploads\/2024\/01\/31756-1.webp",750,500,false],"2048x2048":["https:\/\/imagazine.it\/wp-content\/uploads\/2024\/01\/31756-1.webp",750,500,false],"newsup-slider-full":["https:\/\/imagazine.it\/wp-content\/uploads\/2024\/01\/31756-1.webp",750,500,false],"newsup-featured":["https:\/\/imagazine.it\/wp-content\/uploads\/2024\/01\/31756-1.webp",750,500,false],"newsup-medium":["https:\/\/imagazine.it\/wp-content\/uploads\/2024\/01\/31756-1-720x380.webp",720,380,true],"tptn_thumbnail":["https:\/\/imagazine.it\/wp-content\/uploads\/2024\/01\/31756-1.webp",250,167,false],"sow-carousel-default":["https:\/\/imagazine.it\/wp-content\/uploads\/2024\/01\/31756-1-272x182.webp",272,182,true]},"rttpg_author":{"display_name":"redazione","author_link":"https:\/\/imagazine.it\/home_desk\/author\/redazione\/"},"rttpg_comment":0,"rttpg_category":"<a href=\"https:\/\/imagazine.it\/home_desk\/category\/attualita\/\" rel=\"category tag\">ATTUALIT\u00c0<\/a>","rttpg_excerpt":"Proclamazione ufficiale in municipio","_links":{"self":[{"href":"https:\/\/imagazine.it\/home_desk\/wp-json\/wp\/v2\/posts\/30404","targetHints":{"allow":["GET"]}}],"collection":[{"href":"https:\/\/imagazine.it\/home_desk\/wp-json\/wp\/v2\/posts"}],"about":[{"href":"https:\/\/imagazine.it\/home_desk\/wp-json\/wp\/v2\/types\/post"}],"author":[{"embeddable":true,"href":"https:\/\/imagazine.it\/home_desk\/wp-json\/wp\/v2\/users\/28"}],"replies":[{"embeddable":true,"href":"https:\/\/imagazine.it\/home_desk\/wp-json\/wp\/v2\/comments?post=30404"}],"version-history":[{"count":0,"href":"https:\/\/imagazine.it\/home_desk\/wp-json\/wp\/v2\/posts\/30404\/revisions"}],"wp:featuredmedia":[{"embeddable":true,"href":"https:\/\/imagazine.it\/home_desk\/wp-json\/wp\/v2\/media\/30405"}],"wp:attachment":[{"href":"https:\/\/imagazine.it\/home_desk\/wp-json\/wp\/v2\/media?parent=30404"}],"wp:term":[{"taxonomy":"category","embeddable":true,"href":"https:\/\/imagazine.it\/home_desk\/wp-json\/wp\/v2\/categories?post=30404"},{"taxonomy":"post_tag","embeddable":true,"href":"https:\/\/imagazine.it\/home_desk\/wp-json\/wp\/v2\/tags?post=30404"}],"curies":[{"name":"wp","href":"https:\/\/api.w.org\/{rel}","templated":true}]}}