{"id":30398,"date":"2019-11-20T00:00:00","date_gmt":"2019-11-19T23:00:00","guid":{"rendered":"https:\/\/imagazine.it\/?p=30398"},"modified":"2019-11-20T00:00:00","modified_gmt":"2019-11-19T23:00:00","slug":"udinese-sempre-piu-brand-ambassador-per-il-fvg","status":"publish","type":"post","link":"https:\/\/imagazine.it\/home_desk\/udinese-sempre-piu-brand-ambassador-per-il-fvg\/","title":{"rendered":"Udinese sempre pi\u00f9 brand Ambassador per il FVG"},"content":{"rendered":"<p>Udinese Calcio\u00a0sar\u00e0 anche per la prossima stagione calcistica\u00a0<strong>brand ambassador<\/strong>\u00a0del Friuli Venezia Giulia. PromoTurismoFVG utilizza la notoriet\u00e0 nazionale e internazionale della squadra friulana come veicolo \u201cnaturale\u201d della destinazione, puntando sulla promozione del territorio regionale e delle singole localit\u00e0 che ne compongono l\u2019offerta turistica.\u00a0Al termine di un primo semestre di collaborazione, <u><a href=\"http:\/\/www.imagazine.it\/notizie-trieste-gorizia-udine-friuli\/6474\" target=\"_blank\" rel=\"noopener\">Udinese Calcio e PromoTurismoFVG hanno deciso di continuare e\u00a0<strong>arricchire di contenuti<\/strong>\u00a0la collaborazione<\/a><\/u> allargando l\u2019accordo a\u00a0<strong>Lignano Sabbiadoro, Grado e Prosciutto di San Daniele<\/strong>.<\/p>\n<p><a name=\"m_8171800393059964931__Hlk24704115\">Due le principali novit\u00e0 promozionali per la stagione 2019-2020: la brandizzazione delle felpe dei giocatori e il\u00a0<\/a>pullman personalizzato con le eccellenze del Friuli Venezia Giulia. I brand di\u00a0<strong>Lignano Sabbiadoro, Grado e Prosciutto di San Daniele<\/strong>\u00a0saranno infatti apposti sulle nuove felpe che i giocatori bianconeri indossano nella line-up iniziale delle partite in casa e in trasferta, inoltre le due localit\u00e0 balneari personalizzeranno anche il pullman che\u00a0accompagna i giocatori alla Dacia Arena e fuori regione.<\/p>\n<p>L\u2019Udinese e i suoi giocatori saranno quindi testimonial in Italia del territorio regionale in occasione di tutte le partite con l\u2019obiettivo di attrarre l\u2019attenzione del mercato interno, dei tifosi provenienti dalle citt\u00e0 delle squadre ospiti, ma anche dalle regioni e dai Paesi vicini.<\/p>\n<p><a name=\"m_8171800393059964931__Hlk24463592\">Fra le altre attivit\u00e0 promozionali, da quest\u2019anno anche il\u00a0<strong>backdrop della zona interviste<\/strong>\u00a0ai giocatori verr\u00e0 brandizzato con il marchio\u00a0<strong>FVG Live<\/strong>\u00a0che \u00e8 gi\u00e0 presente, insieme alle localit\u00e0 del Friuli Venezia Giulia, negli interni dello spogliatoio ospiti, nel tunnel di ingresso dei giocatori in campo e sui maxischermi. Si aggiungono alla promozione sui led bordocampo le terme di Arta Terme, di Grado e Monfalcone, la Strada del Vino e dei Sapori, i poli sciistici della montagna e l\u2019offerta mare della regione con Lignano Sabbiadoro, Grado e Trieste. A ogni matchday saranno inoltre organizzate delle attivit\u00e0 pre-partita con l\u2019obiettivo di promuovere eventi e iniziative targate PromoTurismoFVG.<\/a><\/p>\n<p><a name=\"m_8171800393059964931__Hlk24704073\">Saranno nuovamente strutturate anche le tre\u00a0<strong>\u201cStadium Experience\u201d,\u00a0<\/strong>esperienze turistiche dedicate agli amanti del calcio e agli interessati e ai turisti. <\/a><\/p>\n<p><a href=\"http:\/\/imagazinevideotruck.it\/outlet\/relink.html\" target=\"_top\" rel=\"noopener\"><img loading=\"lazy\" decoding=\"async\" align=\"LEFT\" height=\"250\" src=\"http:\/\/imagazinevideotruck.it\/outlet\/outlet30.gif\" width=\"300\" alt=\"\" title=\"\"><\/a><\/p>\n<p>\u00a0<\/p>\n<p>\u00a0<\/p>\n<p>\u00a0<\/p>\n<p>\u00a0<\/p>\n<p>\u00a0<\/p>\n<p>\u00a0<\/p>\n<p>\u00a0<\/p>\n<p>\u00a0<\/p>\n<p>\u00a0<\/p>\n<p>\u201cUn brand, quello dell\u2019Udinese, che per noi \u00e8 volano a livello nazionale e internazionale delle eccellenze del territorio. La comunicazione delle attrattive di punta della regione come Lignano Sabbiadoro, Grado o Udine e le altre citt\u00e0 di cultura e storia, cos\u00ec come le eccellenze enogastronomiche, ad esempio il Prosciutto di San Daniele e l\u2019offerta turistica invernale con Sappada, Zoncolan e tutti i poli sciistici, diventa attraverso questo brand, immediata. Da qui l\u2019ulteriore idea di quest\u2019anno della brandizzazione delle felpe dei giocatori e della personalizzazione\u00a0del pullman che\u00a0accompagna i giocatori alla Dacia Arena, ma soprattutto in tutta Italia\u201d, dichiara <strong>Lucio Gomiero<\/strong>, direttore generale di PromoTurismoFVG.<a name=\"m_8171800393059964931__Hlk24974216\"><\/a><\/p>\n<p><a name=\"m_8171800393059964931__Hlk24974216\">\u201c\u00c8 per noi motivo di grande soddisfazione proseguire la partnership con PromoTurismoFVG. Dal primo giorno si \u00e8 sviluppata una grande sintonia tra i due team di lavoro e ci\u00f2 ha permesso di realizzare una serie di importanti iniziative. Si proseguir\u00e0 su questa strada con l\u2019obiettivo e l\u2019ambizione di promuovere le localit\u00e0 del Friuli Venezia Giulia in Italia e nel mondo. Tengo inoltre a sottolineare come Dacia Arena si dimostri una grande risorsa per il territorio e volano di sviluppo anche in ambito turistico. La Serie A e le partite tra squadre nazionali che vi vengono disputate, cos\u00ec come i tanti eventi organizzati durante l\u2019anno nel suo meeting center, garantiscono un flusso costante di presenze con importanti ricadute economiche\u201d, \u00a0<\/a>precisa <strong>Franco Collavino<\/strong>, direttore generale di Udinese Calcio.<\/p>\n","protected":false},"excerpt":{"rendered":"<p>Si rafforza la partnership con PromoTurismoFVG<\/p>\n","protected":false},"author":28,"featured_media":30399,"comment_status":"closed","ping_status":"closed","sticky":false,"template":"","format":"standard","meta":{"dwc-title":[],"dwc-content":[],"footnotes":""},"categories":[8],"tags":[],"class_list":["post-30398","post","type-post","status-publish","format-standard","has-post-thumbnail","hentry","category-turismo"],"rttpg_featured_image_url":{"full":["https:\/\/imagazine.it\/wp-content\/uploads\/2024\/01\/31741-1.webp",750,538,false],"landscape":["https:\/\/imagazine.it\/wp-content\/uploads\/2024\/01\/31741-1.webp",750,538,false],"portraits":["https:\/\/imagazine.it\/wp-content\/uploads\/2024\/01\/31741-1.webp",750,538,false],"thumbnail":["https:\/\/imagazine.it\/wp-content\/uploads\/2024\/01\/31741-1-150x150.webp",150,150,true],"medium":["https:\/\/imagazine.it\/wp-content\/uploads\/2024\/01\/31741-1-300x215.webp",300,215,true],"large":["https:\/\/imagazine.it\/wp-content\/uploads\/2024\/01\/31741-1.webp",640,459,false],"thumblist":["https:\/\/imagazine.it\/wp-content\/uploads\/2024\/01\/31741-1.webp",300,215,false],"thumbrelated":["https:\/\/imagazine.it\/wp-content\/uploads\/2024\/01\/31741-1.webp",500,359,false],"meccarouselthumb":["https:\/\/imagazine.it\/wp-content\/uploads\/2024\/01\/31741-1.webp",452,324,false],"gridsquare":["https:\/\/imagazine.it\/wp-content\/uploads\/2024\/01\/31741-1.webp",362,260,false],"tileview":["https:\/\/imagazine.it\/wp-content\/uploads\/2024\/01\/31741-1.webp",300,215,false],"1536x1536":["https:\/\/imagazine.it\/wp-content\/uploads\/2024\/01\/31741-1.webp",750,538,false],"2048x2048":["https:\/\/imagazine.it\/wp-content\/uploads\/2024\/01\/31741-1.webp",750,538,false],"newsup-slider-full":["https:\/\/imagazine.it\/wp-content\/uploads\/2024\/01\/31741-1.webp",750,538,false],"newsup-featured":["https:\/\/imagazine.it\/wp-content\/uploads\/2024\/01\/31741-1.webp",750,538,false],"newsup-medium":["https:\/\/imagazine.it\/wp-content\/uploads\/2024\/01\/31741-1-720x380.webp",720,380,true],"tptn_thumbnail":["https:\/\/imagazine.it\/wp-content\/uploads\/2024\/01\/31741-1.webp",250,179,false],"sow-carousel-default":["https:\/\/imagazine.it\/wp-content\/uploads\/2024\/01\/31741-1-272x182.webp",272,182,true]},"rttpg_author":{"display_name":"redazione","author_link":"https:\/\/imagazine.it\/home_desk\/author\/redazione\/"},"rttpg_comment":0,"rttpg_category":"<a href=\"https:\/\/imagazine.it\/home_desk\/category\/turismo\/\" rel=\"category tag\">TURISMO<\/a>","rttpg_excerpt":"Si rafforza la partnership con PromoTurismoFVG","_links":{"self":[{"href":"https:\/\/imagazine.it\/home_desk\/wp-json\/wp\/v2\/posts\/30398","targetHints":{"allow":["GET"]}}],"collection":[{"href":"https:\/\/imagazine.it\/home_desk\/wp-json\/wp\/v2\/posts"}],"about":[{"href":"https:\/\/imagazine.it\/home_desk\/wp-json\/wp\/v2\/types\/post"}],"author":[{"embeddable":true,"href":"https:\/\/imagazine.it\/home_desk\/wp-json\/wp\/v2\/users\/28"}],"replies":[{"embeddable":true,"href":"https:\/\/imagazine.it\/home_desk\/wp-json\/wp\/v2\/comments?post=30398"}],"version-history":[{"count":0,"href":"https:\/\/imagazine.it\/home_desk\/wp-json\/wp\/v2\/posts\/30398\/revisions"}],"wp:featuredmedia":[{"embeddable":true,"href":"https:\/\/imagazine.it\/home_desk\/wp-json\/wp\/v2\/media\/30399"}],"wp:attachment":[{"href":"https:\/\/imagazine.it\/home_desk\/wp-json\/wp\/v2\/media?parent=30398"}],"wp:term":[{"taxonomy":"category","embeddable":true,"href":"https:\/\/imagazine.it\/home_desk\/wp-json\/wp\/v2\/categories?post=30398"},{"taxonomy":"post_tag","embeddable":true,"href":"https:\/\/imagazine.it\/home_desk\/wp-json\/wp\/v2\/tags?post=30398"}],"curies":[{"name":"wp","href":"https:\/\/api.w.org\/{rel}","templated":true}]}}