{"id":30396,"date":"2019-11-19T00:00:00","date_gmt":"2019-11-18T23:00:00","guid":{"rendered":"https:\/\/imagazine.it\/?p=30396"},"modified":"2019-11-19T00:00:00","modified_gmt":"2019-11-18T23:00:00","slug":"i-ritratti-musicali-di-dodicianni-per-la-prima-volta-in-friuli","status":"publish","type":"post","link":"https:\/\/imagazine.it\/home_desk\/i-ritratti-musicali-di-dodicianni-per-la-prima-volta-in-friuli\/","title":{"rendered":"I ritratti musicali di Dodicianni per la prima volta in Friuli"},"content":{"rendered":"<p>Nell\u2019ultima settimana, in molti si erano chiesti cosa fossero gli inviti ricevuti per mail dalla fotografa ritrattista Claudia Guido; la promessa era quella di ricevere gratuitamente, per chi si fosse recato nello studio della fotografa di Gradisca d\u2019Isonzo un <strong>ritratto speciale<\/strong>, qualcosa di unico e inusuale, e cos\u00ec \u00e8 stato. I presenti, una volta arrivati in loco, sono stati accompagnati uno a uno al piano superiore dello studio, dove solitamente vi \u00e8 la sala di posa, ma ad attenderli non c\u2019era una macchina fotografica, ma un <strong>pianoforte<\/strong>.<\/p>\n<p>L\u2019artista Dodicianni, performer conosciuto nel panorama dell\u2019arte contemporanea, lasciandosi ispirare dallo sguardo e dalla presenza delle persone, ha realizzato per ognuno di loro un ritratto musicale. Uno sguardo, pochi secondi per stabilire una connessione e poi il fluire della musica, intima, personale, unica per ognuno.<\/p>\n<p>Nei due giorni in cui l\u2019artista \u00e8 stato presente nello studio, complice il passaparola veloce di chi aveva appena vissuto l\u2019esperienza, sono state <strong>pi\u00f9 di 100<\/strong> le persone che hanno voluto prenderne parte.<\/p>\n<p>Ogni composizione \u00e8 stata quindi registrata e verr\u00e0 spedita, nei prossimi giorni, in formato mp3 direttamente nella casella mail dei partecipanti, restituendone cos\u00ec il proprio ritratto.<\/p>\n<p>\u201c<em>Volevo fare un regalo ai miei clienti &#8211; tutte persone che conoscono il valore di un ritratto e che sapevo avrebbero apprezzato &#8211; e sono molto felice che l\u2019esperienza sia stata cos\u00ec intima e potente da aver fatto eco e quindi attratto anche chi ancora non conoscevo.\u00a0Sono state due giornate molto intense e che credo verranno ricordate da tutti i presenti.\u00a0Dodicianni \u00e8 un artista di sensibilit\u00e0 e intelligenza rare e sono molto orgogliosa di essere stata tramite e testimone di tutta questa bellezza\u201d, <\/em>il commento di Claudio Guido<em>. <\/em><\/p>\n<p><a href=\"http:\/\/imagazinevideotruck.it\/outlet\/relink.html\" target=\"_top\" rel=\"noopener\"><img loading=\"lazy\" decoding=\"async\" align=\"LEFT\" height=\"250\" src=\"http:\/\/imagazinevideotruck.it\/outlet\/outlet30.gif\" width=\"300\" alt=\"\" title=\"\"><\/a><\/p>\n<p>\u00a0<\/p>\n<p>\u00a0<\/p>\n<p>\u00a0<\/p>\n<p>\u00a0<\/p>\n<p>\u00a0<\/p>\n<p>\u00a0<\/p>\n<p>\u00a0<\/p>\n<p>\u00a0<\/p>\n<p>\u00a0<\/p>\n<p><em>\u201c\u00c8 \u00a0stato un onore per me, oltre che un piacere, poter collaborare con Claudia Guido \u2013 spiega l\u2019artista \u2013 perch\u00e9 conosco bene la dedizione e l\u2019amore che mette nei suoi lavori. In un mondo dove la fotografia, e in generale il rapporto con le persone, vengono spesso trattati con superficialit\u00e0 \u00e8 bello poter lavorare con chi riesce ancora a guardare al prossimo con la giusta attenzione\u201d.<\/em><\/p>\n","protected":false},"excerpt":{"rendered":"<p>L\u2019artista ospite a sorpresa dello studio di Claudia Guido<\/p>\n","protected":false},"author":28,"featured_media":30397,"comment_status":"closed","ping_status":"closed","sticky":false,"template":"","format":"standard","meta":{"dwc-title":[],"dwc-content":[],"footnotes":""},"categories":[37],"tags":[],"class_list":["post-30396","post","type-post","status-publish","format-standard","has-post-thumbnail","hentry","category-cultura-e-spettacolo"],"rttpg_featured_image_url":{"full":["https:\/\/imagazine.it\/wp-content\/uploads\/2024\/01\/31738-1.webp",750,501,false],"landscape":["https:\/\/imagazine.it\/wp-content\/uploads\/2024\/01\/31738-1.webp",750,501,false],"portraits":["https:\/\/imagazine.it\/wp-content\/uploads\/2024\/01\/31738-1.webp",750,501,false],"thumbnail":["https:\/\/imagazine.it\/wp-content\/uploads\/2024\/01\/31738-1-150x150.webp",150,150,true],"medium":["https:\/\/imagazine.it\/wp-content\/uploads\/2024\/01\/31738-1-300x200.webp",300,200,true],"large":["https:\/\/imagazine.it\/wp-content\/uploads\/2024\/01\/31738-1.webp",640,428,false],"thumblist":["https:\/\/imagazine.it\/wp-content\/uploads\/2024\/01\/31738-1.webp",300,200,false],"thumbrelated":["https:\/\/imagazine.it\/wp-content\/uploads\/2024\/01\/31738-1.webp",500,334,false],"meccarouselthumb":["https:\/\/imagazine.it\/wp-content\/uploads\/2024\/01\/31738-1.webp",474,317,false],"gridsquare":["https:\/\/imagazine.it\/wp-content\/uploads\/2024\/01\/31738-1.webp",389,260,false],"tileview":["https:\/\/imagazine.it\/wp-content\/uploads\/2024\/01\/31738-1.webp",300,200,false],"1536x1536":["https:\/\/imagazine.it\/wp-content\/uploads\/2024\/01\/31738-1.webp",750,501,false],"2048x2048":["https:\/\/imagazine.it\/wp-content\/uploads\/2024\/01\/31738-1.webp",750,501,false],"newsup-slider-full":["https:\/\/imagazine.it\/wp-content\/uploads\/2024\/01\/31738-1.webp",750,501,false],"newsup-featured":["https:\/\/imagazine.it\/wp-content\/uploads\/2024\/01\/31738-1.webp",750,501,false],"newsup-medium":["https:\/\/imagazine.it\/wp-content\/uploads\/2024\/01\/31738-1-720x380.webp",720,380,true],"tptn_thumbnail":["https:\/\/imagazine.it\/wp-content\/uploads\/2024\/01\/31738-1.webp",250,167,false],"sow-carousel-default":["https:\/\/imagazine.it\/wp-content\/uploads\/2024\/01\/31738-1-272x182.webp",272,182,true]},"rttpg_author":{"display_name":"redazione","author_link":"https:\/\/imagazine.it\/home_desk\/author\/redazione\/"},"rttpg_comment":0,"rttpg_category":"<a href=\"https:\/\/imagazine.it\/home_desk\/category\/cultura-e-spettacolo\/\" rel=\"category tag\">CULTURA&amp;SPETTACOLO<\/a>","rttpg_excerpt":"L\u2019artista ospite a sorpresa dello studio di Claudia Guido","_links":{"self":[{"href":"https:\/\/imagazine.it\/home_desk\/wp-json\/wp\/v2\/posts\/30396","targetHints":{"allow":["GET"]}}],"collection":[{"href":"https:\/\/imagazine.it\/home_desk\/wp-json\/wp\/v2\/posts"}],"about":[{"href":"https:\/\/imagazine.it\/home_desk\/wp-json\/wp\/v2\/types\/post"}],"author":[{"embeddable":true,"href":"https:\/\/imagazine.it\/home_desk\/wp-json\/wp\/v2\/users\/28"}],"replies":[{"embeddable":true,"href":"https:\/\/imagazine.it\/home_desk\/wp-json\/wp\/v2\/comments?post=30396"}],"version-history":[{"count":0,"href":"https:\/\/imagazine.it\/home_desk\/wp-json\/wp\/v2\/posts\/30396\/revisions"}],"wp:featuredmedia":[{"embeddable":true,"href":"https:\/\/imagazine.it\/home_desk\/wp-json\/wp\/v2\/media\/30397"}],"wp:attachment":[{"href":"https:\/\/imagazine.it\/home_desk\/wp-json\/wp\/v2\/media?parent=30396"}],"wp:term":[{"taxonomy":"category","embeddable":true,"href":"https:\/\/imagazine.it\/home_desk\/wp-json\/wp\/v2\/categories?post=30396"},{"taxonomy":"post_tag","embeddable":true,"href":"https:\/\/imagazine.it\/home_desk\/wp-json\/wp\/v2\/tags?post=30396"}],"curies":[{"name":"wp","href":"https:\/\/api.w.org\/{rel}","templated":true}]}}