{"id":30384,"date":"2019-11-16T00:00:00","date_gmt":"2019-11-15T23:00:00","guid":{"rendered":"https:\/\/imagazine.it\/?p=30384"},"modified":"2019-11-16T00:00:00","modified_gmt":"2019-11-15T23:00:00","slug":"polisportiva-isontina-per-telethon-in-memoria-di-claudio-claucig","status":"publish","type":"post","link":"https:\/\/imagazine.it\/home_desk\/polisportiva-isontina-per-telethon-in-memoria-di-claudio-claucig\/","title":{"rendered":"Polisportiva Isontina per Telethon in memoria di Claudio Claucig"},"content":{"rendered":"<p>Al Palasport delle scuole di Pieris si \u00e8 tenuta una serata all&#39;insegna dello sport, della solidariet\u00e0 e del ricordo, nel corso della quale si \u00e8 svolto <u><a href=\"http:\/\/www.imagazine.it\/notizie-trieste-gorizia-udine-friuli\/7381\" target=\"_blank\" rel=\"noopener\">l&#39;incontro di basket valevole per il campionato di promozione tra Polinsontina Percorso Sicurezza e Athletismo Gorizia<\/a><\/u>.\u00a0 A sottolineare la solidariet\u00e0 di partecipazione, entrambe le squadre hanno indossato, nella fase di riscaldamento, la maglia di Telethon, aderendo perci\u00f2 alla manifestazione che si terr\u00e0 in tutta Italia e a Udine con la staffetta 24 x 1 ora, giunta alla 21a edizione (sabato 30 novembre dalle ore 15).<\/p>\n<p>In merito all&#39;evento sopracitato erano presenti rappresentanti della ADS Universo Giovani che hanno portato un messaggio a favore dell&#39;iniziativa. Inoltre tutte le offerte che sono state donate dal pubblico andranno a favore dell&#39;associazione Telethon per sostenere la ricerca scientifica contro le malattie genetiche rare.<\/p>\n<p>Tutto questo \u00e8 stato possibile grazie al main sponsor della Polisontina di Pieris che ha proposto l\u2019iniziativa al direttivo dell&#39;associazione di basket, che nella veste\u00a0 della presidente <strong>Paola Ferfoglia<\/strong> ha accolto favorevolmente questa indicazione facendola propria e dandole la giusta dimensione.<\/p>\n<p>Visto che la palestra \u00e8 stata rinnovata si \u00e8 voluto ricordare in questo momento di gioia uno dai fondatori dell&#39;associazione Claudio Claucig, scomparso due anni fa, con lo slogan \u201cgiocher\u00f2 fino a quando metter\u00f2 i piedi sul parquet\u201d. La risposta: \u201cCaio i nostri piedi saranno i tuoi\u201d.<\/p>\n<p>Giocatori, dirigenti e\u00a0 spettatori hanno cos\u00ec voluto ricordare una persona importante per la societ\u00e0 che ha saputo portare in palestra moltissimi bambini e bambine.<\/p>\n<p>\u00a0<\/p>\n<p><a href=\"http:\/\/imagazinevideotruck.it\/outlet\/relink.html\" target=\"_top\" rel=\"noopener\"><img loading=\"lazy\" decoding=\"async\" align=\"LEFT\" height=\"250\" src=\"http:\/\/imagazinevideotruck.it\/outlet\/outlet30.gif\" width=\"300\" alt=\"\" title=\"\"><\/a><\/p>\n","protected":false},"excerpt":{"rendered":"<p>Cerimonia a Pieris<\/p>\n","protected":false},"author":22,"featured_media":30385,"comment_status":"closed","ping_status":"closed","sticky":false,"template":"","format":"standard","meta":{"dwc-title":[],"dwc-content":[],"footnotes":""},"categories":[38],"tags":[],"class_list":["post-30384","post","type-post","status-publish","format-standard","has-post-thumbnail","hentry","category-sport"],"rttpg_featured_image_url":{"full":["https:\/\/imagazine.it\/wp-content\/uploads\/2024\/01\/31718-1.webp",750,326,false],"landscape":["https:\/\/imagazine.it\/wp-content\/uploads\/2024\/01\/31718-1.webp",750,326,false],"portraits":["https:\/\/imagazine.it\/wp-content\/uploads\/2024\/01\/31718-1.webp",750,326,false],"thumbnail":["https:\/\/imagazine.it\/wp-content\/uploads\/2024\/01\/31718-1-150x150.webp",150,150,true],"medium":["https:\/\/imagazine.it\/wp-content\/uploads\/2024\/01\/31718-1-300x130.webp",300,130,true],"large":["https:\/\/imagazine.it\/wp-content\/uploads\/2024\/01\/31718-1.webp",640,278,false],"thumblist":["https:\/\/imagazine.it\/wp-content\/uploads\/2024\/01\/31718-1.webp",300,130,false],"thumbrelated":["https:\/\/imagazine.it\/wp-content\/uploads\/2024\/01\/31718-1.webp",500,217,false],"meccarouselthumb":["https:\/\/imagazine.it\/wp-content\/uploads\/2024\/01\/31718-1.webp",474,206,false],"gridsquare":["https:\/\/imagazine.it\/wp-content\/uploads\/2024\/01\/31718-1.webp",391,170,false],"tileview":["https:\/\/imagazine.it\/wp-content\/uploads\/2024\/01\/31718-1.webp",300,130,false],"1536x1536":["https:\/\/imagazine.it\/wp-content\/uploads\/2024\/01\/31718-1.webp",750,326,false],"2048x2048":["https:\/\/imagazine.it\/wp-content\/uploads\/2024\/01\/31718-1.webp",750,326,false],"newsup-slider-full":["https:\/\/imagazine.it\/wp-content\/uploads\/2024\/01\/31718-1.webp",750,326,false],"newsup-featured":["https:\/\/imagazine.it\/wp-content\/uploads\/2024\/01\/31718-1.webp",750,326,false],"newsup-medium":["https:\/\/imagazine.it\/wp-content\/uploads\/2024\/01\/31718-1-720x326.webp",720,326,true],"tptn_thumbnail":["https:\/\/imagazine.it\/wp-content\/uploads\/2024\/01\/31718-1.webp",250,109,false],"sow-carousel-default":["https:\/\/imagazine.it\/wp-content\/uploads\/2024\/01\/31718-1-272x182.webp",272,182,true]},"rttpg_author":{"display_name":"Livio Nonis","author_link":"https:\/\/imagazine.it\/home_desk\/author\/nonis\/"},"rttpg_comment":0,"rttpg_category":"<a href=\"https:\/\/imagazine.it\/home_desk\/category\/sport\/\" rel=\"category tag\">SPORT<\/a>","rttpg_excerpt":"Cerimonia a Pieris","_links":{"self":[{"href":"https:\/\/imagazine.it\/home_desk\/wp-json\/wp\/v2\/posts\/30384","targetHints":{"allow":["GET"]}}],"collection":[{"href":"https:\/\/imagazine.it\/home_desk\/wp-json\/wp\/v2\/posts"}],"about":[{"href":"https:\/\/imagazine.it\/home_desk\/wp-json\/wp\/v2\/types\/post"}],"author":[{"embeddable":true,"href":"https:\/\/imagazine.it\/home_desk\/wp-json\/wp\/v2\/users\/22"}],"replies":[{"embeddable":true,"href":"https:\/\/imagazine.it\/home_desk\/wp-json\/wp\/v2\/comments?post=30384"}],"version-history":[{"count":0,"href":"https:\/\/imagazine.it\/home_desk\/wp-json\/wp\/v2\/posts\/30384\/revisions"}],"wp:featuredmedia":[{"embeddable":true,"href":"https:\/\/imagazine.it\/home_desk\/wp-json\/wp\/v2\/media\/30385"}],"wp:attachment":[{"href":"https:\/\/imagazine.it\/home_desk\/wp-json\/wp\/v2\/media?parent=30384"}],"wp:term":[{"taxonomy":"category","embeddable":true,"href":"https:\/\/imagazine.it\/home_desk\/wp-json\/wp\/v2\/categories?post=30384"},{"taxonomy":"post_tag","embeddable":true,"href":"https:\/\/imagazine.it\/home_desk\/wp-json\/wp\/v2\/tags?post=30384"}],"curies":[{"name":"wp","href":"https:\/\/api.w.org\/{rel}","templated":true}]}}