{"id":30362,"date":"2019-11-14T00:00:00","date_gmt":"2019-11-13T23:00:00","guid":{"rendered":"https:\/\/imagazine.it\/?p=30362"},"modified":"2019-11-14T00:00:00","modified_gmt":"2019-11-13T23:00:00","slug":"catas-eccellenza-friulana-anche-in-solidarieta","status":"publish","type":"post","link":"https:\/\/imagazine.it\/home_desk\/catas-eccellenza-friulana-anche-in-solidarieta\/","title":{"rendered":"Catas, eccellenza friulana anche in solidariet\u00e0"},"content":{"rendered":"<p>Il <strong>Catas di San Giovanni al Natisone<\/strong> concluder\u00e0 le proprie celebrazioni per i 50 anni di fondazione\u2026 di corsa.<\/p>\n<p><u><a href=\"http:\/\/www.imagazine.it\/notizie-trieste-gorizia-udine-friuli\/242\" target=\"_blank\" rel=\"noopener\">Il pi\u00f9 importante laboratorio europeo per le prove e la certificazione nel settore legno-arredo<\/a><\/u>, infatti, parteciper\u00e0 a un evento a favore della <strong>Fondazione Telethon<\/strong>, realt\u00e0 fondata nel 1990 da Susanna Agnelli sulla scia della maratona televisiva (<em>tele<\/em>vision mara<em>thon<\/em>) inventata da Jerry Lewis negli Stati Uniti nel lontano 1965 per raccogliere fondi per la lotta alla distrofia muscolare e alle malattie genetiche rare.<\/p>\n<p>Sabato 30 novembre gli \u201catleti\u201d di Catas saranno ai nastri di partenza della 21esima edizione della <strong>\u201cStaffetta 24&#215;1 ora Telethon\u201d <\/strong>in programma a Udine, evento unico nel suo genere che quest\u2019anno vedr\u00e0 impegnate 600 squadre composte ciascuna da 24 persone, ognuna delle quali correr\u00e0 (o camminer\u00e0\u2026) per un\u2019ora. Saranno oltre 14 mila le persone che daranno vita a un evento capace di coinvolgere l\u2019intera citt\u00e0 e che nel 2018 ha permesso di raccogliere oltre 250 mila euro.<\/p>\n<p><a href=\"http:\/\/imagazinevideotruck.it\/outlet\/relink.html\" target=\"_top\" rel=\"noopener\"><img loading=\"lazy\" decoding=\"async\" align=\"LEFT\" height=\"250\" src=\"http:\/\/imagazinevideotruck.it\/outlet\/outlet30.gif\" width=\"300\" alt=\"\" title=\"\"><\/a><\/p>\n<p>\u00a0<\/p>\n<p>\u00a0<\/p>\n<p>\u00a0<\/p>\n<p>\u00a0<\/p>\n<p>\u00a0<\/p>\n<p>\u00a0<\/p>\n<p>\u00a0<\/p>\n<p>\u00a0<\/p>\n<p>\u00a0<\/p>\n<p>Anche <strong>gli atleti di Catas<\/strong>, ciascuno con il proprio passo, correranno lungo l\u2019anello nel centro del capoluogo friulano dalle 15 di sabato 30 novembre alle ore 15 di domenica 1 dicembre. La squadra correr\u00e0 con il <strong>pettorale numero 50<\/strong>, proprio per ricordare il 50esimo anniversario della fondazione del laboratorio e, oltre a contribuire ad animare l\u2019evento, per ogni chilometro percorso verr\u00e0 devoluto un contributo a favore della ricerca.<\/p>\n","protected":false},"excerpt":{"rendered":"<p>In prima linea per Telethon<\/p>\n","protected":false},"author":28,"featured_media":30363,"comment_status":"closed","ping_status":"closed","sticky":false,"template":"","format":"standard","meta":{"dwc-title":[],"dwc-content":[],"footnotes":""},"categories":[6],"tags":[],"class_list":["post-30362","post","type-post","status-publish","format-standard","has-post-thumbnail","hentry","category-societa"],"rttpg_featured_image_url":{"full":["https:\/\/imagazine.it\/wp-content\/uploads\/2024\/01\/31668-1.webp",750,423,false],"landscape":["https:\/\/imagazine.it\/wp-content\/uploads\/2024\/01\/31668-1.webp",750,423,false],"portraits":["https:\/\/imagazine.it\/wp-content\/uploads\/2024\/01\/31668-1.webp",750,423,false],"thumbnail":["https:\/\/imagazine.it\/wp-content\/uploads\/2024\/01\/31668-1-150x150.webp",150,150,true],"medium":["https:\/\/imagazine.it\/wp-content\/uploads\/2024\/01\/31668-1-300x169.webp",300,169,true],"large":["https:\/\/imagazine.it\/wp-content\/uploads\/2024\/01\/31668-1.webp",640,361,false],"thumblist":["https:\/\/imagazine.it\/wp-content\/uploads\/2024\/01\/31668-1.webp",300,169,false],"thumbrelated":["https:\/\/imagazine.it\/wp-content\/uploads\/2024\/01\/31668-1.webp",500,282,false],"meccarouselthumb":["https:\/\/imagazine.it\/wp-content\/uploads\/2024\/01\/31668-1.webp",474,267,false],"gridsquare":["https:\/\/imagazine.it\/wp-content\/uploads\/2024\/01\/31668-1.webp",391,221,false],"tileview":["https:\/\/imagazine.it\/wp-content\/uploads\/2024\/01\/31668-1.webp",300,169,false],"1536x1536":["https:\/\/imagazine.it\/wp-content\/uploads\/2024\/01\/31668-1.webp",750,423,false],"2048x2048":["https:\/\/imagazine.it\/wp-content\/uploads\/2024\/01\/31668-1.webp",750,423,false],"newsup-slider-full":["https:\/\/imagazine.it\/wp-content\/uploads\/2024\/01\/31668-1.webp",750,423,false],"newsup-featured":["https:\/\/imagazine.it\/wp-content\/uploads\/2024\/01\/31668-1.webp",750,423,false],"newsup-medium":["https:\/\/imagazine.it\/wp-content\/uploads\/2024\/01\/31668-1-720x380.webp",720,380,true],"tptn_thumbnail":["https:\/\/imagazine.it\/wp-content\/uploads\/2024\/01\/31668-1.webp",250,141,false],"sow-carousel-default":["https:\/\/imagazine.it\/wp-content\/uploads\/2024\/01\/31668-1-272x182.webp",272,182,true]},"rttpg_author":{"display_name":"redazione","author_link":"https:\/\/imagazine.it\/home_desk\/author\/redazione\/"},"rttpg_comment":0,"rttpg_category":"<a href=\"https:\/\/imagazine.it\/home_desk\/category\/societa\/\" rel=\"category tag\">SOCIET\u00c0<\/a>","rttpg_excerpt":"In prima linea per Telethon","_links":{"self":[{"href":"https:\/\/imagazine.it\/home_desk\/wp-json\/wp\/v2\/posts\/30362","targetHints":{"allow":["GET"]}}],"collection":[{"href":"https:\/\/imagazine.it\/home_desk\/wp-json\/wp\/v2\/posts"}],"about":[{"href":"https:\/\/imagazine.it\/home_desk\/wp-json\/wp\/v2\/types\/post"}],"author":[{"embeddable":true,"href":"https:\/\/imagazine.it\/home_desk\/wp-json\/wp\/v2\/users\/28"}],"replies":[{"embeddable":true,"href":"https:\/\/imagazine.it\/home_desk\/wp-json\/wp\/v2\/comments?post=30362"}],"version-history":[{"count":0,"href":"https:\/\/imagazine.it\/home_desk\/wp-json\/wp\/v2\/posts\/30362\/revisions"}],"wp:featuredmedia":[{"embeddable":true,"href":"https:\/\/imagazine.it\/home_desk\/wp-json\/wp\/v2\/media\/30363"}],"wp:attachment":[{"href":"https:\/\/imagazine.it\/home_desk\/wp-json\/wp\/v2\/media?parent=30362"}],"wp:term":[{"taxonomy":"category","embeddable":true,"href":"https:\/\/imagazine.it\/home_desk\/wp-json\/wp\/v2\/categories?post=30362"},{"taxonomy":"post_tag","embeddable":true,"href":"https:\/\/imagazine.it\/home_desk\/wp-json\/wp\/v2\/tags?post=30362"}],"curies":[{"name":"wp","href":"https:\/\/api.w.org\/{rel}","templated":true}]}}