{"id":30346,"date":"2019-11-11T00:00:00","date_gmt":"2019-11-10T23:00:00","guid":{"rendered":"https:\/\/imagazine.it\/?p=30346"},"modified":"2019-11-11T00:00:00","modified_gmt":"2019-11-10T23:00:00","slug":"cividale-commemora-i-150-anni-della-somsi","status":"publish","type":"post","link":"https:\/\/imagazine.it\/home_desk\/cividale-commemora-i-150-anni-della-somsi\/","title":{"rendered":"Cividale commemora i 150 anni della Somsi"},"content":{"rendered":"<p>La <strong>Societ\u00e0 Operaia di Mutuo Soccorso ed Istruzione di Cividale del Friuli<\/strong> compie 150 anni. Era infatti l\u2019ottobre del 1869 quando venne indetta un\u2019adunanza pubblica per dare forma alla nascente Societ\u00e0, che si poneva l\u2019obiettivo di migliorare la condizione sociale degli operai, elevare il livello culturale e favorire iniziative di solidariet\u00e0 verso persone in situazioni di difficolt\u00e0 o malattia. Nel corso dei decenni sono state centinaia le iniziative sostenute dalla <strong>Somsi <\/strong>in favore della comunit\u00e0, divenendo parte integrante del territorio e punto di riferimento della vita culturale, sociale ed economica di Cividale del Friuli.<\/p>\n<p>Per celebrare nel migliore dei modi questa ricorrenza decine di eventi coloreranno la citt\u00e0 ducale nei prossimi giorni fra <strong>incontri<\/strong>, <strong>esposizioni<\/strong>, <strong>rievocazioni<\/strong>, <strong>commemorazioni<\/strong>, <strong>ritrovi conviviali<\/strong> e <strong>musicali<\/strong>, che vedranno il loro culmine nelle giornate di <strong>sabato 16 e domenica e 17 novembre<\/strong>. Il calendario completo degli eventi, organizzato dalla Somsi stessa, in collaborazione con il Comune di Cividale, \u00e8 consultabile sul sito <u><a href=\"http:\/\/www.somsicividale.it\/\" target=\"_blank\" rel=\"noopener\">www.somsicividale.it<\/a><\/u> e sulla pagina Facebook <strong>Somsi Cividale del Friuli<\/strong>.<\/p>\n<p>\u201c<em>La Somsi di Cividale, nei suoi 150 anni di vita, \u2013 <\/em>ricorda la <strong>presidente Maria Cristina Novelli<\/strong> <em>\u2013 \u00e8 stata partecipe dei pi\u00f9 importanti eventi storici locali e regionali <\/em>\u00a0<em>Ripercorrere le sue vicende deve essere uno stimolo per superare barriere, abbattere muri e guardare al futuro con rinnovato impegno e maggiore consapevolezza della nostra storia<\/em>\u201d.<\/p>\n<p>Il via ufficiale alle commemorazioni sar\u00e0 alle 18.30 di sabato 16 novembre, nella sede sociale di Foro Giulio Cesare, con l\u2019inaugurazione della mostra storica da titolo \u201c<strong>La casa del popolo si racconta<\/strong>\u201d. Momento suggestivo sar\u00e0 poi quello della \u201c<strong>Rievocazione dell\u2019assemblea del 16 novembre 1869<\/strong>\u201d, con la lettura del primo statuto e del verbale di nomina del primo consiglio di amministrazione della societ\u00e0. Seguir\u00e0 un momento conviviale con accompagnamento musicale e l\u2019estrazione della <strong>Lotteria del 150\u00b0<\/strong>, che rinasce per l\u2019occasione a distanza di anni.<\/p>\n<p>Domenica 17 novembre le celebrazioni inizieranno gi\u00e0 dal mattino con la deposizione, alle 10, di un omaggio floreale sotto la Loggia Comunale, sulla <strong>lapide commemorativa a Giuseppe Garibaldi<\/strong>, che fu presidente onorario della Societ\u00e0, incarico che, con lettera autografa del 22 giugno1870, con gratitudine accett\u00f2. Secondo momento celebrativo sar\u00e0 quello che, alle 10.15 in Foro Giulio Cesare, vedr\u00e0 omaggiati, sempre con una deposizione floreale, i <strong>soci caduti durante la Grande Guerra<\/strong>. La <strong>cerimonia ufficiale<\/strong> vera e propria si terr\u00e0, dalle 10.30, al Teatro Ristori. Dopo i saluti istituzionali spazio al discorso della <strong>presidente Maria Cristina Novelli<\/strong>, alla presentazione delle pubblicazioni edite in occasione dell\u2019anniversario e alla consegna dei riconoscimenti. La due giorni di festeggiamenti si concluder\u00e0 con il <strong>pranzo sociale<\/strong>.<\/p>\n<p>Un programma celebrativo a cui si affiancher\u00e0 anche un percorso espositivo che interesser\u00e0 la citt\u00e0 per tutto il fine settimana. Negli spazi dell\u2019ex trattoria \u201cAlle tre colonne\u201d sar\u00e0 visitabile la mostra dal titolo \u201c<strong>La pratica del bene<\/strong>\u201d, \u201c<strong>La F\u00e0rie Geretti e la strete dai mist\u00eers<\/strong>\u201d sar\u00e0 invece fruibile in Stretta della Giudaica. Il Teatrino del Monastero di S. Maria in Valle ospiter\u00e0 gli scatti di \u201c<strong>Frammenti di memorie: Cividale del Friuli e la Societ\u00e0 Operaia durante la Grande Guerra<\/strong>\u201d, mentre in via Monastero ecco l\u2019evento dedicato al fiume simbolo del territorio: \u201c<strong>Il Nadison<\/strong>\u201d. La mostra \u201c<strong>La Cividale dei fotografi Bront<\/strong>\u201d sar\u00e0 allestita allo Spazio Corte Quattro in Corte San Francesco mentre alla sede in Foro Giulio Cesare si terr\u00e0 la gi\u00e0 citata esposizione \u201c<strong>La casa del popolo si racconta<\/strong>\u201d con \u201c<strong>Artigiani oggi: una narrazione fotografica<\/strong>\u201d a cura di Luigi Vitale. Tutte le mostre del percorso espositivo sono ospitate in spazi concessi da privati all\u2019Amministrazione comunale e sono fruibili gratuitamente durante i giorni delle celebrazioni. Info e orari su <u><a href=\"http:\/\/www.somsicividale.it\/\" target=\"_blank\" rel=\"noopener\">www.somsicividale.it<\/a><\/u> . \u00a0<\/p>\n<p>L\u2019avvicinamento al fine settimana di festeggiamenti vedr\u00e0 anche due incontri di approfondimento legati alle attivit\u00e0 della societ\u00e0. Marted\u00ec 12 novembre, alle 18.30 nel Salone Sociale, si terr\u00e0 l\u2019incontro dal titolo \u201c<strong>Terzo settore e nuove frontiere della mutualit\u00e0<\/strong>\u201d. Gioved\u00ec 14 novembre, sempre alle 18.30 nella stessa sede, ecco \u201c<strong>La sostenibilit\u00e0 possibile: buone pratiche di solidariet\u00e0, economia, beni comuni<\/strong>\u201d. Gli appuntamenti di approfondimento sono a ingresso libero.<\/p>\n<p><a href=\"http:\/\/imagazinevideotruck.it\/outlet\/relink.html\" target=\"_top\" rel=\"noopener\"><img loading=\"lazy\" decoding=\"async\" align=\"LEFT\" height=\"250\" src=\"http:\/\/imagazinevideotruck.it\/outlet\/outlet30.gif\" width=\"300\" alt=\"\" title=\"\"><\/a><\/p>\n<p>\u00a0<\/p>\n<p>\u00a0<\/p>\n<p>\u00a0<\/p>\n<p>\u00a0<\/p>\n<p>\u00a0<\/p>\n<p>\u00a0<\/p>\n<p>\u00a0<\/p>\n<p>\u00a0<\/p>\n<p>\u00a0<\/p>\n<p>La <strong>Societ\u00e0 Operaia di Mutuo Soccorso ed Istruzione<\/strong> nacque a Cividale del Friuli nei primi mesi del 1870, ma l\u2019iniziativa di fondare una Societ\u00e0 Operaia risale al 6 agosto 1869 quando venne indetta una pubblica adunanza presso la Sala della Birreria Nazionale, dove si raccolse un imponente comizio di cittadini, presieduto dal giovane avvocato Pietro Brosadola, per giungere alla redazione di uno statuto e alla nomina di una presidenza per la costituenda Societ\u00e0. Inizialmente gli iscritti furono 185 e, sotto la presidenza di Giovanni Battista Vuga, la Societ\u00e0 Operaia cominci\u00f2 il suo cammino. Gli obiettivi principali erano quelli di migliorare la condizione sociale degli operai e dei loro diritti, di favorire, promuovere, diffondere l\u2019istruzione, e di estendere tra i lavoratori l\u2019affratellamento e il mutuo soccorso provvedendo a organizzare una propria assicurazione per elargire sussidi in caso di malattia, vecchiaia, invalidit\u00e0 e puerperio. Oggi la Societ\u00e0 Operaia di Mutuo Soccorso ed Istruzione di Cividale del Friuli gestisce un patrimonio immobiliare di gran pregio storico ma, soprattutto, un patrimonio di ideali e di valori consolidati nel tempo che riacquistano oggi nuovi significati in una societ\u00e0 sempre meno sensibile ai valori di fraternit\u00e0, di accoglienza e di aiuto reciproco.<\/p>\n","protected":false},"excerpt":{"rendered":"<p>Ricco programma di celebrazioni<\/p>\n","protected":false},"author":28,"featured_media":30347,"comment_status":"closed","ping_status":"closed","sticky":false,"template":"","format":"standard","meta":{"dwc-title":[],"dwc-content":[],"footnotes":""},"categories":[5],"tags":[],"class_list":["post-30346","post","type-post","status-publish","format-standard","has-post-thumbnail","hentry","category-attualita"],"rttpg_featured_image_url":{"full":["https:\/\/imagazine.it\/wp-content\/uploads\/2024\/01\/31631-1.webp",750,456,false],"landscape":["https:\/\/imagazine.it\/wp-content\/uploads\/2024\/01\/31631-1.webp",750,456,false],"portraits":["https:\/\/imagazine.it\/wp-content\/uploads\/2024\/01\/31631-1.webp",750,456,false],"thumbnail":["https:\/\/imagazine.it\/wp-content\/uploads\/2024\/01\/31631-1-150x150.webp",150,150,true],"medium":["https:\/\/imagazine.it\/wp-content\/uploads\/2024\/01\/31631-1-300x182.webp",300,182,true],"large":["https:\/\/imagazine.it\/wp-content\/uploads\/2024\/01\/31631-1.webp",640,389,false],"thumblist":["https:\/\/imagazine.it\/wp-content\/uploads\/2024\/01\/31631-1.webp",300,182,false],"thumbrelated":["https:\/\/imagazine.it\/wp-content\/uploads\/2024\/01\/31631-1.webp",500,304,false],"meccarouselthumb":["https:\/\/imagazine.it\/wp-content\/uploads\/2024\/01\/31631-1.webp",474,288,false],"gridsquare":["https:\/\/imagazine.it\/wp-content\/uploads\/2024\/01\/31631-1.webp",391,238,false],"tileview":["https:\/\/imagazine.it\/wp-content\/uploads\/2024\/01\/31631-1.webp",300,182,false],"1536x1536":["https:\/\/imagazine.it\/wp-content\/uploads\/2024\/01\/31631-1.webp",750,456,false],"2048x2048":["https:\/\/imagazine.it\/wp-content\/uploads\/2024\/01\/31631-1.webp",750,456,false],"newsup-slider-full":["https:\/\/imagazine.it\/wp-content\/uploads\/2024\/01\/31631-1.webp",750,456,false],"newsup-featured":["https:\/\/imagazine.it\/wp-content\/uploads\/2024\/01\/31631-1.webp",750,456,false],"newsup-medium":["https:\/\/imagazine.it\/wp-content\/uploads\/2024\/01\/31631-1-720x380.webp",720,380,true],"tptn_thumbnail":["https:\/\/imagazine.it\/wp-content\/uploads\/2024\/01\/31631-1.webp",250,152,false],"sow-carousel-default":["https:\/\/imagazine.it\/wp-content\/uploads\/2024\/01\/31631-1-272x182.webp",272,182,true]},"rttpg_author":{"display_name":"redazione","author_link":"https:\/\/imagazine.it\/home_desk\/author\/redazione\/"},"rttpg_comment":0,"rttpg_category":"<a href=\"https:\/\/imagazine.it\/home_desk\/category\/attualita\/\" rel=\"category tag\">ATTUALIT\u00c0<\/a>","rttpg_excerpt":"Ricco programma di celebrazioni","_links":{"self":[{"href":"https:\/\/imagazine.it\/home_desk\/wp-json\/wp\/v2\/posts\/30346","targetHints":{"allow":["GET"]}}],"collection":[{"href":"https:\/\/imagazine.it\/home_desk\/wp-json\/wp\/v2\/posts"}],"about":[{"href":"https:\/\/imagazine.it\/home_desk\/wp-json\/wp\/v2\/types\/post"}],"author":[{"embeddable":true,"href":"https:\/\/imagazine.it\/home_desk\/wp-json\/wp\/v2\/users\/28"}],"replies":[{"embeddable":true,"href":"https:\/\/imagazine.it\/home_desk\/wp-json\/wp\/v2\/comments?post=30346"}],"version-history":[{"count":0,"href":"https:\/\/imagazine.it\/home_desk\/wp-json\/wp\/v2\/posts\/30346\/revisions"}],"wp:featuredmedia":[{"embeddable":true,"href":"https:\/\/imagazine.it\/home_desk\/wp-json\/wp\/v2\/media\/30347"}],"wp:attachment":[{"href":"https:\/\/imagazine.it\/home_desk\/wp-json\/wp\/v2\/media?parent=30346"}],"wp:term":[{"taxonomy":"category","embeddable":true,"href":"https:\/\/imagazine.it\/home_desk\/wp-json\/wp\/v2\/categories?post=30346"},{"taxonomy":"post_tag","embeddable":true,"href":"https:\/\/imagazine.it\/home_desk\/wp-json\/wp\/v2\/tags?post=30346"}],"curies":[{"name":"wp","href":"https:\/\/api.w.org\/{rel}","templated":true}]}}