{"id":30340,"date":"2019-11-11T00:00:00","date_gmt":"2019-11-10T23:00:00","guid":{"rendered":"https:\/\/imagazine.it\/?p=30340"},"modified":"2019-11-11T00:00:00","modified_gmt":"2019-11-10T23:00:00","slug":"grado-ottiene-il-marchio-qualita-comune-fiorito","status":"publish","type":"post","link":"https:\/\/imagazine.it\/home_desk\/grado-ottiene-il-marchio-qualita-comune-fiorito\/","title":{"rendered":"Grado ottiene il Marchio Qualit\u00e0 Comune Fiorito"},"content":{"rendered":"<p>Grado ha ottenuto a Pomaretto, in provincia di Torino, il &#8220;Marchio nazionale di Qualit\u00e0 &#8211; Comune Fiorito&#8221;, un riconoscimento nella direzione del miglioramento della qualit\u00e0 dell&#39;ambiente di vita che prevede oltre al criterio centrale sulla qualit\u00e0 del verde e delle fioriture la valutazione dell&#39;ambiente sostenibile, la pulizia e l&#39;ordine.<\/p>\n<p>Il marchio \u00e8 stato istituito a partire da quest&#39;anno e certifica i Comuni che hanno fatto della qualit\u00e0 dell\u2019ambiente di vita per i loro cittadini e i turisti ospiti un obiettivo amministrativo, segno di sensibilit\u00e0 sociale e di lungimiranza economica e ambientale.\u00a0<\/p>\n<p>Il concorso \u00e8 organizzato dall\u2019ASPROFLOR (ASsociazione PROduttori FLORovivaisti)\u00a0insieme a Confcooperative Piemonte, partner sia del concorso europeo \u201c<em>Entente Florale<\/em>\u201d che del concorso internazionale \u201c<em>Communities in Bloom<\/em>\u201d, in cui Grado aveva gi\u00e0 vinto rispettivamente la medaglia d\u2019oro nel 2011 e la medaglia d\u2019argento nel 2017 a Ottawa, in Canada.<\/p>\n<p><a href=\"http:\/\/imagazinevideotruck.it\/outlet\/relink.html\" target=\"_top\" rel=\"noopener\"><img loading=\"lazy\" decoding=\"async\" align=\"LEFT\" height=\"250\" src=\"http:\/\/imagazinevideotruck.it\/outlet\/outlet30.gif\" width=\"300\" alt=\"\" title=\"\"><\/a><\/p>\n<p>\u00a0<\/p>\n<p>\u00a0<\/p>\n<p>\u00a0<\/p>\n<p>\u00a0<\/p>\n<p>\u00a0<\/p>\n<p>\u00a0<\/p>\n<p>\u00a0<\/p>\n<p>\u00a0<\/p>\n<p>\u00a0<\/p>\n<p>Il Marchio di Qualit\u00e0 \u00e8 attribuito ai Comuni che nel rispetto dei criteri di valutazione ottengono un punteggio superiore a 76 punti su 100.<\/p>\n<p>Tre sono stati i macro ambiti oggetto di valutazione: azioni ed educazione ambientale (punteggio max 20\/100), ordine, pulizia e decoro urbano (punteggio max 20\/100), verde urbano \u2013 fioriture (punteggio max 60\/100).<\/p>\n<p>Grado ha ottenuto anche il\u00a0<strong>terzo posto nella categoria della \u201cCasa Fiorita\u201d<\/strong>.<\/p>\n","protected":false},"excerpt":{"rendered":"<p>Assegnato a Pomaretto<\/p>\n","protected":false},"author":28,"featured_media":30341,"comment_status":"closed","ping_status":"closed","sticky":false,"template":"","format":"standard","meta":{"dwc-title":[],"dwc-content":[],"footnotes":""},"categories":[5],"tags":[],"class_list":["post-30340","post","type-post","status-publish","format-standard","has-post-thumbnail","hentry","category-attualita"],"rttpg_featured_image_url":{"full":["https:\/\/imagazine.it\/wp-content\/uploads\/2024\/01\/31621-1.webp",750,479,false],"landscape":["https:\/\/imagazine.it\/wp-content\/uploads\/2024\/01\/31621-1.webp",750,479,false],"portraits":["https:\/\/imagazine.it\/wp-content\/uploads\/2024\/01\/31621-1.webp",750,479,false],"thumbnail":["https:\/\/imagazine.it\/wp-content\/uploads\/2024\/01\/31621-1-150x150.webp",150,150,true],"medium":["https:\/\/imagazine.it\/wp-content\/uploads\/2024\/01\/31621-1-300x192.webp",300,192,true],"large":["https:\/\/imagazine.it\/wp-content\/uploads\/2024\/01\/31621-1.webp",640,409,false],"thumblist":["https:\/\/imagazine.it\/wp-content\/uploads\/2024\/01\/31621-1.webp",300,192,false],"thumbrelated":["https:\/\/imagazine.it\/wp-content\/uploads\/2024\/01\/31621-1.webp",500,319,false],"meccarouselthumb":["https:\/\/imagazine.it\/wp-content\/uploads\/2024\/01\/31621-1.webp",474,303,false],"gridsquare":["https:\/\/imagazine.it\/wp-content\/uploads\/2024\/01\/31621-1.webp",391,250,false],"tileview":["https:\/\/imagazine.it\/wp-content\/uploads\/2024\/01\/31621-1.webp",300,192,false],"1536x1536":["https:\/\/imagazine.it\/wp-content\/uploads\/2024\/01\/31621-1.webp",750,479,false],"2048x2048":["https:\/\/imagazine.it\/wp-content\/uploads\/2024\/01\/31621-1.webp",750,479,false],"newsup-slider-full":["https:\/\/imagazine.it\/wp-content\/uploads\/2024\/01\/31621-1.webp",750,479,false],"newsup-featured":["https:\/\/imagazine.it\/wp-content\/uploads\/2024\/01\/31621-1.webp",750,479,false],"newsup-medium":["https:\/\/imagazine.it\/wp-content\/uploads\/2024\/01\/31621-1-720x380.webp",720,380,true],"tptn_thumbnail":["https:\/\/imagazine.it\/wp-content\/uploads\/2024\/01\/31621-1.webp",250,160,false],"sow-carousel-default":["https:\/\/imagazine.it\/wp-content\/uploads\/2024\/01\/31621-1-272x182.webp",272,182,true]},"rttpg_author":{"display_name":"redazione","author_link":"https:\/\/imagazine.it\/home_desk\/author\/redazione\/"},"rttpg_comment":0,"rttpg_category":"<a href=\"https:\/\/imagazine.it\/home_desk\/category\/attualita\/\" rel=\"category tag\">ATTUALIT\u00c0<\/a>","rttpg_excerpt":"Assegnato a Pomaretto","_links":{"self":[{"href":"https:\/\/imagazine.it\/home_desk\/wp-json\/wp\/v2\/posts\/30340","targetHints":{"allow":["GET"]}}],"collection":[{"href":"https:\/\/imagazine.it\/home_desk\/wp-json\/wp\/v2\/posts"}],"about":[{"href":"https:\/\/imagazine.it\/home_desk\/wp-json\/wp\/v2\/types\/post"}],"author":[{"embeddable":true,"href":"https:\/\/imagazine.it\/home_desk\/wp-json\/wp\/v2\/users\/28"}],"replies":[{"embeddable":true,"href":"https:\/\/imagazine.it\/home_desk\/wp-json\/wp\/v2\/comments?post=30340"}],"version-history":[{"count":0,"href":"https:\/\/imagazine.it\/home_desk\/wp-json\/wp\/v2\/posts\/30340\/revisions"}],"wp:featuredmedia":[{"embeddable":true,"href":"https:\/\/imagazine.it\/home_desk\/wp-json\/wp\/v2\/media\/30341"}],"wp:attachment":[{"href":"https:\/\/imagazine.it\/home_desk\/wp-json\/wp\/v2\/media?parent=30340"}],"wp:term":[{"taxonomy":"category","embeddable":true,"href":"https:\/\/imagazine.it\/home_desk\/wp-json\/wp\/v2\/categories?post=30340"},{"taxonomy":"post_tag","embeddable":true,"href":"https:\/\/imagazine.it\/home_desk\/wp-json\/wp\/v2\/tags?post=30340"}],"curies":[{"name":"wp","href":"https:\/\/api.w.org\/{rel}","templated":true}]}}