{"id":30326,"date":"2019-11-07T00:00:00","date_gmt":"2019-11-06T23:00:00","guid":{"rendered":"https:\/\/imagazine.it\/?p=30326"},"modified":"2019-11-07T00:00:00","modified_gmt":"2019-11-06T23:00:00","slug":"grado-nuovo-museo-per-il-tesoro-del-duomo","status":"publish","type":"post","link":"https:\/\/imagazine.it\/home_desk\/grado-nuovo-museo-per-il-tesoro-del-duomo\/","title":{"rendered":"Grado, nuovo museo per il Tesoro del Duomo"},"content":{"rendered":"<p>Risultato positivo dall\u2019incontro tra rappresentanti del Comune di Grado, nella persona del sindaco <strong>Dario Raugna<\/strong>, e della Diocesi di Gorizia riguardo ai reperti di propriet\u00e0 della Chiesa che verranno esposti nel costruendo museo che trover\u00e0 sede nell\u2019ex canonica in piazza Biagio Marin.<\/p>\n<p>Al centro della discussione i reperti del tesoro del Duomo, ora conservato nella Basilica Sant\u2019Eufemia, e la loro gestione in termini di sicurezza, assicurazione, restituzione per motivi legati all\u2019attivit\u00e0 liturgica, che si tradurr\u00e0 in una convenzione tra Comune e Diocesi.<\/p>\n<p>Tutti i convenuti hanno espresso la loro soddisfazione riguardo alla attivit\u00e0 progettuale che dar\u00e0 a Grado una sede museale in cui verr\u00e0 raccontata la storia della comunit\u00e0, dalle origini romane fino al periodo austroungarico, passando per il periodo del Patriarcato.<\/p>\n<p>Successivamente alla stipula della convenzione tra Comune e Diocesi, che avverr\u00e0 entro il mese di novembre, l\u2019amministrazione Raugna proceder\u00e0 con la chiusura del secondo lotto di lavori relativi gli impianti e le finiture e successivamente con l\u2019apertura del terzo lotto, che comprender\u00e0 infine gli allestimenti veri e propri tra cui quello relativo al tesoro del Duomo, che avr\u00e0 un ruolo fondamentale all\u2019interno del museo.<\/p>\n","protected":false},"excerpt":{"rendered":"<p>Accordo tra Comune e Diocesi<\/p>\n","protected":false},"author":28,"featured_media":30327,"comment_status":"closed","ping_status":"closed","sticky":false,"template":"","format":"standard","meta":{"dwc-title":[],"dwc-content":[],"footnotes":""},"categories":[37],"tags":[],"class_list":["post-30326","post","type-post","status-publish","format-standard","has-post-thumbnail","hentry","category-cultura-e-spettacolo"],"rttpg_featured_image_url":{"full":["https:\/\/imagazine.it\/wp-content\/uploads\/2024\/01\/31582-1.webp",750,445,false],"landscape":["https:\/\/imagazine.it\/wp-content\/uploads\/2024\/01\/31582-1.webp",750,445,false],"portraits":["https:\/\/imagazine.it\/wp-content\/uploads\/2024\/01\/31582-1.webp",750,445,false],"thumbnail":["https:\/\/imagazine.it\/wp-content\/uploads\/2024\/01\/31582-1-150x150.webp",150,150,true],"medium":["https:\/\/imagazine.it\/wp-content\/uploads\/2024\/01\/31582-1-300x178.webp",300,178,true],"large":["https:\/\/imagazine.it\/wp-content\/uploads\/2024\/01\/31582-1.webp",640,380,false],"thumblist":["https:\/\/imagazine.it\/wp-content\/uploads\/2024\/01\/31582-1.webp",300,178,false],"thumbrelated":["https:\/\/imagazine.it\/wp-content\/uploads\/2024\/01\/31582-1.webp",500,297,false],"meccarouselthumb":["https:\/\/imagazine.it\/wp-content\/uploads\/2024\/01\/31582-1.webp",474,281,false],"gridsquare":["https:\/\/imagazine.it\/wp-content\/uploads\/2024\/01\/31582-1.webp",391,232,false],"tileview":["https:\/\/imagazine.it\/wp-content\/uploads\/2024\/01\/31582-1.webp",300,178,false],"1536x1536":["https:\/\/imagazine.it\/wp-content\/uploads\/2024\/01\/31582-1.webp",750,445,false],"2048x2048":["https:\/\/imagazine.it\/wp-content\/uploads\/2024\/01\/31582-1.webp",750,445,false],"newsup-slider-full":["https:\/\/imagazine.it\/wp-content\/uploads\/2024\/01\/31582-1.webp",750,445,false],"newsup-featured":["https:\/\/imagazine.it\/wp-content\/uploads\/2024\/01\/31582-1.webp",750,445,false],"newsup-medium":["https:\/\/imagazine.it\/wp-content\/uploads\/2024\/01\/31582-1-720x380.webp",720,380,true],"tptn_thumbnail":["https:\/\/imagazine.it\/wp-content\/uploads\/2024\/01\/31582-1.webp",250,148,false],"sow-carousel-default":["https:\/\/imagazine.it\/wp-content\/uploads\/2024\/01\/31582-1-272x182.webp",272,182,true]},"rttpg_author":{"display_name":"redazione","author_link":"https:\/\/imagazine.it\/home_desk\/author\/redazione\/"},"rttpg_comment":0,"rttpg_category":"<a href=\"https:\/\/imagazine.it\/home_desk\/category\/cultura-e-spettacolo\/\" rel=\"category tag\">CULTURA&amp;SPETTACOLO<\/a>","rttpg_excerpt":"Accordo tra Comune e Diocesi","_links":{"self":[{"href":"https:\/\/imagazine.it\/home_desk\/wp-json\/wp\/v2\/posts\/30326","targetHints":{"allow":["GET"]}}],"collection":[{"href":"https:\/\/imagazine.it\/home_desk\/wp-json\/wp\/v2\/posts"}],"about":[{"href":"https:\/\/imagazine.it\/home_desk\/wp-json\/wp\/v2\/types\/post"}],"author":[{"embeddable":true,"href":"https:\/\/imagazine.it\/home_desk\/wp-json\/wp\/v2\/users\/28"}],"replies":[{"embeddable":true,"href":"https:\/\/imagazine.it\/home_desk\/wp-json\/wp\/v2\/comments?post=30326"}],"version-history":[{"count":0,"href":"https:\/\/imagazine.it\/home_desk\/wp-json\/wp\/v2\/posts\/30326\/revisions"}],"wp:featuredmedia":[{"embeddable":true,"href":"https:\/\/imagazine.it\/home_desk\/wp-json\/wp\/v2\/media\/30327"}],"wp:attachment":[{"href":"https:\/\/imagazine.it\/home_desk\/wp-json\/wp\/v2\/media?parent=30326"}],"wp:term":[{"taxonomy":"category","embeddable":true,"href":"https:\/\/imagazine.it\/home_desk\/wp-json\/wp\/v2\/categories?post=30326"},{"taxonomy":"post_tag","embeddable":true,"href":"https:\/\/imagazine.it\/home_desk\/wp-json\/wp\/v2\/tags?post=30326"}],"curies":[{"name":"wp","href":"https:\/\/api.w.org\/{rel}","templated":true}]}}