{"id":30324,"date":"2019-11-06T00:00:00","date_gmt":"2019-11-05T23:00:00","guid":{"rendered":"https:\/\/imagazine.it\/?p=30324"},"modified":"2019-11-06T00:00:00","modified_gmt":"2019-11-05T23:00:00","slug":"udine-e-la-germania-nuovi-scambi-grazie-alluniversita","status":"publish","type":"post","link":"https:\/\/imagazine.it\/home_desk\/udine-e-la-germania-nuovi-scambi-grazie-alluniversita\/","title":{"rendered":"Udine e la Germania, nuovi scambi grazie all&#8217;Universit\u00e0"},"content":{"rendered":"<p>\u201cSiamo molto interessati ad avere scambi diretti con questa universit\u00e0 e a intensificare quelli esistenti a livello accademico. L\u2019Universit\u00e0 di Udine \u00e8 un\u2019eccellenza e mi piacerebbe poter cooperare ancora di pi\u00f9\u201d. Cos\u00ec <strong>Viktor Elbling<\/strong>, ambasciatore della Repubblica Federale di Germania, durante l\u2019incontro con il rettore <strong>Roberto Pinton<\/strong> e la comunit\u00e0 accademica dell\u2019ateneo friulano, che vanta decenni di stretta collaborazione con atenei tedeschi nonch\u00e9 importanti e riconosciute competenze nell\u2019area germanofona.<\/p>\n<p>Marted\u00ec 5 novembre, nel corso della sua breve permanenza a Udine e in regione, l\u2019ambasciatore \u00e8 stato ospite dell\u2019ateneo a palazzo Antonini Maseri, dopo una passeggiata in citt\u00e0, accompagnato da <strong>Luigi Reitani<\/strong>, germanista, traduttore e docente dell\u2019ateneo friulano, che ha ricoperto dal 2015 al 2019 l\u2019incarico di direttore dell&#39;Istituto italiano di Cultura di Berlino e ha curato il Meridiano Mondadori dedicato a Friedrich H\u00f6lderlin.<\/p>\n<p>\u201c\u00c8 la prima volta che visito Udine \u2013 ha affermato l\u2019ambasciatore \u2013. La citt\u00e0 \u00e8 stata una bella scoperta e lo \u00e8 anche la sua universit\u00e0, cos\u00ec giovane e nata da un\u2019esperienza territoriale singolare e interessante. Ho la sensazione che in questa regione, a differenza di altri luoghi in Italia, sia meno necessario spiegare l\u2019importanza della connessione con l\u2019Europa\u201d. Pronta la riposta del rettore Pinton che, dopo aver sintetizzato la storia dell\u2019universit\u00e0 di Udine e prima di lasciare la parola a quattro docenti che hanno evidenziato le collaborazioni e i punti di forza dell\u2019ateneo nell\u2019ambito delle sinergie accademiche con la Germania, ha evidenziato la volont\u00e0 di \u201capprofondire e rendere pi\u00f9 proficue le collaborazioni con le universit\u00e0 tedesche con l\u2019obiettivo di formare i nostri giovani\u201d.<\/p>\n<p><strong>Antonella Riem<\/strong>, direttrice del dipartimento di Lingue e letterature, comunicazione, formazione e societ\u00e0 ha ricordato come la facolt\u00e0 di Lingue sia stata la prima ad essere istituita nel neonato ateneo di Udine, per 12 anni in vetta alle classifiche delle facolt\u00e0 di Lingue in Italia e tuttora in ottime posizioni, forse grazie al fatto che \u201cquesta regione, terra di attraversamenti, \u00e8 di conseguenza una terra di molte lingue, tra cui quella tedesca\u201d.<\/p>\n<p>Sono 77 gli accordi stipulati dall\u2019ateneo friulano con le universit\u00e0 tedesche per favorire la mobilit\u00e0 studentesca in tutti gli ambiti, 135 gli studenti (di cui 24 frequentanti lauree a doppio titolo) che hanno trascorso un periodo di studio in un\u2019universit\u00e0 tedesca negli ultimi tre anni accademici, 55 gli studenti che hanno svolto un tirocinio in imprese tedesche, 66 gli accordi con aziende tedesche in particolare a Monaco, Berlino, Francoforte e Norimberga, 700 le pubblicazioni scientifiche scritte con docenti tedeschi e 24 i progetti congiunti presentati negli ultimi tre anni, in particolare nei settori agri-food e medico: dopo aver elencato come i numerosi accordi che Udine ha sviluppato con le universit\u00e0 tedesche lascino ben sperare circa il futuro, <strong>Giorgio Alberti<\/strong>, delegato all\u2019Internazionalizzazione, ha evidenziato come \u201cil rapporto con l\u2019Ambasciata tedesca sar\u00e0 fondamentale per rafforzare le collaborazioni in atto e individuarne di nuove\u201d.<\/p>\n<p><a href=\"http:\/\/imagazinevideotruck.it\/outlet\/relink.html\" target=\"_top\" rel=\"noopener\"><img loading=\"lazy\" decoding=\"async\" align=\"LEFT\" height=\"250\" src=\"http:\/\/imagazinevideotruck.it\/outlet\/outlet30.gif\" width=\"300\" alt=\"\" title=\"\"><\/a><\/p>\n<p>\u00a0<\/p>\n<p>\u00a0<\/p>\n<p>\u00a0<\/p>\n<p>\u00a0<\/p>\n<p>\u00a0<\/p>\n<p>\u00a0<\/p>\n<p>\u00a0<\/p>\n<p>\u00a0<\/p>\n<p>\u00a0<\/p>\n<p>Soltanto nei corsi di laurea in Lingue, gli accordi di mobilit\u00e0 di studio con universit\u00e0 tedesche sono 31, da Jena a Tubinga, da Berlino a Monaco, come ha ricordato <strong>Elena Polledri<\/strong>, germanista dell\u2019Universit\u00e0 di Udine e vincitrice della XV edizione del premio Ladislao Mittner, dedicato alla letteratura tedesca, per il suo impegno nel dialogo italo-tedesco nella didattica e nella ricerca, che ha guardato soprattutto al futuro. \u201cIl nostro auspicio sarebbe che il semestre tedesco fosse integrato e imprescindibile nel curriculum degli studenti di lingue, gi\u00e0 dalla laurea triennale, mentre sul fronte delle lauree magistrali stiamo progettando un nuovo curriculum magistrale binazionale per fare in modo che studiare a Udine significhi sempre di pi\u00f9 studiare in Europa\u201d.<\/p>\n<p>Infine, <strong>Enrico Peterlunger<\/strong>, referente ai rapporti internazionali dei corsi di laurea relativi alla\u00a0 Viticoltura ed enologia, ha ricordato l\u2019ormai ventennale collaborazione con la Germania nell\u2019ambito della viticoltura ed enologia: nel 1999 venne firmata una convenzione con il Fachbereich Weinbau Oenologie e l\u2019istituto agrario di San Michele all\u2019Adige per il doppio titolo in viticoltura ed enologia (il primo doppio titolo europeo di una facolt\u00e0 di Agraria italiana), nel 2004 iniziarono i contatti per il master in viticoltura ed enologia fra diverse universit\u00e0 europee tra cui la Hochschule Geisenheim University, infine nel 2012 l\u2019accordo per il doppio titolo della laurea magistrale in viticoltura ed enologia fra le universit\u00e0 di Udine, Torino e Geisenheim.<\/p>\n","protected":false},"excerpt":{"rendered":"<p>L\u2019ambasciatore tedesco in visita in citt\u00e0<\/p>\n","protected":false},"author":28,"featured_media":30325,"comment_status":"closed","ping_status":"closed","sticky":false,"template":"","format":"standard","meta":{"dwc-title":[],"dwc-content":[],"footnotes":""},"categories":[5],"tags":[],"class_list":["post-30324","post","type-post","status-publish","format-standard","has-post-thumbnail","hentry","category-attualita"],"rttpg_featured_image_url":{"full":["https:\/\/imagazine.it\/wp-content\/uploads\/2024\/01\/31569-1.webp",750,501,false],"landscape":["https:\/\/imagazine.it\/wp-content\/uploads\/2024\/01\/31569-1.webp",750,501,false],"portraits":["https:\/\/imagazine.it\/wp-content\/uploads\/2024\/01\/31569-1.webp",750,501,false],"thumbnail":["https:\/\/imagazine.it\/wp-content\/uploads\/2024\/01\/31569-1-150x150.webp",150,150,true],"medium":["https:\/\/imagazine.it\/wp-content\/uploads\/2024\/01\/31569-1-300x200.webp",300,200,true],"large":["https:\/\/imagazine.it\/wp-content\/uploads\/2024\/01\/31569-1.webp",640,428,false],"thumblist":["https:\/\/imagazine.it\/wp-content\/uploads\/2024\/01\/31569-1.webp",300,200,false],"thumbrelated":["https:\/\/imagazine.it\/wp-content\/uploads\/2024\/01\/31569-1.webp",500,334,false],"meccarouselthumb":["https:\/\/imagazine.it\/wp-content\/uploads\/2024\/01\/31569-1.webp",474,317,false],"gridsquare":["https:\/\/imagazine.it\/wp-content\/uploads\/2024\/01\/31569-1.webp",389,260,false],"tileview":["https:\/\/imagazine.it\/wp-content\/uploads\/2024\/01\/31569-1.webp",300,200,false],"1536x1536":["https:\/\/imagazine.it\/wp-content\/uploads\/2024\/01\/31569-1.webp",750,501,false],"2048x2048":["https:\/\/imagazine.it\/wp-content\/uploads\/2024\/01\/31569-1.webp",750,501,false],"newsup-slider-full":["https:\/\/imagazine.it\/wp-content\/uploads\/2024\/01\/31569-1.webp",750,501,false],"newsup-featured":["https:\/\/imagazine.it\/wp-content\/uploads\/2024\/01\/31569-1.webp",750,501,false],"newsup-medium":["https:\/\/imagazine.it\/wp-content\/uploads\/2024\/01\/31569-1-720x380.webp",720,380,true],"tptn_thumbnail":["https:\/\/imagazine.it\/wp-content\/uploads\/2024\/01\/31569-1.webp",250,167,false],"sow-carousel-default":["https:\/\/imagazine.it\/wp-content\/uploads\/2024\/01\/31569-1-272x182.webp",272,182,true]},"rttpg_author":{"display_name":"redazione","author_link":"https:\/\/imagazine.it\/home_desk\/author\/redazione\/"},"rttpg_comment":0,"rttpg_category":"<a href=\"https:\/\/imagazine.it\/home_desk\/category\/attualita\/\" rel=\"category tag\">ATTUALIT\u00c0<\/a>","rttpg_excerpt":"L\u2019ambasciatore tedesco in visita in citt\u00e0","_links":{"self":[{"href":"https:\/\/imagazine.it\/home_desk\/wp-json\/wp\/v2\/posts\/30324","targetHints":{"allow":["GET"]}}],"collection":[{"href":"https:\/\/imagazine.it\/home_desk\/wp-json\/wp\/v2\/posts"}],"about":[{"href":"https:\/\/imagazine.it\/home_desk\/wp-json\/wp\/v2\/types\/post"}],"author":[{"embeddable":true,"href":"https:\/\/imagazine.it\/home_desk\/wp-json\/wp\/v2\/users\/28"}],"replies":[{"embeddable":true,"href":"https:\/\/imagazine.it\/home_desk\/wp-json\/wp\/v2\/comments?post=30324"}],"version-history":[{"count":0,"href":"https:\/\/imagazine.it\/home_desk\/wp-json\/wp\/v2\/posts\/30324\/revisions"}],"wp:featuredmedia":[{"embeddable":true,"href":"https:\/\/imagazine.it\/home_desk\/wp-json\/wp\/v2\/media\/30325"}],"wp:attachment":[{"href":"https:\/\/imagazine.it\/home_desk\/wp-json\/wp\/v2\/media?parent=30324"}],"wp:term":[{"taxonomy":"category","embeddable":true,"href":"https:\/\/imagazine.it\/home_desk\/wp-json\/wp\/v2\/categories?post=30324"},{"taxonomy":"post_tag","embeddable":true,"href":"https:\/\/imagazine.it\/home_desk\/wp-json\/wp\/v2\/tags?post=30324"}],"curies":[{"name":"wp","href":"https:\/\/api.w.org\/{rel}","templated":true}]}}